{"id":43187,"date":"2022-09-14T14:58:27","date_gmt":"2022-09-14T19:58:27","guid":{"rendered":"https:\/\/radiozapatista.org\/?p=43187"},"modified":"2022-09-14T14:58:27","modified_gmt":"2022-09-14T19:58:27","slug":"pueblos-indigenas-registran-mas-del-40-de-desplazamientos-forzados-en-mexico","status":"publish","type":"post","link":"https:\/\/radiozapatista.org\/?p=43187","title":{"rendered":"Pueblos ind\u00edgenas registran m\u00e1s del 40% de desplazamientos forzados en M\u00e9xico"},"content":{"rendered":"<p>Fuente: <a href=\"https:\/\/avispa.org\/pueblos-indigenas-registran-mas-del-40-de-desplazamientos-forzados-en-mexico\/\">Avispa Midia<\/a><\/p>\n<p>Por Sare Frabes<\/p>\n<div class=\"tdb-block-inner td-fix-index\">\n<p><em>En portada: <\/em><em>9,741 personas fueron obligadas a abandonar sus hogares<\/em><em> durante 2020 cuando se registraron<\/em><em> 24 episodios de desplazamiento forzado, con 25 municipios afectados. <\/em><em>Foto: <\/em><em>Cuartoscuro<\/em><em>.<\/em><\/p>\n<p>Este martes (13), Cecilia Jimenez-Damary, relatora especial de la Organizaci\u00f3n de las Naciones Unidas (ONU) sobre los derechos humanos de los desplazados internos, present\u00f3 sus observaciones preliminares tras la visita que realiz\u00f3 a M\u00e9xico entre el 29 de agosto y 9 de septiembre pasado.<\/p>\n<p>Entre los hallazgos que destaca la relatora se encuentra que m\u00e1s del 40% de los casos de desplazamiento forzado registrados en el a\u00f1o 2020 afectaron a las comunidades originarias. Aunado a ello, Jimenez-Damary resalt\u00f3 su preocupaci\u00f3n ante la ausencia de perspectiva intercultural y de g\u00e9nero en la atenci\u00f3n a mujeres ind\u00edgenas desplazadas.<\/p>\n<p class=\"has-vivid-cyan-blue-color has-text-color\"><a href=\"https:\/\/avispa.org\/denuncian-violencia-armada-e-institucional-contra-pueblos-indigenas-de-mexico\/\" target=\"_blank\" rel=\"noreferrer noopener\">Te puede interesar \u2013 Denuncian violencia armada e institucional contra pueblos ind\u00edgenas de M\u00e9xico<\/a><\/p>\n<p>Durante su visita a M\u00e9xico, la relatora escuch\u00f3 testimonios de personas desplazadas sobre la dificultad para acceder de manera oportuna al registro de v\u00edctimas, a nivel nacional y estatal, por los retos para obtener la \u201ccalidad de v\u00edctima\u201d, debido a que a nivel federal y en la mayor\u00eda de los estados el desplazamiento arbitrario no est\u00e1 tipificado como delito.<\/p>\n<p>Jimenez-Damary recibi\u00f3 informaci\u00f3n que dicho estatus solo es reconocido por las autoridades hasta que exista una recomendaci\u00f3n por parte de organismos aut\u00f3nomos de derechos humanos. \u201cLo anterior, impide que las personas desplazadas internas accedan oportunamente a los servicios de atenci\u00f3n que como v\u00edctimas deben ser proporcionados por la Comisi\u00f3n Ejecutiva de Atenci\u00f3n a V\u00edctimas (CEAV) y sus hom\u00f3logas\u201d, enfatiz\u00f3 la relatora.<\/p>\n<p>De acuerdo a las observaciones de la funcionaria de la ONU, existe un enorme porcentaje de personas desplazadas internas que no acuden a las autoridades para presentar denuncias debido a la desconfianza en las autoridades o al temor a las represalias del crimen organizado. \u201cPor lo tanto, es esencial que el reconocimiento de quienes son desplazados internos no se limite \u00fanicamente a los reconocidos jur\u00eddicamente como tales por estos mecanismos, sino tambi\u00e9n a los que no se acogen a ellos o no lo hacen\u201d.<\/p>\n<figure class=\"wp-block-image size-full\"><a class=\"td-modal-image\" href=\"https:\/\/avispa.org\/wp-content\/uploads\/2022\/02\/Amenaza-conflicto-con-desplazar-a-ma\u0301s-3-mil-indi\u0301genas-de-Aldama-3.jpg\"><img loading=\"lazy\" decoding=\"async\" class=\"wp-image-48249\" src=\"https:\/\/avispa.org\/wp-content\/uploads\/2022\/02\/Amenaza-conflicto-con-desplazar-a-ma\u0301s-3-mil-indi\u0301genas-de-Aldama-3.jpg\" sizes=\"auto, (max-width: 1020px) 100vw, 1020px\" srcset=\"https:\/\/avispa.org\/wp-content\/uploads\/2022\/02\/Amenaza-conflicto-con-desplazar-a-ma\u0301s-3-mil-indi\u0301genas-de-Aldama-3.jpg 1020w, https:\/\/avispa.org\/wp-content\/uploads\/2022\/02\/Amenaza-conflicto-con-desplazar-a-ma\u0301s-3-mil-indi\u0301genas-de-Aldama-3-300x225.jpg 300w, https:\/\/avispa.org\/wp-content\/uploads\/2022\/02\/Amenaza-conflicto-con-desplazar-a-ma\u0301s-3-mil-indi\u0301genas-de-Aldama-3-768x576.jpg 768w, https:\/\/avispa.org\/wp-content\/uploads\/2022\/02\/Amenaza-conflicto-con-desplazar-a-ma\u0301s-3-mil-indi\u0301genas-de-Aldama-3-696x522.jpg 696w, https:\/\/avispa.org\/wp-content\/uploads\/2022\/02\/Amenaza-conflicto-con-desplazar-a-ma\u0301s-3-mil-indi\u0301genas-de-Aldama-3-560x420.jpg 560w, https:\/\/avispa.org\/wp-content\/uploads\/2022\/02\/Amenaza-conflicto-con-desplazar-a-ma\u0301s-3-mil-indi\u0301genas-de-Aldama-3-80x60.jpg 80w, https:\/\/avispa.org\/wp-content\/uploads\/2022\/02\/Amenaza-conflicto-con-desplazar-a-ma\u0301s-3-mil-indi\u0301genas-de-Aldama-3-265x198.jpg 265w\" alt=\"\" width=\"1020\" height=\"765\" \/><\/a><figcaption><em><sup>Amenaza conflicto con desplazar a ma\u0301s de 3 mil indi\u0301genas de Aldama, Chiapas. Foto: Jeny Pascacio<\/sup><\/em><\/figcaption><\/figure>\n<p>Por ello, entre los puntos que aborda la relatora se encuentra la solicitud al gobierno federal, con car\u00e1cter de urgente, para la creaci\u00f3n de un registro de v\u00edctimas de desplazamiento interno, tanto a nivel nacional como estatal. \u201c\u00c9ste no solo debe incluir a quienes han sido reconocidos legalmente, sino tambi\u00e9n a quienes no cuentan con ese reconocimiento legal, pero son desplazadas\u00a0<em>de facto<\/em>\u201d, declar\u00f3 Jimenez-Damary.<\/p>\n<p>De acuerdo a la relatora, la creaci\u00f3n de dicho registro permitir\u00e1 la asignaci\u00f3n de presupuesto suficiente para la atenci\u00f3n integral a las v\u00edctimas de desplazamiento forzado al interior de M\u00e9xico. \u201cEl registro no debe otorgar un estatus legal, pero debe tener el prop\u00f3sito de\u00a0facilitar la protecci\u00f3n y la asistencia humanitaria<strong>\u00a0<\/strong>de acuerdo con las necesidades individuales y colectivas de las personas desplazadas internas\u201d, recalc\u00f3.<\/p>\n<h3 id=\"h-la-visita\" class=\"has-black-color has-text-color\"><strong>La visita<\/strong><\/h3>\n<p>El objetivo principal de la visita de Jimenez-Damary fue evaluar la situaci\u00f3n de los derechos humanos de las personas desplazadas internas en el pa\u00eds debido a factores como la violencia, los conflictos agrarios, proyectos de desarrollo, la miner\u00eda, tala ilegal, desastres ambientales, entre otros. As\u00ed, la relatora escuch\u00f3 a v\u00edctimas de las comunidades afectadas en los estados de Chiapas, Chihuahua, Ciudad de M\u00e9xico y Guerrero.<\/p>\n<p>La relatora subraya los testimonios sobre los impactos del desplazamiento en mujeres, migrantes, familiares de personas desaparecidas, miembros de pueblos y comunidades ind\u00edgenas, periodistas, personas defensoras de derechos humanos y miembros de la comunidad LGBTI.<\/p>\n<p class=\"has-vivid-cyan-blue-color has-text-color\"><a href=\"https:\/\/avispa.org\/chiapas-amenaza-conflicto-con-desplazar-a-mas-3-mil-indigenas-de-aldama\/\" target=\"_blank\" rel=\"noreferrer noopener\">Te puede interesar &#8211; Chiapas: Amenaza conflicto con desplazar a m\u00e1s 3 mil ind\u00edgenas de Aldama<\/a><\/p>\n<p>\u201cEl desplazamiento interno debido a la violencia o los desastres ha existido desde hace mucho tiempo en M\u00e9xico, aunque haya sido recientemente reconocido,\u201d mencion\u00f3 Jimenez-Damary en referencia a que fue hasta el a\u00f1o 2019 cuando las autoridades mexicanas reconocieron la existencia del desplazamiento interno en el pa\u00eds.<\/p>\n<p>\u201cM\u00e9xico no cuenta todav\u00eda con cifras nacionales oficiales, con informaci\u00f3n desagregada, que nos permitan conocer la magnitud del desplazamiento interno en el pa\u00eds, as\u00ed como los distintos perfiles de las personas desplazadas\u201d, destac\u00f3 la relatora, quien durante su visita se reuni\u00f3 con funcionarios federales y estatales, as\u00ed como con organizaciones de la sociedad civil, defensores de derechos humanos y agencias de la ONU y otras organizaciones internacionales.<\/p>\n<h3 class=\"has-black-color has-text-color\"><strong>El caso Chiapas<\/strong><\/h3>\n<p>En el contexto de su visita, organizaciones nacionales e internacionales de derechos humanos como el Centro de Derechos Humanos Fray Bartolom\u00e9 de las Casas (CDH Frayba) y el Indigenous Peoples Rights International (IPRI), compartieron un informe para la relatora de la ONU mediante el cual destacaron que desde 2010 se ha documentado el desplazamiento de 14 mil 476 personas en Chiapas.<\/p>\n<p>\u201cRecientemente, la presencia del crimen organizado ha aumentado de manera exponencial y, con ello, un creciente tr\u00e1fico de armas, robo de autos, tr\u00e1fico y trata de personas, siembra y trasiego de drogas, control territorial mediante la imposici\u00f3n del terror en las comunidades, que ha provocado tambi\u00e9n que cientos de personas huyan de sus hogares\u201d, resaltan las organizaciones defensoras de derechos humanos.<\/p>\n<p>Mediante el informe enfatizan que el Estado no ha efectuado acciones para diagnosticar las causas de este fen\u00f3meno y menos a\u00fan para erradicarlo. \u201cPor el contrario, las acciones y discursos oficiales parecen negar que exista un patr\u00f3n grave de desplazamiento forzado en Chiapas y tratan el fen\u00f3meno como asuntos aislados\u201d, denunciaron las organizaciones.<\/p>\n<figure class=\"wp-block-image size-large is-resized\"><a class=\"td-modal-image\" href=\"https:\/\/avispa.org\/wp-content\/uploads\/2020\/12\/despllazados-aldama-sipaz-1024x628.jpg\"><img loading=\"lazy\" decoding=\"async\" class=\"wp-image-34473\" src=\"https:\/\/avispa.org\/wp-content\/uploads\/2020\/12\/despllazados-aldama-sipaz-1024x628.jpg\" sizes=\"auto, (max-width: 696px) 100vw, 696px\" srcset=\"https:\/\/avispa.org\/wp-content\/uploads\/2020\/12\/despllazados-aldama-sipaz-1024x628.jpg 1024w, https:\/\/avispa.org\/wp-content\/uploads\/2020\/12\/despllazados-aldama-sipaz-300x184.jpg 300w, https:\/\/avispa.org\/wp-content\/uploads\/2020\/12\/despllazados-aldama-sipaz-768x471.jpg 768w, https:\/\/avispa.org\/wp-content\/uploads\/2020\/12\/despllazados-aldama-sipaz-696x427.jpg 696w, https:\/\/avispa.org\/wp-content\/uploads\/2020\/12\/despllazados-aldama-sipaz-1068x655.jpg 1068w, https:\/\/avispa.org\/wp-content\/uploads\/2020\/12\/despllazados-aldama-sipaz-685x420.jpg 685w, https:\/\/avispa.org\/wp-content\/uploads\/2020\/12\/despllazados-aldama-sipaz.jpg 1200w\" alt=\"\" width=\"696\" height=\"426\" \/><\/a><figcaption><em><sup>Familias desplazadas de Aldama, Chiapas. Foto: Sipaz<\/sup><\/em><\/figcaption><\/figure>\n<p>Tambi\u00e9n destacaron que las mujeres est\u00e1n expuestas al acoso, la violaci\u00f3n y tortura sexual como formas de violencia directa por parte diversos actores, quienes las despojan, persiguen, criminalizan y encarcelan. \u201cSe enfrentan tambi\u00e9n al Estado Mis\u00f3gino que las ignora, las discrimina y las priva de los derechos de protecci\u00f3n, asistencia humanitaria y reparaci\u00f3n integral del da\u00f1o\u201d, subrayaron.<\/p>\n<p class=\"has-vivid-cyan-blue-color has-text-color\"><a href=\"https:\/\/avispa.org\/imparable-violencia-en-chiapas-aumentan-muertes-de-infantes-por-conflictos\/\" target=\"_blank\" rel=\"noreferrer noopener\">Te puede interesar &#8211; Imparable violencia en Chiapas; aumentan muertes de infantes por conflictos<\/a><\/p>\n<p>Acerca de la situaci\u00f3n de la ni\u00f1ez, las organizaciones se\u00f1alaron que no existen datos oficiales respecto al desplazamiento para este sector de la poblaci\u00f3n, pero \u201cse calcula que tres de cada diez de las personas en condici\u00f3n de desplazamiento son ni\u00f1as, ni\u00f1os y adolescentes, entre 4 mil 400 y 5 mil 500 de poblaci\u00f3n total\u201d.<\/p>\n<p>Ante esta situaci\u00f3n, las organizaciones sugieren a la relatora Cecilia Jim\u00e9nez-Damaray a que exija al Estado mexicano respetar los derechos colectivos de los pueblos ind\u00edgenas, en particular lo referente al derecho al territorio y a la autonom\u00eda; implementar un mecanismo que garantice el respeto de principios rectores para los desplazamientos forzados, con medidas de sanci\u00f3n en caso de incumplimientos, y cumplir con la Ley de Desplazamiento Forzado para el estado de Chiapas, entre otros puntos.<\/p>\n<p>El informe completo sobre la visita de la relatora especial de la ONU se presentar\u00e1 al Consejo de Derechos Humanos en junio del 2023.<\/p>\n<\/div>\n<p><\/p>","protected":false},"excerpt":{"rendered":"<p>Fuente: Avispa Midia Por Sare Frabes En portada: 9,741 personas fueron obligadas a abandonar sus hogares durante 2020 cuando se registraron 24 episodios de desplazamiento forzado, con 25 municipios afectados. Foto: Cuartoscuro. Este martes (13), Cecilia Jimenez-Damary, relatora especial de la Organizaci\u00f3n de las Naciones Unidas (ONU) sobre los derechos humanos de los desplazados internos, [&hellip;]<\/p>\n","protected":false},"author":21,"featured_media":43188,"comment_status":"open","ping_status":"closed","sticky":false,"template":"","format":"standard","meta":{"footnotes":""},"categories":[957,51,6,826,958,954,935],"tags":[917,58,782,53,567,147,23,545,87,148,27,483],"class_list":["post-43187","post","type-post","status-publish","format-standard","has-post-thumbnail","hentry","category-autonomia","category-autor","category-chiapas","category-medios-libres-2","category-megaproyectos","category-mexico","category-temas","tag-chiapas","tag-derechos-humanos","tag-desplazamiento-forzado","tag-justicia","tag-megaproyectos","tag-militarizacion","tag-paramilitares","tag-pueblos-indigenas","tag-represion","tag-resistencia","tag-solidaridad","tag-tierra-y-territorio"],"_links":{"self":[{"href":"https:\/\/radiozapatista.org\/index.php?rest_route=\/wp\/v2\/posts\/43187","targetHints":{"allow":["GET"]}}],"collection":[{"href":"https:\/\/radiozapatista.org\/index.php?rest_route=\/wp\/v2\/posts"}],"about":[{"href":"https:\/\/radiozapatista.org\/index.php?rest_route=\/wp\/v2\/types\/post"}],"author":[{"embeddable":true,"href":"https:\/\/radiozapatista.org\/index.php?rest_route=\/wp\/v2\/users\/21"}],"replies":[{"embeddable":true,"href":"https:\/\/radiozapatista.org\/index.php?rest_route=%2Fwp%2Fv2%2Fcomments&post=43187"}],"version-history":[{"count":1,"href":"https:\/\/radiozapatista.org\/index.php?rest_route=\/wp\/v2\/posts\/43187\/revisions"}],"predecessor-version":[{"id":43189,"href":"https:\/\/radiozapatista.org\/index.php?rest_route=\/wp\/v2\/posts\/43187\/revisions\/43189"}],"wp:featuredmedia":[{"embeddable":true,"href":"https:\/\/radiozapatista.org\/index.php?rest_route=\/wp\/v2\/media\/43188"}],"wp:attachment":[{"href":"https:\/\/radiozapatista.org\/index.php?rest_route=%2Fwp%2Fv2%2Fmedia&parent=43187"}],"wp:term":[{"taxonomy":"category","embeddable":true,"href":"https:\/\/radiozapatista.org\/index.php?rest_route=%2Fwp%2Fv2%2Fcategories&post=43187"},{"taxonomy":"post_tag","embeddable":true,"href":"https:\/\/radiozapatista.org\/index.php?rest_route=%2Fwp%2Fv2%2Ftags&post=43187"}],"curies":[{"name":"wp","href":"https:\/\/api.w.org\/{rel}","templated":true}]}}