{"id":43093,"date":"2022-08-30T15:11:09","date_gmt":"2022-08-30T20:11:09","guid":{"rendered":"https:\/\/radiozapatista.org\/?p=43093"},"modified":"2022-08-30T15:11:09","modified_gmt":"2022-08-30T20:11:09","slug":"palestino-cumple-180-dias-en-huelga-de-hambre-mil-presos-se-suman-a-protesta","status":"publish","type":"post","link":"https:\/\/radiozapatista.org\/?p=43093","title":{"rendered":"Palestino cumple 180 d\u00edas en huelga de hambre; mil presos se suman a protesta"},"content":{"rendered":"<p>Fuente: <a href=\"https:\/\/avispa.org\/palestino-cumple-180-dias-en-huelga-de-hambre-mil-presos-se-suman-a-protesta\/\">Avispa Midia<\/a><\/p>\n<p>Por \u00d1ani Pinto<\/p>\n<div class=\"tdb-block-inner td-fix-index\">\n<p><em>En portada: Manifestantes se re\u00fanen con una bandera palestina ante el hospital de Be&#8217;er Yaakov donde se encuentra Khalil Awawdeh, preso pol\u00edtico en huelga de hambre.<\/em><\/p>\n<p>Este lunes (29) marc\u00f3 el cumplimiento del d\u00eda 180 en la huelga de hambre realizada por Khalil Awawdeh, palestino encarcelado sin cargos ni juicio en virtud de la \u201cdetenci\u00f3n administrativa\u201d israel\u00ed.<\/p>\n<div class=\"wp-block-image\">\n<figure class=\"alignleft size-medium\"><a class=\"td-modal-image\" href=\"https:\/\/avispa.org\/wp-content\/uploads\/2022\/08\/Awawdeh-Huelga-Hambre-225x300.jpg\"><img loading=\"lazy\" decoding=\"async\" class=\"wp-image-89303 td-animation-stack-type0-2\" src=\"https:\/\/avispa.org\/wp-content\/uploads\/2022\/08\/Awawdeh-Huelga-Hambre-225x300.jpg\" sizes=\"auto, (max-width: 225px) 100vw, 225px\" srcset=\"https:\/\/avispa.org\/wp-content\/uploads\/2022\/08\/Awawdeh-Huelga-Hambre-225x300.jpg 225w, https:\/\/avispa.org\/wp-content\/uploads\/2022\/08\/Awawdeh-Huelga-Hambre-314x420.jpg 314w, https:\/\/avispa.org\/wp-content\/uploads\/2022\/08\/Awawdeh-Huelga-Hambre.jpg 676w\" alt=\"\" width=\"225\" height=\"300\" \/><\/a><figcaption><em><sup>Awawdeh tras cumplir seis meses en huelga de hambre exigiendo su libertad.<\/sup><\/em><\/figcaption><\/figure>\n<\/div>\n<p>La apariencia del fr\u00e1gil cuerpo de Awawdeh, casi un esqueleto tras seis meses de huelga de hambre, ha provocado indignaci\u00f3n y demandas de acci\u00f3n para su inmediata liberaci\u00f3n. Awawdeh, padre de cuatro hijos, originario de la aldea ocupada de Cisjordania de Idna, cerca de Hebr\u00f3n, es uno de los aproximadamente 700 detenidos administrativos de un total de casi 5,000 presos pol\u00edticos palestinos.<\/p>\n<p class=\"has-vivid-cyan-blue-color has-text-color\"><a href=\"https:\/\/avispa.org\/organizaciones-llaman-a-desmantelar-el-sistema-apartheid-israeli-contra-palestina\/\" target=\"_blank\" rel=\"noreferrer noopener\">Te puede interesar &#8211; Organizaciones llaman a desmantelar el sistema apartheid israel\u00ed contra Palestina<\/a><\/p>\n<p>Estos presos permanecen en reclusi\u00f3n bajo las \u00f3rdenes de \u201cdetenci\u00f3n administrativa\u201d israel\u00ed, las cuales se dictan para un m\u00e1ximo de seis meses sin posibilidad de apelaci\u00f3n ni de saber qu\u00e9 acusaciones se formulan contra los detenidos. Esta figura, cuya renovaci\u00f3n es indefinida, se utiliza con frecuencia contra los l\u00edderes y organizadores de la comunidad palestina por lo que existe una campa\u00f1a creciente para terminar con dicha pol\u00edtica.<\/p>\n<p>Desde hace 22 d\u00edas, los hermanos Ahmad y Adel Musa se unieron a Awawdeh en huelga de hambre contra su detenci\u00f3n administrativa. Adem\u00e1s, este martes (30), el movimiento Cautivos Palestinos anunci\u00f3 que 1,000 prisioneros iniciar\u00e1n una huelga de hambre el pr\u00f3ximo jueves (1) como parte de una campa\u00f1a de escalada contra la represi\u00f3n violenta israel\u00ed y el despojo de sus derechos m\u00e1s b\u00e1sicos.<\/p>\n<h3 id=\"h-vidas-en-riesgo\" class=\"has-black-color has-text-color\"><strong>Vidas en riesgo<\/strong><\/h3>\n<p>Awawdeh se ha comprometido a continuar su huelga de hambre hasta la libertad y mediante un mensaje en video destaco la lucha por justicia de la causa palestina.<\/p>\n<p>\u201cEste cuerpo sufriente, del que no queda m\u00e1s que piel y huesos, no refleja una debilidad y vulnerabilidad del pueblo palestino, sino que es un espejo que refleja la verdadera cara de la ocupaci\u00f3n, que se proclama \u2018estado democr\u00e1tico\u2019, en el momento en que mantiene a un preso sin cargos en la brutal detenci\u00f3n administrativa, diciendo con su cuerpo y su sangre: \u00a1No a la detenci\u00f3n administrativa!\u201d, declar\u00f3.<\/p>\n<p class=\"has-vivid-cyan-blue-color has-text-color\"><a href=\"https:\/\/avispa.org\/civiles-y-ninos-pagan-por-el-bombardeo-de-israel-hacia-palestina\/\" target=\"_blank\" rel=\"noreferrer noopener\">Te puede interesar &#8211; Civiles y ni\u00f1os pagan por el bombardeo de Israel hacia Palestina<\/a><\/p>\n<p>Por su parte, la Red de Solidaridad con los Presos Palestinos de Samidoun convoc\u00f3 a realizar protestas para exigir la liberaci\u00f3n inmediata de Khalil Awawdeh y de todos los presos palestinos en las c\u00e1rceles de ocupaci\u00f3n israel\u00edes.<\/p>\n<figure class=\"wp-block-image size-full\"><a class=\"td-modal-image\" href=\"https:\/\/avispa.org\/wp-content\/uploads\/2022\/08\/prisioneros-politicos.jpg\"><img loading=\"lazy\" decoding=\"async\" class=\"wp-image-89305 td-animation-stack-type0-2\" src=\"https:\/\/avispa.org\/wp-content\/uploads\/2022\/08\/prisioneros-politicos.jpg\" sizes=\"auto, (max-width: 800px) 100vw, 800px\" srcset=\"https:\/\/avispa.org\/wp-content\/uploads\/2022\/08\/prisioneros-politicos.jpg 800w, https:\/\/avispa.org\/wp-content\/uploads\/2022\/08\/prisioneros-politicos-300x200.jpg 300w, https:\/\/avispa.org\/wp-content\/uploads\/2022\/08\/prisioneros-politicos-768x512.jpg 768w, https:\/\/avispa.org\/wp-content\/uploads\/2022\/08\/prisioneros-politicos-696x464.jpg 696w, https:\/\/avispa.org\/wp-content\/uploads\/2022\/08\/prisioneros-politicos-630x420.jpg 630w\" alt=\"\" width=\"800\" height=\"533\" \/><\/a><figcaption><em><sup>Palestinos permanecen como presos pol\u00edticos del r\u00e9gimen israel\u00ed<\/sup><\/em><\/figcaption><\/figure>\n<p>Los tribunales militares de ocupaci\u00f3n israel\u00edes ya han denegado las apelaciones de Awawdeh en m\u00faltiples ocasiones, pero han programado otra vista de su caso para este martes (30). Muchos presos palestinos han recurrido a huelgas de hambre para protestar contra esta pol\u00edtica en el pasado para con ello forzar su liberaci\u00f3n.<\/p>\n<\/div>\n<p><\/p>","protected":false},"excerpt":{"rendered":"<p>Fuente: Avispa Midia Por \u00d1ani Pinto En portada: Manifestantes se re\u00fanen con una bandera palestina ante el hospital de Be&#8217;er Yaakov donde se encuentra Khalil Awawdeh, preso pol\u00edtico en huelga de hambre. Este lunes (29) marc\u00f3 el cumplimiento del d\u00eda 180 en la huelga de hambre realizada por Khalil Awawdeh, palestino encarcelado sin cargos ni [&hellip;]<\/p>\n","protected":false},"author":21,"featured_media":43094,"comment_status":"open","ping_status":"closed","sticky":false,"template":"","format":"standard","meta":{"footnotes":""},"categories":[957,51,826,953,935],"tags":[79,58,53,147,112,37,87,148,27,483],"class_list":["post-43093","post","type-post","status-publish","format-standard","has-post-thumbnail","hentry","category-autonomia","category-autor","category-medios-libres-2","category-mundo","category-temas","tag-autonomia","tag-derechos-humanos","tag-justicia","tag-militarizacion","tag-palestina","tag-presos-politicos","tag-represion","tag-resistencia","tag-solidaridad","tag-tierra-y-territorio"],"_links":{"self":[{"href":"https:\/\/radiozapatista.org\/index.php?rest_route=\/wp\/v2\/posts\/43093","targetHints":{"allow":["GET"]}}],"collection":[{"href":"https:\/\/radiozapatista.org\/index.php?rest_route=\/wp\/v2\/posts"}],"about":[{"href":"https:\/\/radiozapatista.org\/index.php?rest_route=\/wp\/v2\/types\/post"}],"author":[{"embeddable":true,"href":"https:\/\/radiozapatista.org\/index.php?rest_route=\/wp\/v2\/users\/21"}],"replies":[{"embeddable":true,"href":"https:\/\/radiozapatista.org\/index.php?rest_route=%2Fwp%2Fv2%2Fcomments&post=43093"}],"version-history":[{"count":1,"href":"https:\/\/radiozapatista.org\/index.php?rest_route=\/wp\/v2\/posts\/43093\/revisions"}],"predecessor-version":[{"id":43095,"href":"https:\/\/radiozapatista.org\/index.php?rest_route=\/wp\/v2\/posts\/43093\/revisions\/43095"}],"wp:featuredmedia":[{"embeddable":true,"href":"https:\/\/radiozapatista.org\/index.php?rest_route=\/wp\/v2\/media\/43094"}],"wp:attachment":[{"href":"https:\/\/radiozapatista.org\/index.php?rest_route=%2Fwp%2Fv2%2Fmedia&parent=43093"}],"wp:term":[{"taxonomy":"category","embeddable":true,"href":"https:\/\/radiozapatista.org\/index.php?rest_route=%2Fwp%2Fv2%2Fcategories&post=43093"},{"taxonomy":"post_tag","embeddable":true,"href":"https:\/\/radiozapatista.org\/index.php?rest_route=%2Fwp%2Fv2%2Ftags&post=43093"}],"curies":[{"name":"wp","href":"https:\/\/api.w.org\/{rel}","templated":true}]}}