{"id":43082,"date":"2022-08-25T23:34:31","date_gmt":"2022-08-26T04:34:31","guid":{"rendered":"https:\/\/radiozapatista.org\/?p=43082"},"modified":"2022-08-25T23:38:46","modified_gmt":"2022-08-26T04:38:46","slug":"comunicado-de-la-mision-civil-de-observacion-sexta-en-acompanamiento-a-las-comunidades-del-cipog-ez-en-la-montana-baja-de-guerrero","status":"publish","type":"post","link":"https:\/\/radiozapatista.org\/?p=43082","title":{"rendered":"Comunicado de la Misi\u00f3n Civil de Observaci\u00f3n Sexta en acompa\u00f1amiento a las comunidades del CIPOG-EZ en la Monta\u00f1a Baja de Guerrero"},"content":{"rendered":"<p><\/p>\n<div class=\"post-content-container\">\n<div class=\"post-content entry-content cf\">\n<p>Al Ej\u00e9rcito Zapatista de Liberaci\u00f3n Nacional<br \/>\nAl Congreso Nacional Ind\u00edgena-Concejo Ind\u00edgena de Gobierno<br \/>\nA los Centros de Derechos Humanos<br \/>\nA las Redes de Resistencia y Rebeld\u00eda<br \/>\nA la Sexta Nacional e Internacional<br \/>\na las organizaciones solidarias<br \/>\nA los Medios de Comunicaci\u00f3n<\/p>\n<p>\u201cPorque, como lo dijeron una y otra vez el CIG y la vocera Marichuy, nuestro horizonte no termina el 1 de julio del 2018 ni se circunscribe s\u00f3lo a M\u00e9xico. La resistencia, la rebeld\u00eda y el empe\u00f1o de construir un mundo donde quepan muchos mundos es internacional y no se limita ni por los calendarios ni por las<br \/>\ngeograf\u00edas de quienes all\u00e1 arriba nos explotan, nos desprecian, nos roban y nos destruyen\u201d.<\/p>\n<p>\u201cCONVOCATORIA AL SIGUIENTE PASO EN LA LUCHA\u201d.<br \/>\nEZLN<\/p>\n<p>Hace un a\u00f1o como Misi\u00f3n Civil de Observaci\u00f3n Sexta (MCO-Sexta), constituida por diversas colectividades, documentamos las violaciones a los derechos humanos en las comunidades del CIPOG-EZ, CNI-CIG, de la Monta\u00f1a Baja de Guerrero; de esta documentaci\u00f3n, elaboramos el informe CR\u00cdMENES DE LESA HUMANIDAD Y VIOLACIONES GRAVES A LOS DERECHOS HUMANOS CONTRA LAS COMUNIDADES IND\u00cdGENAS DEL CIPOG-EZ, CNI-CIG. Hicimos las denuncias en las distintas instancias judiciales y en los distintos organismos de los Derechos Humanos del pa\u00eds, en la Corte Interamericana de Derechos Humanos, llegando hasta la ONU. Sin embargo, a pesar de que la ONU ha hecho recomendaciones al Estado mexicano, \u00e9ste mantiene su posici\u00f3n de desprecio hacia las comunidades del CIPOG-EZ y por lo tanto, la violencia de los grupos narco-paramilitares se mantiene por la complicidad del Estado y sus jefes los saqueadores capitalistas.<\/p>\n<p>Es por esta situaci\u00f3n que decidimos mantener nuestro acompa\u00f1amiento en el proceso de denuncia a las agresiones que sufren sus comunidades y de acompa\u00f1amiento en sus procesos de construcci\u00f3n comunitaria. El d\u00eda s\u00e1bado 27 de agosto en la comunidad de Alcozac\u00e1n los pueblos del CIPOG-EZ, iniciar\u00e1n la \u201cCampa\u00f1a de solidaridad y recaudaci\u00f3n para las RADIOS ORGANIZANDO LA LUCHA POR LA AUTONOM\u00cdA (R-OLA), \u201cla voz de la memoria, la voz de los sin voz\u201d para la monta\u00f1a de Guerrero\u201d, por lo que estaremos viajando a las comunidades del CIPOG-EZ los d\u00edas 26, 27, 28, 29 y 30 de agosto. Les pedimos estar atentos a la iniciativa que el CIPOG-EZ anunciar\u00e1 y a participar en ella, para fortalecer la organizaci\u00f3n en sus comunidades.<\/p>\n<p>Llamamos a los centros de derechos humanos, a los medios de comunicaci\u00f3n, a las organizaciones y colectivos solidarios, a la Sexta Nacional e Internacional, a estar atentos y atentas al caminar de la MCO-Sexta, que viajar\u00e1 nuevamente a la Monta\u00f1a Baja de Guerrero y que a sus modos y formas llamen a los 3 niveles de gobierno a garantizar la seguridad de la MCO-Sexta.<\/p>\n<p>Demandamos a los 3 niveles de gobierno que garanticen la seguridad de la Misi\u00f3n Civil de Observaci\u00f3n Sexta en su paso por los caminos del pa\u00eds, sepan que estaremos siendo monitoreados por organizaciones nacionales e internacionales, por lo que de llegar a suceder algo extraordinario, responsabilizamos directamente al Estado Mexicano y al gobierno del Estado de Guerrero.<\/p>\n<\/div>\n<\/div>\n<p><\/p>","protected":false},"excerpt":{"rendered":"<p>Al Ej\u00e9rcito Zapatista de Liberaci\u00f3n Nacional Al Congreso Nacional Ind\u00edgena-Concejo Ind\u00edgena de Gobierno A los Centros de Derechos Humanos A las Redes de Resistencia y Rebeld\u00eda A la Sexta Nacional e Internacional a las organizaciones solidarias A los Medios de Comunicaci\u00f3n \u201cPorque, como lo dijeron una y otra vez el CIG y la vocera Marichuy, [&hellip;]<\/p>\n","protected":false},"author":21,"featured_media":43083,"comment_status":"open","ping_status":"closed","sticky":false,"template":"","format":"standard","meta":{"footnotes":""},"categories":[957,51,956,826,958,954,935],"tags":[79,58,77,53,567,147,23,545,87,148,27,483],"class_list":["post-43082","post","type-post","status-publish","format-standard","has-post-thumbnail","hentry","category-autonomia","category-autor","category-sexta","category-medios-libres-2","category-megaproyectos","category-mexico","category-temas","tag-autonomia","tag-derechos-humanos","tag-guerrero","tag-justicia","tag-megaproyectos","tag-militarizacion","tag-paramilitares","tag-pueblos-indigenas","tag-represion","tag-resistencia","tag-solidaridad","tag-tierra-y-territorio"],"_links":{"self":[{"href":"https:\/\/radiozapatista.org\/index.php?rest_route=\/wp\/v2\/posts\/43082","targetHints":{"allow":["GET"]}}],"collection":[{"href":"https:\/\/radiozapatista.org\/index.php?rest_route=\/wp\/v2\/posts"}],"about":[{"href":"https:\/\/radiozapatista.org\/index.php?rest_route=\/wp\/v2\/types\/post"}],"author":[{"embeddable":true,"href":"https:\/\/radiozapatista.org\/index.php?rest_route=\/wp\/v2\/users\/21"}],"replies":[{"embeddable":true,"href":"https:\/\/radiozapatista.org\/index.php?rest_route=%2Fwp%2Fv2%2Fcomments&post=43082"}],"version-history":[{"count":2,"href":"https:\/\/radiozapatista.org\/index.php?rest_route=\/wp\/v2\/posts\/43082\/revisions"}],"predecessor-version":[{"id":43085,"href":"https:\/\/radiozapatista.org\/index.php?rest_route=\/wp\/v2\/posts\/43082\/revisions\/43085"}],"wp:featuredmedia":[{"embeddable":true,"href":"https:\/\/radiozapatista.org\/index.php?rest_route=\/wp\/v2\/media\/43083"}],"wp:attachment":[{"href":"https:\/\/radiozapatista.org\/index.php?rest_route=%2Fwp%2Fv2%2Fmedia&parent=43082"}],"wp:term":[{"taxonomy":"category","embeddable":true,"href":"https:\/\/radiozapatista.org\/index.php?rest_route=%2Fwp%2Fv2%2Fcategories&post=43082"},{"taxonomy":"post_tag","embeddable":true,"href":"https:\/\/radiozapatista.org\/index.php?rest_route=%2Fwp%2Fv2%2Ftags&post=43082"}],"curies":[{"name":"wp","href":"https:\/\/api.w.org\/{rel}","templated":true}]}}