{"id":43056,"date":"2022-08-22T15:26:35","date_gmt":"2022-08-22T20:26:35","guid":{"rendered":"https:\/\/radiozapatista.org\/?p=43056"},"modified":"2022-08-22T15:26:35","modified_gmt":"2022-08-22T20:26:35","slug":"oaxaca-la-contradiccion-de-la-justicia-indolente-presente-en-eloxochitlan-de-flores-magon","status":"publish","type":"post","link":"https:\/\/radiozapatista.org\/?p=43056","title":{"rendered":"Oaxaca | La contradicci\u00f3n de la justicia indolente presente en Eloxochitl\u00e1n de Flores Mag\u00f3n"},"content":{"rendered":"<p>22\/08\/2022.<br \/>\n50 a\u00f1os, medio siglo, es la pena que le han impuesto nuevamente a nuestro compa\u00f1ero Miguel \u00c1ngel Peralta Betanzos, originario de Eloxochitl\u00e1n de Flores Mag\u00f3n Oaxaca, tras la revocaci\u00f3n de la sentencia de libertad que obtuvo el 14 de octubre de 2019, despu\u00e9s de haber estado\u00a0 en prisi\u00f3n pol\u00edtica por cuatro a\u00f1os, cinco meses, catorce d\u00edas.<br \/>\nEl pasado 4 de marzo de 2021, la Tercera Sala Penal del Tribunal\u00a0 Superior de Justicia del Estado de Oaxaca, por una apelaci\u00f3n a la\u00a0 sentencia de libertad interpuesta por el Agente del Ministerio P\u00fablico del Juzgado Mixto de Primera Instancia de Huautla de Jim\u00e9nez, impuso una\u00a0\u00a0 sentencia condenatoria de segunda instancia, por los dos delitos que le han fabricado a Miguel desde diciembre de 2014; Homicidio calificado con las agravantes de premeditaci\u00f3n y ventaja, y Tentativa de Homicidio con la agravante de ventaja por la Causa Penal 02\/2015.<\/p>\n<p>Con dicha resoluci\u00f3n, ordena al Juzgado Mixto de Primera Instancia girar\u00a0 una orden de reaprehensi\u00f3n para privarlo de su libertad en cualquier prisi\u00f3n de Oaxaca que tenga cupo, por la condena de 50 a\u00f1os.\u00a0 Incongruente e indolente llamarle \u201cTribunal de Justicia\u201d, cuando lo que prevalece en sus Salas es la impunidad y la intromisi\u00f3n de otros poderes. Hoy nos preguntamos una vez m\u00e1s: \u00bfbajo que elementos jur\u00eddicos,\u00a0 teniendo m\u00e1s de 24 resoluciones judiciales, incluyendo resoluciones de\u00a0 ese mismo tribunal, en favor de las 35 personas se\u00f1aladas en el\u00a0 expediente, por uno u otro delito, sea Miguel el \u00fanico al que le revoquen\u00a0 su libertad, le reafirmen los dos delitos que le han fabricado y le\u00a0 condenen a prisi\u00f3n con una pena de medio siglo? No existe una sola\u00a0 prueba judicial consistente dentro del expediente, pero s\u00ed la prueba\u00a0 pol\u00edtica de un castigo ejemplar ante la defensa comunitaria y la\u00a0 autodeterminaci\u00f3n.<\/p>\n<p>Ya desde el d\u00eda en que se gan\u00f3 su libertad en 2019, gracias a una lucha\u00a0 pol\u00edtica y jur\u00eddica, los se\u00f1alamientos hacia su persona por parte del\u00a0 gobernador de Oaxaca, Alejandro Murat y por la entonces diputada local\u00a0 por MORENA y expresidenta de la Comisi\u00f3n Permanente de\u00a0 Administraci\u00f3n y Justicia de la LXIV Legistlatura de Oaxaca, Elisa\u00a0 Zepeda Lagunas, se hicieron visibles. Evidenciando con ello que tanto el\u00a0 poder ejecutivo como el legislativo del estado de Oaxaca, hab\u00edan enviado\u00a0 una carta a quien en ese a\u00f1o era la Presidenta del Tribunal para\u00a0 la \u201crevisi\u00f3n del caso\u201d ante su inconformidad por la libertad, es decir,\u00a0 mostraron una vez m\u00e1s la intromisi\u00f3n en el aparato judicial, desde su\u00a0 posici\u00f3n de poder.<\/p>\n<p>No suficiente con esa intromisi\u00f3n, el 29 de octubre de 2019, 42 diputados\u00a0 y diputadas de MORENA y el Partido del Trabajo del\u00a0 Congreso Federal, firmaron un \u201cpunto de acuerdo\u201d en el que violentan\u00a0 una vez m\u00e1s el debido proceso de Miguel, al validar la versi\u00f3n p\u00fablica de\u00a0 Elisa Zepeda, por su cargo como diputada, sin fundamentos jur\u00eddicos\u00a0 conforme al expediente y cuestionan descaradamente una resoluci\u00f3n\u00a0 judicial sin conocimiento de la Causa Penal 02\/2015, ya que lo se\u00f1alan\u00a0 de hechos que no constan en ninguno de los tomos. Con la nueva\u00a0 sentencia en contra de nuestro compa\u00f1ero al condenarle a 50 a\u00f1os de\u00a0 prisi\u00f3n y el uso del aparato legislativo y ejecutivo por parte del partido\u00a0 que sostiene el poder en M\u00e9xico, se est\u00e1 reafirmando la persecuci\u00f3n\u00a0 pol\u00edtica que se ejerce hacia Miguel y las personas ind\u00edgenas que\u00a0 defienden sus propias formas de organizaci\u00f3n frente a un sistema de\u00a0 partidos pol\u00edticos que ostentan los grupos caciquiles en Oaxaca, en\u00a0 complicidad con el sistema de justicia estatal y nacional. Quienes en\u00a0 conjunto, ya le arrebataron cuatro a\u00f1os de su libertad y ahora intentan\u00a0 quit\u00e1rsela por 50 a\u00f1os.<\/p>\n<p>A su salida, Miguel continu\u00f3 denunciando la fabricaci\u00f3n de delitos y el\u00a0 injusto encarcelamiento de sus siete compa\u00f1eros presos de Eloxochitl\u00e1n,\u00a0 as\u00ed como de quienes a\u00fan tienen \u00f3rdenes de aprehensi\u00f3n. Esto le ha\u00a0 llevado a seguir siendo criminalizado, por el hecho de no callar y\u00a0 denunciar los abusos de poder de un grupo caciquil que ha reprimido a su\u00a0 comunidad por m\u00e1s de 10 a\u00f1os, y que finalmente han logrado la\u00a0 ruptura del tejido comunitario, la desintegraci\u00f3n de familias, el\u00a0 desplazamiento forzado, la persecuci\u00f3n con \u00f3rdenes de aprehensi\u00f3n y el\u00a0 encarcelamiento por la fabricaci\u00f3n de delitos. Miguel junto con sus\u00a0 compa\u00f1eros contin\u00faan presos y perseguidos por un conflicto social y\u00a0 pol\u00edtico que a trav\u00e9s del castigo judicial con penas como la que le han\u00a0 impuesto nuevamente, como lo son 50 a\u00f1os de prisi\u00f3n, que sin pruebas,\u00a0 con testigos que se contradicen, que son inconsistentes o que incluso\u00a0 niegan haber declarado, pretenden la inmovilidad y el silencio. Es por\u00a0 ello, que les hacemos un llamado a su solidaridad que nos ha venido\u00a0 acompa\u00f1ando durante todos estos a\u00f1os, para que se pronuncien en contra\u00a0 de la sentencia de 50 a\u00f1os y la persecuci\u00f3n en contra de Miguel\u00a0 por parte del r\u00e9gimen partidista en el poder, y la posible reaprehensi\u00f3n,\u00a0 as\u00ed como por la libertad inmediata de los siete presos pol\u00edticos de\u00a0 Eloxochitl\u00e1n y el cese de las \u00f3rdenes de aprehensi\u00f3n de los desplazados\u00a0 por el mismo conflicto.<\/p>\n<p>Les pedimos est\u00e9n atentas y atentos a cualquier\u00a0 intento de detenci\u00f3n o da\u00f1o a la integridad de Miguel, de su familia y de sus abogados. Porque\u00a0 no es menor decir que los se\u00f1alamientos que se han hecho en su contra,\u00a0 provienen de una ex diputada del partido en el poder y quien actualmente\u00a0 forma parte del equipo del gobernador electo en Oaxaca por\u00a0 MORENA. Ante el contexto de impunidad y criminalizaci\u00f3n que se\u00a0 vive en Oaxaca y en el pa\u00eds en general, responzabilizamos a Elisa Zepeda\u00a0 Lagunas, a su padre Manuel Zepeda Cort\u00e9s y a su grupo\u00a0 caciquil-partidista, de la persecuci\u00f3n pol\u00edtica y actos de hostigamiento y\u00a0 represi\u00f3n que se han desatado en contra de Miguel con esta nueva\u00a0 sentencia. \u00a1Los a\u00f1os de condena reflejan la sa\u00f1a con la que se persigue a\u00a0 quienes luchan, pero tambi\u00e9n nos llenan de rabia y coraje para no desistir!<\/p>\n<p>Alto a la persecuci\u00f3n pol\u00edtica! Abajo los muros de las prisiones!<br \/>\nPresxs A la calle!! #Libres Ya!!<br \/>\nGrupo de apoyo en solidaridad con Miguel Peralta Betanzos<\/p>","protected":false},"excerpt":{"rendered":"<p>22\/08\/2022. 50 a\u00f1os, medio siglo, es la pena que le han impuesto nuevamente a nuestro compa\u00f1ero Miguel \u00c1ngel Peralta Betanzos, originario de Eloxochitl\u00e1n de Flores Mag\u00f3n Oaxaca, tras la revocaci\u00f3n de la sentencia de libertad que obtuvo el 14 de octubre de 2019, despu\u00e9s de haber estado\u00a0 en prisi\u00f3n pol\u00edtica por cuatro a\u00f1os, cinco meses, [&hellip;]<\/p>\n","protected":false},"author":21,"featured_media":0,"comment_status":"open","ping_status":"closed","sticky":false,"template":"","format":"standard","meta":{"footnotes":""},"categories":[957,51,826,954,183,962,935],"tags":[79,58,53,147,918,37,545,87,148,27,483],"class_list":["post-43056","post","type-post","status-publish","format-standard","hentry","category-autonomia","category-autor","category-medios-libres-2","category-mexico","category-blog","category-presos","category-temas","tag-autonomia","tag-derechos-humanos","tag-justicia","tag-militarizacion","tag-oaxaca","tag-presos-politicos","tag-pueblos-indigenas","tag-represion","tag-resistencia","tag-solidaridad","tag-tierra-y-territorio"],"_links":{"self":[{"href":"https:\/\/radiozapatista.org\/index.php?rest_route=\/wp\/v2\/posts\/43056","targetHints":{"allow":["GET"]}}],"collection":[{"href":"https:\/\/radiozapatista.org\/index.php?rest_route=\/wp\/v2\/posts"}],"about":[{"href":"https:\/\/radiozapatista.org\/index.php?rest_route=\/wp\/v2\/types\/post"}],"author":[{"embeddable":true,"href":"https:\/\/radiozapatista.org\/index.php?rest_route=\/wp\/v2\/users\/21"}],"replies":[{"embeddable":true,"href":"https:\/\/radiozapatista.org\/index.php?rest_route=%2Fwp%2Fv2%2Fcomments&post=43056"}],"version-history":[{"count":1,"href":"https:\/\/radiozapatista.org\/index.php?rest_route=\/wp\/v2\/posts\/43056\/revisions"}],"predecessor-version":[{"id":43057,"href":"https:\/\/radiozapatista.org\/index.php?rest_route=\/wp\/v2\/posts\/43056\/revisions\/43057"}],"wp:attachment":[{"href":"https:\/\/radiozapatista.org\/index.php?rest_route=%2Fwp%2Fv2%2Fmedia&parent=43056"}],"wp:term":[{"taxonomy":"category","embeddable":true,"href":"https:\/\/radiozapatista.org\/index.php?rest_route=%2Fwp%2Fv2%2Fcategories&post=43056"},{"taxonomy":"post_tag","embeddable":true,"href":"https:\/\/radiozapatista.org\/index.php?rest_route=%2Fwp%2Fv2%2Ftags&post=43056"}],"curies":[{"name":"wp","href":"https:\/\/api.w.org\/{rel}","templated":true}]}}