{"id":42985,"date":"2022-08-10T19:08:47","date_gmt":"2022-08-11T00:08:47","guid":{"rendered":"https:\/\/radiozapatista.org\/?p=42985"},"modified":"2022-08-10T19:08:47","modified_gmt":"2022-08-11T00:08:47","slug":"el-extractivismo-en-argentina-tiene-directa-relacion-con-la-deuda-externa","status":"publish","type":"post","link":"https:\/\/radiozapatista.org\/?p=42985","title":{"rendered":"El extractivismo en Argentina tiene directa relaci\u00f3n con la deuda externa"},"content":{"rendered":"<p>Fuente: <a href=\"https:\/\/avispa.org\/el-extractivismo-en-argentina-tiene-directa-relacion-con-la-deuda-externa\/\">Avispa Midia<\/a><\/p>\n<div class=\"tdb-block-inner td-fix-index\">\n<p><em><sup>Por Dar\u00edo Aranda \/ Foto de portada: Hern\u00e1n Vitenberg<\/sup><\/em><\/p>\n<p>El gobierno de R\u00edo Negro dio en concesi\u00f3n a empresas mineras m\u00e1s de 50 mil hect\u00e1reas, donde se incluyen territorios de comunidades mapuches. Fallos judiciales cruzados \u2014que llegaron hasta la Corte Suprema\u2014, una movilizaci\u00f3n hist\u00f3rica de pueblos ind\u00edgenas y la decisi\u00f3n de no dejar pasar a las empresas extractivas.<\/p>\n<hr class=\"wp-block-separator has-alpha-channel-opacity\" \/>\n<p>Compa\u00f1\u00edas extractivas, el Poder Judicial y el gobierno de R\u00edo Negro, de un lado. Del otro, comunidad mapuches con posesi\u00f3n territorial centenaria. Es el contexto de fallos judiciales cruzados, cierre de tranqueras y una marcha hist\u00f3rica sobre Viedma. \u201cHemos logrado organizarnos, desde las comunidades, para enfrentar a petroleras, mineras, forestales y los negociados inmobiliarios. Sabemos que el extractivismo en Argentina tiene directa relaci\u00f3n con la deuda externa y nos vamos a permitir que esa deuda se pague con nuestros territorios\u201d, afirm\u00f3 Orlando Carriqueo, de la Coordinadora del Parlamento Mapuche Tehuelche.<\/p>\n<p>En julio de 2021 las comunidades mapuches de R\u00edo Negro se enteraron por los medios de comunicaci\u00f3n que el gobierno provincial, mediante la Secretar\u00eda de Miner\u00eda, hab\u00eda otorgado permisos de exploraci\u00f3n sobre m\u00e1s de 50 mil hect\u00e1reas a la empresa Ivael Mining Sociedad An\u00f3nima. De inmediato, y como sucede a lo largo del pa\u00eds, exigieron que se cumplan los derechos vigentes, entre ellos el establecido en el Convenio 169 de la OIT (que en Argentina tiene rango supralegal, por encima de normativas locales). Intentaron di\u00e1logos con el Gobierno pero no dio respuesta.<\/p>\n<p>Comenzaron un proceso de varios trawn (reuniones de comunidades, que incluye ceremonias y participaci\u00f3n de werkenes y lonkos). Decidieron el \u201ccierre de tranqueras a las mineras\u201d y siete comunidades recurrieron al Poder Judicial. Presentaron un amparo donde denunciaban la vulneraci\u00f3n de las leyes que protegen los derechos ind\u00edgenas.<\/p>\n<div class=\"wp-block-image\">\n<figure class=\"aligncenter size-full\"><a class=\"td-modal-image\" href=\"https:\/\/avispa.org\/wp-content\/uploads\/2022\/08\/mapuche-contra-megamineria-03-1024x683-1.jpg\"><img loading=\"lazy\" decoding=\"async\" class=\"wp-image-88987 td-animation-stack-type0-2\" src=\"https:\/\/avispa.org\/wp-content\/uploads\/2022\/08\/mapuche-contra-megamineria-03-1024x683-1.jpg\" sizes=\"auto, (max-width: 1024px) 100vw, 1024px\" srcset=\"https:\/\/avispa.org\/wp-content\/uploads\/2022\/08\/mapuche-contra-megamineria-03-1024x683-1.jpg 1024w, https:\/\/avispa.org\/wp-content\/uploads\/2022\/08\/mapuche-contra-megamineria-03-1024x683-1-300x200.jpg 300w, https:\/\/avispa.org\/wp-content\/uploads\/2022\/08\/mapuche-contra-megamineria-03-1024x683-1-768x512.jpg 768w, https:\/\/avispa.org\/wp-content\/uploads\/2022\/08\/mapuche-contra-megamineria-03-1024x683-1-696x464.jpg 696w, https:\/\/avispa.org\/wp-content\/uploads\/2022\/08\/mapuche-contra-megamineria-03-1024x683-1-630x420.jpg 630w\" alt=\"\" width=\"1024\" height=\"683\" \/><\/a><figcaption><em><sup>Foto: Jaime Gustavo Carriqueo<\/sup><\/em><\/figcaption><\/figure>\n<\/div>\n<p>Fundamentalmente el derecho al consentimiento y a la consulta libre, previa e informada. Tambi\u00e9n alertaron sobre el riesgo ambiental que significan las mineras y recordaron la vigencia de la Ley General del Ambiente (25.675).<\/p>\n<p>En febrero de 2022, el juez Marcelo Muscillo dict\u00f3 una medida cautelar en l\u00ednea con los pedidos de las comunidades originarias. \u201cSe proh\u00edben las tareas de exploraci\u00f3n, prospecci\u00f3n, cateo y\/o explotaci\u00f3n minera como as\u00ed tambi\u00e9n el ingreso de nuevos permisionarios dentro de los territorios ind\u00edgenas\u201d, destac\u00f3.<\/p>\n<p>El gobierno de R\u00edo Negro, a trav\u00e9s de la Fiscal\u00eda de Estado, apel\u00f3 de inmediato. En mayo, el Superior Tribunal de Justicia (con los votos de Liliana Piccinini, Ricardo Apcarian y Sergio Ceci) revoc\u00f3 la medida cautelar (no resolvi\u00f3 el amparo), lo que signific\u00f3 un paso adelante para la magaminer\u00eda y el gobierno de Arabela Carreras.<\/p>\n<p>Las comunidades mapuches apelaron a la Corte Suprema de Justicia de Naci\u00f3n (que no tiene plazo para resolver). En paralelo, el Pueblo Mapuche organiz\u00f3 una hist\u00f3rica marcha el 10 de junio, a Viedma. \u201cIgkalei\u00f1 Tai\u00f1 Mapu (en defensa del territorio)\u201d, se pod\u00eda leer en la bandera que encabezaba la manifestaci\u00f3n por las calles de la capital provincial. Hac\u00eda muchos a\u00f1os que las comunidades mapuches no se hac\u00edan presente de esa forma, masiva, en Viedma.<\/p>\n<p>Hicieron cientos de kil\u00f3metros para explicitar la injusticia donde atiende el poder. Realizaron paradas en lugares emblem\u00e1ticos que favorecen el extractivismo: el Poder Judicial, la Legislatura, la Direcci\u00f3n de Tierras, la Casa de Gobierno y el Superior Tribunal de Justicia.<\/p>\n<p>Mar\u00eda Cona Torres es \u201cpillan cushe (mujer mayor con mucha sabidur\u00eda)\u201d. Fue una de las voces que se escuch\u00f3, micr\u00f3fono en mano, durante la movilizaci\u00f3n. Al hablar intercalaba mapuzungun con espa\u00f1ol. \u201cEn pandemia nos dec\u00edan que nos quedemos en casa, mientras en nuestro territorios avanzaban las mineras y nos robaban la tierra. Pero ac\u00e1 estamos, fuertes, aunque nos traten de \u2018indios ignorantes\u2019 por no saber leer o escribir, sabemos que tenemos derechos y sabemos que la miner\u00eda es da\u00f1o para el agua, da\u00f1o para la tierra y da\u00f1o para nosotros\u201d, afirm\u00f3. Denunci\u00f3 que el Gobierno no quiere escuchar: \u201cLa gobernadora (Arabela Carreras) nos cierra la puerta en la cara. Que sepa que queremos ser libres para vivir como lo marca nuestra cultura y nuestros derechos\u201d.<\/p>\n<p>Orlando Carriqueo es vocero de la Coordinadora del Parlamento Mapuche Tehuelche. \u201cHay discusiones centrales que estamos dando en R\u00edo Negro gracias a que nos hemos organizado. Nos enfrentamos al poder pol\u00edtico provincial y nacional, a las mineras y dem\u00e1s proyectos extractivos\u201d, explic\u00f3 Carriqueo y realiz\u00f3 un v\u00ednculo entre el presente y el pasado: \u201cLa historia de la Argentina demuestra que hay situaciones que no est\u00e1n resueltas, por ejemplo que no se reconoce el genocidio que sufrimos y que hoy sigue habiendo avances sobre las comunidades, tanto mapuches como de otros pueblos originarios del pa\u00eds\u201d.<\/p>\n<div class=\"wp-block-image\">\n<figure class=\"aligncenter size-full\"><a class=\"td-modal-image\" href=\"https:\/\/avispa.org\/wp-content\/uploads\/2022\/08\/mapuche-contra-megamineria-02-1024x683-1.jpg\"><img loading=\"lazy\" decoding=\"async\" class=\"wp-image-88986 td-animation-stack-type0-2\" src=\"https:\/\/avispa.org\/wp-content\/uploads\/2022\/08\/mapuche-contra-megamineria-02-1024x683-1.jpg\" sizes=\"auto, (max-width: 1024px) 100vw, 1024px\" srcset=\"https:\/\/avispa.org\/wp-content\/uploads\/2022\/08\/mapuche-contra-megamineria-02-1024x683-1.jpg 1024w, https:\/\/avispa.org\/wp-content\/uploads\/2022\/08\/mapuche-contra-megamineria-02-1024x683-1-300x200.jpg 300w, https:\/\/avispa.org\/wp-content\/uploads\/2022\/08\/mapuche-contra-megamineria-02-1024x683-1-768x512.jpg 768w, https:\/\/avispa.org\/wp-content\/uploads\/2022\/08\/mapuche-contra-megamineria-02-1024x683-1-696x464.jpg 696w, https:\/\/avispa.org\/wp-content\/uploads\/2022\/08\/mapuche-contra-megamineria-02-1024x683-1-630x420.jpg 630w\" alt=\"\" width=\"1024\" height=\"683\" \/><\/a><figcaption><em><sup>Foto: Hern\u00e1n Vitenberg<\/sup><\/em><\/figcaption><\/figure>\n<\/div>\n<p>Otro debate, y conflicto, reciente se origin\u00f3 por el proyecto de \u201chidr\u00f3geno verde\u201d, que incluye a la minera australiana <em>Fortescue Metals Group<\/em> y la cesi\u00f3n (por parte del gobierno provincial) de 625 mil hect\u00e1reas en la meseta de Somuncur\u00e1. \u201cEn esa zona hay al menos 32 comunidades mapuches afectadas, a las que se vulneran sus derechos\u201d, explic\u00f3 Carriqueo. El 14 de junio emitieron un comunicado conjunto, destinado a la gobernador Arabela Carreras: \u201cNos dirigimos a usted con el fin de hacerles llegar nuestra inquietud y preocupaci\u00f3n como pobladores de la meseta de Somuncur\u00e1. Reclamamos la consulta previa, libre e informada de las comunidades ancestrales y de los habitantes que se encuentran viviendo en el territorio\u201d. Recordaron que dentro de las 625 mil hect\u00e1reas \u201cest\u00e1 incluida un \u00e1rea natural protegida y patrimonio ancestral mapuche\u201d.<\/p>\n<\/div>\n<p><\/p>","protected":false},"excerpt":{"rendered":"<p>Fuente: Avispa Midia Por Dar\u00edo Aranda \/ Foto de portada: Hern\u00e1n Vitenberg El gobierno de R\u00edo Negro dio en concesi\u00f3n a empresas mineras m\u00e1s de 50 mil hect\u00e1reas, donde se incluyen territorios de comunidades mapuches. Fallos judiciales cruzados \u2014que llegaron hasta la Corte Suprema\u2014, una movilizaci\u00f3n hist\u00f3rica de pueblos ind\u00edgenas y la decisi\u00f3n de no [&hellip;]<\/p>\n","protected":false},"author":21,"featured_media":42986,"comment_status":"open","ping_status":"closed","sticky":false,"template":"","format":"standard","meta":{"footnotes":""},"categories":[957,51,1284,826,958,935],"tags":[79,58,1305,567,147,37,545,87,148,27,483,1242],"class_list":["post-42985","post","type-post","status-publish","format-standard","has-post-thumbnail","hentry","category-autonomia","category-autor","category-latinoamerica","category-medios-libres-2","category-megaproyectos","category-temas","tag-autonomia","tag-derechos-humanos","tag-latinoamerica","tag-megaproyectos","tag-militarizacion","tag-presos-politicos","tag-pueblos-indigenas","tag-represion","tag-resistencia","tag-solidaridad","tag-tierra-y-territorio","tag-wallmapu"],"_links":{"self":[{"href":"https:\/\/radiozapatista.org\/index.php?rest_route=\/wp\/v2\/posts\/42985","targetHints":{"allow":["GET"]}}],"collection":[{"href":"https:\/\/radiozapatista.org\/index.php?rest_route=\/wp\/v2\/posts"}],"about":[{"href":"https:\/\/radiozapatista.org\/index.php?rest_route=\/wp\/v2\/types\/post"}],"author":[{"embeddable":true,"href":"https:\/\/radiozapatista.org\/index.php?rest_route=\/wp\/v2\/users\/21"}],"replies":[{"embeddable":true,"href":"https:\/\/radiozapatista.org\/index.php?rest_route=%2Fwp%2Fv2%2Fcomments&post=42985"}],"version-history":[{"count":1,"href":"https:\/\/radiozapatista.org\/index.php?rest_route=\/wp\/v2\/posts\/42985\/revisions"}],"predecessor-version":[{"id":42987,"href":"https:\/\/radiozapatista.org\/index.php?rest_route=\/wp\/v2\/posts\/42985\/revisions\/42987"}],"wp:featuredmedia":[{"embeddable":true,"href":"https:\/\/radiozapatista.org\/index.php?rest_route=\/wp\/v2\/media\/42986"}],"wp:attachment":[{"href":"https:\/\/radiozapatista.org\/index.php?rest_route=%2Fwp%2Fv2%2Fmedia&parent=42985"}],"wp:term":[{"taxonomy":"category","embeddable":true,"href":"https:\/\/radiozapatista.org\/index.php?rest_route=%2Fwp%2Fv2%2Fcategories&post=42985"},{"taxonomy":"post_tag","embeddable":true,"href":"https:\/\/radiozapatista.org\/index.php?rest_route=%2Fwp%2Fv2%2Ftags&post=42985"}],"curies":[{"name":"wp","href":"https:\/\/api.w.org\/{rel}","templated":true}]}}