{"id":42933,"date":"2022-08-02T16:00:34","date_gmt":"2022-08-02T21:00:34","guid":{"rendered":"https:\/\/radiozapatista.org\/?p=42933"},"modified":"2025-07-14T13:33:59","modified_gmt":"2025-07-14T19:33:59","slug":"ejido-tila-defensa-de-la-madre-tierra-desde-el-corazon-del-pueblo-indigena-chol-2","status":"publish","type":"post","link":"https:\/\/radiozapatista.org\/?p=42933","title":{"rendered":"Ejido Tila: Defensa de la madre tierra, desde el coraz\u00f3n del pueblo ind\u00edgena Chol"},"content":{"rendered":"<p>Fuente: <a href=\"https:\/\/avispa.org\/ejido-tila-defensa-de-la-madre-tierra-desde-el-corazon-del-pueblo-indigena-chol\/\">Avispa Midia<\/a><\/p>\n<div class=\"tdb-block-inner td-fix-index\">\n<p><em><sup>Con informaci\u00f3n de <\/sup><\/em><a href=\"https:\/\/pozol.org\/?p=20119\"><sup><em>Pozol colectivo<\/em><\/sup><\/a><\/p>\n<p>La ma\u00f1ana del pasado s\u00e1bado (30), habitantes del ejido Tila, norte de Chiapas, marcharon por las principales calles de la comunidad para conmemorar el 88 aniversario del reconocimiento de sus tierras ejidales, lo cual sucedi\u00f3 a trav\u00e9s de la resoluci\u00f3n presidencial emitida el a\u00f1o 1934.<\/p>\n<p>Las y los ind\u00edgenas Choles, aprovecharon para denunciar \u201cla corrupci\u00f3n de los tres niveles de gobierno y del sistema agrario\u201d. Por ser ind\u00edgenas \u201cno somos tomados en cuenta, s\u00f3lo en las contiendas pol\u00edticas\u201d, puntualizaron durante un mitin en la plaza central de Tila.<\/p>\n<p class=\"has-vivid-cyan-blue-color has-text-color\"><a href=\"https:\/\/avispa.org\/asi-estamos-decididos-a-seguir-viviendo-quinto-aniversario-de-autonomia-en-ejido-tila-chiapas\/\" target=\"_blank\" rel=\"noreferrer noopener\">Te puede interesar &#8211; \u201cAs\u00ed estamos decididos a seguir viviendo\u201d: Quinto aniversario de autonom\u00eda en ejido Tila, Chiapas<\/a><\/p>\n<p>Los tambi\u00e9n integrantes del Congreso Nacional Ind\u00edgena (CNI), evidenciaron que Eduardo Guti\u00e9rrez Mart\u00ednez fue reconocido como comisariado por el Registro Agrario Nacional (RAN), en el periodo 2015-2018, falsificando firmas para obtener personalidad jur\u00eddica. Otro de los comisariados que posteriormente no han sido reconocido por el ejido es Miguel V\u00e1zquez Guti\u00e9rrez, denuncian los ind\u00edgenas Choles. Ambos comisariados desconocidos por el ejido son respaldados por los tres niveles de gobierno y dependencias agrarias, recalcan los descendientes del pueblo Maya.<\/p>\n<div class=\"wp-block-image\">\n<figure class=\"aligncenter size-large is-resized\"><a class=\"td-modal-image\" href=\"https:\/\/avispa.org\/wp-content\/uploads\/2022\/08\/Ejido-Tila-88aniversario-1-1024x813.jpg\"><img loading=\"lazy\" decoding=\"async\" class=\"wp-image-88882 td-animation-stack-type0-2\" src=\"https:\/\/avispa.org\/wp-content\/uploads\/2022\/08\/Ejido-Tila-88aniversario-1-1024x813.jpg\" sizes=\"auto, (max-width: 696px) 100vw, 696px\" srcset=\"https:\/\/avispa.org\/wp-content\/uploads\/2022\/08\/Ejido-Tila-88aniversario-1-1024x813.jpg 1024w, https:\/\/avispa.org\/wp-content\/uploads\/2022\/08\/Ejido-Tila-88aniversario-1-300x238.jpg 300w, https:\/\/avispa.org\/wp-content\/uploads\/2022\/08\/Ejido-Tila-88aniversario-1-768x609.jpg 768w, https:\/\/avispa.org\/wp-content\/uploads\/2022\/08\/Ejido-Tila-88aniversario-1-696x552.jpg 696w, https:\/\/avispa.org\/wp-content\/uploads\/2022\/08\/Ejido-Tila-88aniversario-1-1068x847.jpg 1068w, https:\/\/avispa.org\/wp-content\/uploads\/2022\/08\/Ejido-Tila-88aniversario-1-529x420.jpg 529w, https:\/\/avispa.org\/wp-content\/uploads\/2022\/08\/Ejido-Tila-88aniversario-1.jpg 1075w\" alt=\"\" width=\"696\" height=\"552\" \/><\/a><figcaption><em><sup>Foto por Ejido Tila<\/sup><\/em><\/figcaption><\/figure>\n<\/div>\n<p>Los ind\u00edgenas del norte de Chiapas, exigen se respete la resoluci\u00f3n presidencial que ampara y protege las 5,405 hect\u00e1reas. Por defender la herencia de sus antepasados \u201chemos recibido amenazas, represi\u00f3n, hostigamiento, calumnias y difamaciones\u201d, expresan los ejidatarios en resistencia.<\/p>\n<h3 id=\"h-lucha-historica\" class=\"has-black-color has-text-color\"><strong>Lucha hist\u00f3rica<\/strong><\/h3>\n<p>Las tierras del ejido fueron reconocidas a los ch\u2019oles por resoluci\u00f3n presidencial en 1934. En 1966 se intent\u00f3 modificar el plano para entregar 130 hect\u00e1reas a la presidencia municipal, pero los ch\u2019oles obtuvieron el amparo 890\/77, que ganaron en definitiva en el a\u00f1o de 1994.<\/p>\n<p>En 1982, el Congreso estatal decret\u00f3 la expropiaci\u00f3n de las 130 hect\u00e1reas que ambicionaba el ayuntamiento. Un nuevo amparo de los ejidatarios, el 259\/1982, comenz\u00f3 a tramitarse. Dicho amparo, ganado en 2008 por el ejido, orden\u00f3 la restituci\u00f3n de las 130 hect\u00e1reas de tierras ancestrales; sin embargo, bajo el falso argumento de imposibilidad para la ejecuci\u00f3n de la sentencia, el ayuntamiento municipal la incumpli\u00f3, motivo por el cual las y los ejidatarios de Tila promovieron el incidente de inejecuci\u00f3n de sentencia 1302\/2010 ante la Suprema Corte de Justicia de la Naci\u00f3n (SCJN).<\/p>\n<figure class=\"wp-container-2 wp-block-gallery-1 wp-block-gallery has-nested-images columns-default is-cropped\">\n<figure class=\"wp-block-image size-large\"><a class=\"td-modal-image\" href=\"https:\/\/avispa.org\/wp-content\/uploads\/2022\/08\/Ejido-Tila-88aniversario-4.jpg\"><img loading=\"lazy\" decoding=\"async\" class=\"wp-image-88879 td-animation-stack-type0-2\" src=\"https:\/\/avispa.org\/wp-content\/uploads\/2022\/08\/Ejido-Tila-88aniversario-4.jpg\" sizes=\"auto, (max-width: 228px) 100vw, 228px\" srcset=\"https:\/\/avispa.org\/wp-content\/uploads\/2022\/08\/Ejido-Tila-88aniversario-4.jpg 228w, https:\/\/avispa.org\/wp-content\/uploads\/2022\/08\/Ejido-Tila-88aniversario-4-135x300.jpg 135w, https:\/\/avispa.org\/wp-content\/uploads\/2022\/08\/Ejido-Tila-88aniversario-4-189x420.jpg 189w\" alt=\"\" width=\"228\" height=\"507\" data-id=\"88879\" \/><\/a><\/figure>\n<figure class=\"wp-block-image size-large\"><a class=\"td-modal-image\" href=\"https:\/\/avispa.org\/wp-content\/uploads\/2022\/08\/Ejido-Tila-88aniversario-5.jpg\"><img loading=\"lazy\" decoding=\"async\" class=\"wp-image-88880 td-animation-stack-type0-2\" src=\"https:\/\/avispa.org\/wp-content\/uploads\/2022\/08\/Ejido-Tila-88aniversario-5.jpg\" sizes=\"auto, (max-width: 228px) 100vw, 228px\" srcset=\"https:\/\/avispa.org\/wp-content\/uploads\/2022\/08\/Ejido-Tila-88aniversario-5.jpg 228w, https:\/\/avispa.org\/wp-content\/uploads\/2022\/08\/Ejido-Tila-88aniversario-5-143x300.jpg 143w, https:\/\/avispa.org\/wp-content\/uploads\/2022\/08\/Ejido-Tila-88aniversario-5-200x420.jpg 200w\" alt=\"\" width=\"228\" height=\"480\" data-id=\"88880\" \/><\/a><\/figure>\n<figure class=\"wp-block-image size-large\"><a class=\"td-modal-image\" href=\"https:\/\/avispa.org\/wp-content\/uploads\/2022\/08\/Ejido-Tila-88aniversario-6.jpg\"><img loading=\"lazy\" decoding=\"async\" class=\"wp-image-88881 td-animation-stack-type0-2\" src=\"https:\/\/avispa.org\/wp-content\/uploads\/2022\/08\/Ejido-Tila-88aniversario-6.jpg\" sizes=\"auto, (max-width: 716px) 100vw, 716px\" srcset=\"https:\/\/avispa.org\/wp-content\/uploads\/2022\/08\/Ejido-Tila-88aniversario-6.jpg 716w, https:\/\/avispa.org\/wp-content\/uploads\/2022\/08\/Ejido-Tila-88aniversario-6-300x258.jpg 300w, https:\/\/avispa.org\/wp-content\/uploads\/2022\/08\/Ejido-Tila-88aniversario-6-696x599.jpg 696w, https:\/\/avispa.org\/wp-content\/uploads\/2022\/08\/Ejido-Tila-88aniversario-6-488x420.jpg 488w\" alt=\"\" width=\"716\" height=\"616\" data-id=\"88881\" \/><\/a><\/figure><figcaption class=\"blocks-gallery-caption\"><em><sup>Fotos por Ejido Tila<\/sup><\/em><\/figcaption><\/figure>\n<p>Desde diciembre del a\u00f1o 2015, los ind\u00edgenas choles por acuerdo de la asamblea, retiraron a la presidencia municipal del ejido y a los partidos pol\u00edticos, tomando en sus manos las gestiones de limpieza, seguridad, justicia entre otros rubros.<\/p>\n<p>De acuerdo al posicionamiento de las y los ejidatarios, el actual gobierno de Rutilio Escand\u00f3n no ha dado las garant\u00edas judiciales, al no dar cumplimiento a la ejecuci\u00f3n de sentencia ordenada por la SCJN, que condena la restituci\u00f3n de las tierras expropiadas al ejido para un denominado fundo legal. Esta condena, aunque fue emitida desde el 12 de septiembre del 2018, sigue sin ejecutarse, lo que ha provocado el incremento de la violencia en la regi\u00f3n contra los ejidatarios, asegura el acad\u00e9mico y comunicador Jos\u00e9 Adriano Anaya.<\/p>\n<p>Como lo indica el periodista Luis Hern\u00e1ndez, \u201cLa controversia agraria en Tila no es s\u00f3lo asunto de tierras; es, tambi\u00e9n, una disputa para enfrentar el poder del cacicazgo, frenar la privatizaci\u00f3n de la tierra, reconstituir el pueblo chol, construir la autonom\u00eda y resistir la pol\u00edtica de contrainsurgencia\u201d.<\/p>\n<\/div>\n<p><\/p>","protected":false},"excerpt":{"rendered":"<p>Fuente: Avispa Midia Con informaci\u00f3n de Pozol colectivo La ma\u00f1ana del pasado s\u00e1bado (30), habitantes del ejido Tila, norte de Chiapas, marcharon por las principales calles de la comunidad para conmemorar el 88 aniversario del reconocimiento de sus tierras ejidales, lo cual sucedi\u00f3 a trav\u00e9s de la resoluci\u00f3n presidencial emitida el a\u00f1o 1934. Las y [&hellip;]<\/p>\n","protected":false},"author":21,"featured_media":42934,"comment_status":"open","ping_status":"closed","sticky":false,"template":"","format":"standard","meta":{"footnotes":""},"categories":[957,51,6,826,954,935],"tags":[79,917,58,53,147,23,545,87,148,27,483,95],"class_list":["post-42933","post","type-post","status-publish","format-standard","has-post-thumbnail","hentry","category-autonomia","category-autor","category-chiapas","category-medios-libres-2","category-mexico","category-temas","tag-autonomia","tag-chiapas","tag-derechos-humanos","tag-justicia","tag-militarizacion","tag-paramilitares","tag-pueblos-indigenas","tag-represion","tag-resistencia","tag-solidaridad","tag-tierra-y-territorio","tag-tila"],"_links":{"self":[{"href":"https:\/\/radiozapatista.org\/index.php?rest_route=\/wp\/v2\/posts\/42933","targetHints":{"allow":["GET"]}}],"collection":[{"href":"https:\/\/radiozapatista.org\/index.php?rest_route=\/wp\/v2\/posts"}],"about":[{"href":"https:\/\/radiozapatista.org\/index.php?rest_route=\/wp\/v2\/types\/post"}],"author":[{"embeddable":true,"href":"https:\/\/radiozapatista.org\/index.php?rest_route=\/wp\/v2\/users\/21"}],"replies":[{"embeddable":true,"href":"https:\/\/radiozapatista.org\/index.php?rest_route=%2Fwp%2Fv2%2Fcomments&post=42933"}],"version-history":[{"count":1,"href":"https:\/\/radiozapatista.org\/index.php?rest_route=\/wp\/v2\/posts\/42933\/revisions"}],"predecessor-version":[{"id":42935,"href":"https:\/\/radiozapatista.org\/index.php?rest_route=\/wp\/v2\/posts\/42933\/revisions\/42935"}],"wp:featuredmedia":[{"embeddable":true,"href":"https:\/\/radiozapatista.org\/index.php?rest_route=\/wp\/v2\/media\/42934"}],"wp:attachment":[{"href":"https:\/\/radiozapatista.org\/index.php?rest_route=%2Fwp%2Fv2%2Fmedia&parent=42933"}],"wp:term":[{"taxonomy":"category","embeddable":true,"href":"https:\/\/radiozapatista.org\/index.php?rest_route=%2Fwp%2Fv2%2Fcategories&post=42933"},{"taxonomy":"post_tag","embeddable":true,"href":"https:\/\/radiozapatista.org\/index.php?rest_route=%2Fwp%2Fv2%2Ftags&post=42933"}],"curies":[{"name":"wp","href":"https:\/\/api.w.org\/{rel}","templated":true}]}}