{"id":42919,"date":"2022-07-31T18:15:59","date_gmt":"2022-07-31T23:15:59","guid":{"rendered":"https:\/\/radiozapatista.org\/?p=42919"},"modified":"2022-07-31T18:15:59","modified_gmt":"2022-07-31T23:15:59","slug":"pronunciamiento-conjunto-en-contra-de-las-agresiones-a-las-comunidades-del-caracol-10-del-e-z-l-n","status":"publish","type":"post","link":"https:\/\/radiozapatista.org\/?p=42919","title":{"rendered":"Pronunciamiento conjunto en contra de las agresiones a las comunidades del Caracol 10 del E.Z.L.N."},"content":{"rendered":"<p><\/p>\n<div class=\"node__content clearfix\">\n<div class=\"field field--name-body field--type-text-with-summary field--label-hidden field__item\">\n<p class=\"text-align-right\">Jobel, Chiapas, M\u00e9xico<br \/>\nA 28 julio del 2022\n<\/p>\n<p class=\"text-align-justify\">Al Ejercito Zapatista de Liberaci\u00f3n Nacional<br \/>\nAl Congreso Nacional Ind\u00edgena<br \/>\nA la Sexta Nacional e Internacional<br \/>\nA las Redes de Resistencia y Rebeld\u00eda<br \/>\nA quienes firman la Declaraci\u00f3n por la Vida<br \/>\nA las personas que siembran Dignidad y Organizaci\u00f3n<\/p>\n<p>Organizaciones, colectivos y redes adherentes a la Sexta Declaraci\u00f3n de la Selva Lacandona denunciamos la continuidad de las agresiones, hostigamiento y desplazamientos forzados con la complicidad e impunidad preponderante de los tres niveles de gobierno hacia las comunidades aut\u00f3nomas de; El Esfuerzo, Municipio Aut\u00f3nomo Rebelde Zapatista Comandanta Ramona; Nuevo San Gregorio, regi\u00f3n Mois\u00e9s y Gandhi, Poblado La Resistencia, Poblado Emiliano Zapata, Poblado San Isidro y 16 de febrero, Municipio Aut\u00f3nomo Rebelde Zapatista Lucio Caba\u00f1as, del Caracol 10 &#8220;Floreciendo la Semilla Rebelde&#8221;, de la Junta de Buen Gobierno &#8220;Nuevo Amanecer en Resistencia y Rebeld\u00eda por la Vida y la Humanidad&#8221; en Chiapas, M\u00e9xico. Asimismo, denunciamos la obstaculizaci\u00f3n al trabajo de derechos humanos que realizan las Brigadas Civiles de Observaci\u00f3n (BriCO).<\/p>\n<p>El jueves 14 de julio de 2022, el Centro de Derechos Humanos Fray Bartolom\u00e9 de Las Casas (Frayba), document\u00f3, que aproximadamente a las &#8220;08:00 horas, ejidatarios de Muculum Bachaj\u00f3n encabezados por el comisariado ejidal junto con polic\u00edas municipales y agentes de protecci\u00f3n civil , arribaron al poblado San Jos\u00e9 Tenoj\u00ed, Chil\u00f3n,donde mantuvieron una reuni\u00f3n, alrededor de las 13:50 horas ingresaron violentamente al poblado \u201cEl Esfuerzo\u201d, municipio aut\u00f3nomo Comandanta Ramona (cuenta con 54 hect\u00e1reas de tierras recuperadas en 1994 por el EZLN), desplazando a seis familias Bases de Apoyo del Ej\u00e9rcito Zapatista de Liberaci\u00f3n Nacional (BAEZLN) quienes salieron de su lugar habitual para salvar sus vidas y se trasladaron a la comunidad de Xixintonil, adem\u00e1s prendieron fuego a las casas y a sus bienes y se corre el riesgo de que se pierdan 20 hect\u00e1reas de ma\u00edz y frijol que a\u00fan no han cosechado&#8221; [<a href=\"https:\/\/frayba.org.mx\/desplazamiento-zapatistas-el-esfuerzo\">1<\/a>].<\/p>\n<p class=\"text-align-justify\">El d\u00eda 29 de junio de 2022 en conferencia de prensa nuestrxs compa\u00f1erxs del Frayba presentaron un Bolet\u00edn donde denunciaron las amenazas de muerte contra observadores nacionales e internacionales y la obstaculizaci\u00f3n del trabajo de defensa que realizan . [<a href=\"https:\/\/frayba.org.mx\/amenazas-de-muerte-contra-observadores-nacionales-e-internacionales\">2<\/a>].<\/p>\n<p class=\"text-align-justify\">Recordamos que desde marzo de 2021 se instal\u00f3 un campamento para las BriCO en la comunidad zapatista de Nuevo San Gregorio con el objetivo de salvaguardar la integridad f\u00edsica y emocional de nuestrxs compa\u00f1erxs zapatistas. En un contexto de agresiones constantes desde noviembre de 2019 por parte de un grupo de personas provenientes de diferentes comunidades aleda\u00f1as conocidos como &#8220;Los 40 Invasores&#8221;, quienes han cercado y despojado 155 hect\u00e1reas de tierras recuperadas en 1994 por el EZLN, que forman parte del territorio colectivo de Nuevo San Gregorio [<a href=\"https:\/\/frayba.org.mx\/brigadas-civiles-de-observacion-en-la-comunidad-autonoma-nuevo-san-gregorio\">3<\/a>].<\/p>\n<p>Desde el mes de abril de 2019 La Regi\u00f3n Mois\u00e9s y Gandhi ha sido objeto de agresiones armadas por parte del grupo paramilitar de la Organizaci\u00f3n Regional de Cafeticultores de Ocosingo (ORCAO), por un inter\u00e9s agrario de despojo de tierras recuperadas por el EZLN [<a href=\"https:\/\/redajmaq.org\/es\/informecaravana2020\">4<\/a>].<\/p>\n<p class=\"text-align-justify\">El 5 de mayo de 2022 el grupo paramilitar ORCAO desplaz\u00f3 de manera forzada a cuatro familias integradas por 29 personas en el Poblado de La Resistencia, adem\u00e1s 11 familias integradas por 54 personas del Poblado Emiliano Zapata. A esto le sumamos las agresiones paramilitares hacia el Poblado de San Isidro y hacia el poblado de Mois\u00e9s y Gandhi [<a href=\"https:\/\/redajmaq.org\/es\/denuncia-de-desplazamiento-forzado-las-comunidades-zapatistas-poblado-la-resistencia-y-poblado\">5<\/a>].<\/p>\n<p class=\"text-align-justify\">En otra agresi\u00f3n, el d\u00eda 10 de enero de 2022 que aproximadamente a la 01:00 horas, fue atacada la comunidad aut\u00f3noma 16 de Febrero en d\u00f3nde un grupo no identificado de alrededor de 15 personas encapuchadas y armadas, entraron a la comunidad aut\u00f3noma, dem\u00e1s de golpear a algunas familias y desaparecer por algunas horas a cuatro personas [<a href=\"https:\/\/frayba.org.mx\/desaparicion-forzada-de-4-bases-de-apoyo-zapatistas-del-caracol-patria-nueva-municipio-de-ocosingo\">6<\/a>].<\/p>\n<p class=\"text-align-justify\">Como Adherentes a la Sexta Declaraci\u00f3n de la Selva Lacandona hemos sido testigxs del digno proceso de resistencia y dignidad de las familias zapatistas para no ceder a las provocaciones criminales. Del mismo modo hemos sido testigos y acompa\u00f1antes del trabajo de lxs observadorxs y de nuestrxs compa\u00f1erxs del Frayba. Podemos asegurar que hemos intentado hacer un trabajo impecable como personas defensoras de derechos, donde el principal objetivo es y ha sido salvaguardar el proyecto de autonom\u00eda y de vida que representa la lucha zapatista. La importancia del trabajo de las BriCO es fundamental dentro del quehacer pol\u00edtico en el estado de Chiapas, un trabajo que se ha realizado desde hace 28 a\u00f1os. Vemos altamente preocupante que este trabajo que apuesta a la vida se vea amenazado de diferentes formas hasta el extremo de amenazas de violaci\u00f3n dirigida hacia nuestras compa\u00f1eras observadoras. Es realmente lamentable que se suspendan las actividades de observaci\u00f3n en ese territorio, sabemos y compartimos las razones del porque nuestrxs compas del Frayba han tomado dicha decisi\u00f3n, pues deja\u00a0 en una vulnerabilidad a lxs pobladores de la comunidad zapatista de Nuevo San Gregorio. Hoy, una vez m\u00e1s constatamos el desgobierno de la supuesta y c\u00ednica &#8220;Cuarta Transformaci\u00f3n&#8221; que deja que la vida, la integridad f\u00edsica y emocional de los defensores de los derechos humanos se vea amenazada.<\/p>\n<p class=\"text-align-justify\">Frente a todo este escenario de guerra contra la vida y autonom\u00edas de los pueblos zapatistas podemos decir que son 28 a\u00f1os donde la Madre Tierra resiste y da sustento a las autonom\u00edas de los pueblos zapatistas, guardianes de las tierras recuperadas que son leg\u00edtimamente tierras del EZLN. Desde ah\u00ed florece y semilla el tejido de la vida que resiste y se rebela ante este sistema capitalista criminal; mediante una relaci\u00f3n de respeto y cuidado a la Madre Tierra con procesos organizativos a trav\u00e9s de la autonom\u00eda desde la comunidad y la colectividad, son lugares de resistencia que alumbran el horizonte y podemos mirarnos en el espejo de que otro mundo est\u00e1 siendo posible.<\/p>\n<p class=\"text-align-justify\">Por ello, convocamos a lxs compa\u00f1erxs adherentes a la Sexta Declaraci\u00f3n de la Selva Lacandona y Redes de Resistencia y Rebeld\u00eda, a que todas y todos como compa\u00f1erxs de lucha por la Vida y por la defensa de la Madre Tierra nos sumemos desde nuestras geograf\u00edas, seg\u00fan nuestros modos, tiempos a MANIFESTARNOS A LA BREVEDAD que podamos, con el objetivo de denunciar esta Guerra contra la vida, las autonom\u00edas de los pueblos Zapatistas, por la seguridad integral de las personas defensoras de los derechos humanos y a exigir al desgobierno mexicano el cese a su complicidad e impunidad imperante.<\/p>\n<p class=\"text-align-justify\">As\u00ed tambi\u00e9n, convocamos a participar en acciones dislocadas y p\u00fablicas durante la primera semana de agosto del 1-8 de agosto para visibilizar conjuntamente las denuncias. Es decir, llamamos a manifestarnos espont\u00e1neamente y conjuntamente, sin que una manera anule a la otra para romper el cerco medi\u00e1tico\u2026 Todas las voces!<\/p>\n<p class=\"text-align-center\">!Alto al hostigamiento a las comunidades zapatistas!<br \/>\n!Alto a las pr\u00e1cticas contrainsurgentes a las comunidades del Caracol 10 del EZLN!<\/p>\n<p>Red de Resistencias y Rebeld\u00edas AJMAQ<br \/>\nRed Universitaria Anticapitalista (Ciudad de M\u00e9xico)<br \/>\nMujeres y la Sexta, Abya Yala<br \/>\nResistencias Enlazando Dignidad-Movimiento y Coraz\u00f3n Zapatista (Red MyC Zapatista)\n<\/p>\n<p class=\"text-align-center\">Adhesiones:<br \/>\nSexta Grietas del Norte<br \/>\nRed de Resistencia y Rebeld\u00eda Tlalpan<br \/>\nMexicanos Unidos<br \/>\nArmando Soto Baeza<br \/>\nCarolina Concepcion Gonz\u00e1lez Gonz\u00e1lez . Profesora &#8211; Investigadora en la UABCS . La Paz, Baja California Sur<br \/>\nPeter Rosset<br \/>\nEspacio de Lucha contra el Olvido y la Represi\u00f3n (ELCOR-Chiapas)<br \/>\nDiana Itzu Gutierrez Luna (Chiapas, M\u00e9xico)<br \/>\nLa C\u00e1tedra Jorge Alonso<br \/>\nColectivo Nodo Solidale (M\u00e9xico &#8211; Italia)<br \/>\nJos\u00e9 Antonio Olvera Llamas<br \/>\nColectividad Nuestra Alegre Rebeld\u00eda(NAR) de la Red Morelense de Apoyo al CNI\/CIG<br \/>\nLumaltik Herriak<br \/>\nDesmi A.C.<br \/>\nCharlotte Saenz<br \/>\nCaitlin Manning, San Francisco, CA<br \/>\nComite de Apoyo a Chiapas, Oakland, CA<br \/>\nMiriam de Nazaret Garc\u00eda del Saz<br \/>\nEnrique Bauza Ferre<br \/>\nRed de Solidaridad con Chiapas, Buenos Aires &#8211; Argentina<br \/>\nRa\u00fal Zibechi (Uruguay)<br \/>\nColectiva Coraz\u00f3n del Tiempo \/ Puelmapu territorio ancestral Mapuche<br \/>\nRamona Mercado Autogestivo Natural, C\u00f3rdoba, Argentina<br \/>\nValeria Sbuelz, C\u00f3rdoba, Argentina<br \/>\nRed de feminismos descoloniales<br \/>\nCitizens Summons, Bonn, Alemania<br \/>\nTampico abajo y a la izquierda<br \/>\nConfederaci\u00f3n General del Trabajo (CGT)<br \/>\nConstanza Araya Sandoval, Antrop\u00f3loga, Madrid<br \/>\nAssociaci\u00f3 Cultural el Raval-El Lokal<br \/>\nIF Mexicogruppen, Dinamarca<br \/>\nRed Latina sin fronteras<br \/>\nPatr\u00edcia Rios Brandi<br \/>\nCentro de Documentaci\u00f3n sobre Zapatismo &#8211; CEDOZ-<br \/>\nElena Cedr\u00f3n portal Confraternizarhoy, Argentina<br \/>\n\u00a1Compas arriba! Medios Libres<br \/>\nOlivia Meehan<br \/>\nAsociaci\u00f3n Cultural Q&#8217;anil, San Juan Sacatep\u00e9quez, Guatemala<br \/>\nFrancisco De Parres G\u00f3mez &#8211; Antrop\u00f3logo \/ Fot\u00f3grafo<br \/>\nCarolina Elizabeth D\u00edaz I\u00f1igo &#8211; Antrop\u00f3loga<br \/>\nColectivo Transdisciplinario de Investigaciones Cr\u00edticas (COTRIC)<br \/>\nAsamblea Libertaria Autoorganizada Paliacate Zapatista, Grecia<br \/>\nY Retiemble!. Colectivo de apoyo en Madrid al CNI-CIG y al EZLN<br \/>\nMiriam Barranco D\u00edaz.<br \/>\nMa. Eugenia Sanchez Diaz de Rivera. Puebla.<br \/>\nColectivo gata-gata. Alemania.<br \/>\nAndr\u00e9 Nascimento<br \/>\nAssentamento Utopia e Luta &#8211; Porto Alegre-Brasil<br \/>\nValentina Cisneros<br \/>\nIsrael Mora Pirra<br \/>\nAntonio Grit\u00f3n (artista visual)<br \/>\nArturo Anguiano Profesor-investigador<br \/>\nMorfin Otero, Francisco<br \/>\nIn\u00e9s Dur\u00e1n Matute<br \/>\nEscuelas para Chiapas<br \/>\nKate Keller<br \/>\nAlicia Castellanos Guerrero<br \/>\nGilberto Lop\u00e9z y Rivas<br \/>\nSylvia Marcos<br \/>\nB\u00e1rbara Zamora<br \/>\nRa\u00fal Delgado Wise<br \/>\nAna Esther Cece\u00f1a<br \/>\nJuan Villoro<br \/>\nJorge Alonso S\u00e1nchez<br \/>\nM\u00e1rgara Mill\u00e1n<br \/>\nServando Gaj\u00e1<br \/>\nComunidad Circular AC<br \/>\nSashenka Fierro Resendiz, Ensenada, BC<br \/>\nMagdalena G\u00f3mez<br \/>\nJAD Co.Productions<br \/>\nN\u00faria Gr\u00e0cia<br \/>\nMar\u00eda Eugenia S\u00e1nchez<br \/>\nMagdalena G\u00f3mez<br \/>\nA\u00edda Hern\u00e1ndez<br \/>\nJuan Carlos Rulfo<br \/>\nElisa Cruz Rueda<br \/>\nRa\u00fal Romero Gallardo<br \/>\nSilvia Resendiz Flores, Activista feminista, Ensenada Baja California<br \/>\nLuiz Alberto Barreto Leite Sanz<br \/>\nEpifan\u00eda P\u00e9rez V\u00e1zquez, Adherente a la Sexta Declaraci\u00f3n<br \/>\nCassio Brancaleone<br \/>\nArbel Mendoza P\u00e9rez\/ Misi\u00f3n de Guadalupe, Chiapas<br \/>\nClara Redal Montan\u00e9, Madrid<br \/>\nUnitierra Oaxaca<br \/>\nCarlos L\u00f3pez Beltr\u00e1n<br \/>\nPaula M\u00f3naco Felipe<br \/>\nMujeres de la Sexta Jovel<br \/>\nCoopia<br \/>\nLengualerta (cantor-CDMX)<br \/>\nFernanda Navarro<br \/>\nRenata Ferreira da Silveira &#8211; Porto Alegre\/Brasil<br \/>\nMarcelo Argenta C\u00e2mara &#8211; Porto Alegre\/Brasil<br \/>\nDilermando Cataneo da Silveira &#8211; Porto Alegre\/Brasil<br \/>\nB\u00e1rbara Gon\u00e7alves Hesseln &#8211; Porto Alegre\/Brasil<br \/>\nNelson Rego &#8211; Porto Alegre\/Brasil<br \/>\nSinthia Cristina Batista &#8211; Agb Porto Alegre &#8211; Docente UFRGS &#8211; Porto<br \/>\nAlegre\/Brasil<br \/>\nAteneu Libert\u00e1rio A Batalha da V\u00e1rzea &#8211; Porto Alegre\/Brasil<br \/>\nAssocia\u00e7\u00e3o dos Ge\u00f3grafos Brasileiros &#8211; Se\u00e7\u00e3o Porto Alegre<br \/>\nTeia dos Povos &#8211; Brasil<br \/>\nTeia dos Povos S\u00e3o Paulo &#8211; Brasil<br \/>\nTeia dos Povos Rio Grande do Sul &#8211; Brasil<br \/>\nTeia dos Povos Cear\u00e1 &#8211; Brasil<br \/>\nTeia dos Povos S\u00e3o Paulo &#8211; Brasil<br \/>\nTerrit\u00f3rio Junana &#8211; Maquin\u00e9\/Brasil<br \/>\nUtopia e Luta Assentamento Urbano &#8211; Porto Alegre\/Brasil<br \/>\nFedera\u00e7\u00e3o Anarquista Ga\u00facha &#8211; FAG &#8211; Brasil<br \/>\nResist\u00eancia Popular Vale dos Sinos &#8211; Brasil<br \/>\nDeriva Jornailsmo Independente \u2013 Brasil<br \/>\nMecha de Arizona State University<br \/>\nLifeLockDIY<br \/>\nAbya Yala rompe el cerco<br \/>\nColectivo CriptoPozol + DDHH<br \/>\nRed de Rebeld\u00eda y Resistrenzas Puebla<br \/>\nJorge Luis L\u00f3pez<br \/>\nCooperativa Pulm\u00f3n de Ox\u00edgeno conformada por la colectiva el Tim\u00f3n Bailarin<br \/>\nPatricia Sep\u00falveda Parrao, m\u00fasica y docente Universidad de Talca, Chile.<br \/>\nCaf\u00e9 Libertad Kollektiv, Hamburgo, Alemania<br \/>\nLa caminata de los pueblos ind\u00edgenas de C\u00f3rdoba. Argentina<br \/>\nVisi\u00f3n alternativa a.c.<br \/>\nMujeres que luchan Xalapa<br \/>\nRASH GDL Rojos y Anarquistas skinheads secci\u00f3n GDL<br \/>\nMa. del Carmen Bustos Gardu\u00f1o<br \/>\nV\u00edctor Guti\u00e9rrez Torres, Voces de la educaci\u00f3n<br \/>\nAng\u00e9lique Sapolin<br \/>\nEl\u00edas Gonz\u00e1lez G\u00f3mez del blog Amanecer<br \/>\nLa Zarzamora de Wallmapu<br \/>\nColectivo Acci\u00f3n Solidaria en Viena Austria<br \/>\nAndreas Bethmann, Bremen, Alemania<br \/>\nNodo de Derechos Humanos<br \/>\nSolidarisches Mittelhessen<\/p>\n<p class=\"text-align-center\">\nM\u00e1s adhesiones: ajmaq_chiapas@riseup.net<\/p>\n<p>[1] <a href=\"https:\/\/frayba.org.mx\/desplazamiento-zapatistas-el-esfuerzo\">https:\/\/frayba.org.mx\/desplazamiento-zapatistas-el-esfuerzo<\/a><br \/>\n[2] <a href=\"https:\/\/frayba.org.mx\/amenazas-de-muerte-contra-observadores-nacionales-e-internacionales\">https:\/\/frayba.org.mx\/amenazas-de-muerte-contra-observadores-nacionales-e-internacionales<\/a><br \/>\n[3] <a href=\"https:\/\/frayba.org.mx\/brigadas-civiles-de-observacion-en-la-comunidad-autonoma-nuevo-san-gregorio\">https:\/\/frayba.org.mx\/brigadas-civiles-de-observacion-en-la-comunidad-autonoma-nuevo-san-gregorio<\/a><br \/>\n[4] <a href=\"https:\/\/redajmaq.org\/es\/informecaravana2020\">https:\/\/redajmaq.org\/es\/informecaravana2020<\/a><br \/>\n[5] <a href=\"https:\/\/redajmaq.org\/es\/denuncia-de-desplazamiento-forzado-las-comunidades-zapatistas-poblado-la-resistencia-y-poblado\">https:\/\/redajmaq.org\/es\/denuncia-de-desplazamiento-forzado-las-comunidades-zapatistas-poblado-la-resistencia-y-poblado<\/a><br \/>\n[6] <a href=\"https:\/\/frayba.org.mx\/desaparicion-forzada-de-4-bases-de-apoyo-zapatistas-del-caracol-patria-nueva-municipio-de-ocosingo\">https:\/\/frayba.org.mx\/desaparicion-forzada-de-4-bases-de-apoyo-zapatistas-del-caracol-patria-nueva-municipio-de-ocosingo<\/a><\/p>\n<\/div>\n<div class=\"field field--name-field-tags field--type-entity-reference field--label-hidden field__items\">\n<div class=\"field__item\"><a href=\"https:\/\/redajmaq.org\/es\/taxonomy\/term\/59\" hreflang=\"es\">EZLN<\/a><\/div>\n<div class=\"field__item\"><a href=\"https:\/\/redajmaq.org\/es\/taxonomy\/term\/109\" hreflang=\"es\">La Sexta<\/a><\/div>\n<div class=\"field__item\"><a href=\"https:\/\/redajmaq.org\/es\/pronunciamientos\" hreflang=\"es\">Pronunciamientos<\/a><\/div>\n<div class=\"field__item\"><a href=\"https:\/\/redajmaq.org\/es\/taxonomy\/term\/118\" hreflang=\"es\">Alto a la guerra<\/a><\/div>\n<\/div>\n<\/div>\n<div id=\"node-single-comment\">\n<section>\n<h2><\/h2>\n<\/section>\n<\/div>\n<p><\/p>","protected":false},"excerpt":{"rendered":"<p>Jobel, Chiapas, M\u00e9xico A 28 julio del 2022 Al Ejercito Zapatista de Liberaci\u00f3n Nacional Al Congreso Nacional Ind\u00edgena A la Sexta Nacional e Internacional A las Redes de Resistencia y Rebeld\u00eda A quienes firman la Declaraci\u00f3n por la Vida A las personas que siembran Dignidad y Organizaci\u00f3n Organizaciones, colectivos y redes adherentes a la Sexta [&hellip;]<\/p>\n","protected":false},"author":21,"featured_media":42921,"comment_status":"open","ping_status":"closed","sticky":false,"template":"","format":"standard","meta":{"footnotes":""},"categories":[957,51,6,956,1284,826,958,954,935],"tags":[79,917,36,58,53,567,147,23,545,87,148,27,483],"class_list":["post-42919","post","type-post","status-publish","format-standard","has-post-thumbnail","hentry","category-autonomia","category-autor","category-chiapas","category-sexta","category-latinoamerica","category-medios-libres-2","category-megaproyectos","category-mexico","category-temas","tag-autonomia","tag-chiapas","tag-comunidades-zapatistas","tag-derechos-humanos","tag-justicia","tag-megaproyectos","tag-militarizacion","tag-paramilitares","tag-pueblos-indigenas","tag-represion","tag-resistencia","tag-solidaridad","tag-tierra-y-territorio"],"_links":{"self":[{"href":"https:\/\/radiozapatista.org\/index.php?rest_route=\/wp\/v2\/posts\/42919","targetHints":{"allow":["GET"]}}],"collection":[{"href":"https:\/\/radiozapatista.org\/index.php?rest_route=\/wp\/v2\/posts"}],"about":[{"href":"https:\/\/radiozapatista.org\/index.php?rest_route=\/wp\/v2\/types\/post"}],"author":[{"embeddable":true,"href":"https:\/\/radiozapatista.org\/index.php?rest_route=\/wp\/v2\/users\/21"}],"replies":[{"embeddable":true,"href":"https:\/\/radiozapatista.org\/index.php?rest_route=%2Fwp%2Fv2%2Fcomments&post=42919"}],"version-history":[{"count":2,"href":"https:\/\/radiozapatista.org\/index.php?rest_route=\/wp\/v2\/posts\/42919\/revisions"}],"predecessor-version":[{"id":42922,"href":"https:\/\/radiozapatista.org\/index.php?rest_route=\/wp\/v2\/posts\/42919\/revisions\/42922"}],"wp:featuredmedia":[{"embeddable":true,"href":"https:\/\/radiozapatista.org\/index.php?rest_route=\/wp\/v2\/media\/42921"}],"wp:attachment":[{"href":"https:\/\/radiozapatista.org\/index.php?rest_route=%2Fwp%2Fv2%2Fmedia&parent=42919"}],"wp:term":[{"taxonomy":"category","embeddable":true,"href":"https:\/\/radiozapatista.org\/index.php?rest_route=%2Fwp%2Fv2%2Fcategories&post=42919"},{"taxonomy":"post_tag","embeddable":true,"href":"https:\/\/radiozapatista.org\/index.php?rest_route=%2Fwp%2Fv2%2Ftags&post=42919"}],"curies":[{"name":"wp","href":"https:\/\/api.w.org\/{rel}","templated":true}]}}