{"id":42888,"date":"2022-07-21T08:24:52","date_gmt":"2022-07-21T13:24:52","guid":{"rendered":"https:\/\/radiozapatista.org\/?p=42888"},"modified":"2022-07-21T08:24:52","modified_gmt":"2022-07-21T13:24:52","slug":"entrevista-al-expreso-politico-sebastian-ramirez-tras-19-anos-en-la-carcel-y-asesinado-este-19-de-julio-2022","status":"publish","type":"post","link":"https:\/\/radiozapatista.org\/?p=42888","title":{"rendered":"Entrevista al expreso pol\u00edtico Sebasti\u00e1n Ram\u00edrez tras 19 a\u00f1os en la c\u00e1rcel y asesinado este 19 de julio 2022"},"content":{"rendered":"<p>Entrevista realizada al ex preso pol\u00edtico \u00c1lvaro Sebasti\u00e1n Ram\u00edrez tras 19 a\u00f1os preso. Lamentablemente este martes 19 de julio fue asesinado en una colonia de la ciudad de #Oaxaca #M\u00e9xico<\/p>\n<p><iframe loading=\"lazy\" title=\"Despu\u00e9s de 19 a\u00f1os en prisi\u00f3n, el preso pol\u00edtico \u00c1lvaro Sebasti\u00e1n Ram\u00edrez, quedo en libertad.\" width=\"500\" height=\"281\" src=\"https:\/\/www.youtube.com\/embed\/sDaUBKlkcok?feature=oembed\" frameborder=\"0\" allow=\"accelerometer; autoplay; clipboard-write; encrypted-media; gyroscope; picture-in-picture; web-share\" referrerpolicy=\"strict-origin-when-cross-origin\" allowfullscreen><\/iframe><\/p>","protected":false},"excerpt":{"rendered":"<p>Entrevista realizada al ex preso pol\u00edtico \u00c1lvaro Sebasti\u00e1n Ram\u00edrez tras 19 a\u00f1os preso. Lamentablemente este martes 19 de julio fue asesinado en una colonia de la ciudad de #Oaxaca #M\u00e9xico<\/p>\n","protected":false},"author":21,"featured_media":42889,"comment_status":"open","ping_status":"closed","sticky":false,"template":"","format":"standard","meta":{"footnotes":""},"categories":[957,51,826,954,962,935],"tags":[512,58,53,147,37,545,87,148,27],"class_list":["post-42888","post","type-post","status-publish","format-standard","has-post-thumbnail","hentry","category-autonomia","category-autor","category-medios-libres-2","category-mexico","category-presos","category-temas","tag-a-tumbar-las-paredes-del-calabozo","tag-derechos-humanos","tag-justicia","tag-militarizacion","tag-presos-politicos","tag-pueblos-indigenas","tag-represion","tag-resistencia","tag-solidaridad"],"_links":{"self":[{"href":"https:\/\/radiozapatista.org\/index.php?rest_route=\/wp\/v2\/posts\/42888","targetHints":{"allow":["GET"]}}],"collection":[{"href":"https:\/\/radiozapatista.org\/index.php?rest_route=\/wp\/v2\/posts"}],"about":[{"href":"https:\/\/radiozapatista.org\/index.php?rest_route=\/wp\/v2\/types\/post"}],"author":[{"embeddable":true,"href":"https:\/\/radiozapatista.org\/index.php?rest_route=\/wp\/v2\/users\/21"}],"replies":[{"embeddable":true,"href":"https:\/\/radiozapatista.org\/index.php?rest_route=%2Fwp%2Fv2%2Fcomments&post=42888"}],"version-history":[{"count":1,"href":"https:\/\/radiozapatista.org\/index.php?rest_route=\/wp\/v2\/posts\/42888\/revisions"}],"predecessor-version":[{"id":42890,"href":"https:\/\/radiozapatista.org\/index.php?rest_route=\/wp\/v2\/posts\/42888\/revisions\/42890"}],"wp:featuredmedia":[{"embeddable":true,"href":"https:\/\/radiozapatista.org\/index.php?rest_route=\/wp\/v2\/media\/42889"}],"wp:attachment":[{"href":"https:\/\/radiozapatista.org\/index.php?rest_route=%2Fwp%2Fv2%2Fmedia&parent=42888"}],"wp:term":[{"taxonomy":"category","embeddable":true,"href":"https:\/\/radiozapatista.org\/index.php?rest_route=%2Fwp%2Fv2%2Fcategories&post=42888"},{"taxonomy":"post_tag","embeddable":true,"href":"https:\/\/radiozapatista.org\/index.php?rest_route=%2Fwp%2Fv2%2Ftags&post=42888"}],"curies":[{"name":"wp","href":"https:\/\/api.w.org\/{rel}","templated":true}]}}