{"id":42838,"date":"2022-07-09T09:12:49","date_gmt":"2022-07-09T14:12:49","guid":{"rendered":"https:\/\/radiozapatista.org\/?p=42838"},"modified":"2022-07-09T09:14:41","modified_gmt":"2022-07-09T14:14:41","slug":"pluriversario-ecuador-insurrecto-analisis-coyuntural-e-historico","status":"publish","type":"post","link":"https:\/\/radiozapatista.org\/?p=42838","title":{"rendered":"Pluriversario. Ecuador Insurrecto: an\u00e1lisis coyuntural e hist\u00f3rico"},"content":{"rendered":"<p>Del 13 al 30 de junio de 2022 se llev\u00f3 a cabo un paro nacional convocado por el movimiento ind\u00edgena ecuatoriano y secundado por amplios sectores de la sociedad civil. A la fecha se ha llegado a Acuerdos por la Paz que buscan responder a las diez demandas b\u00e1sicas puestas sobre la mesa ante el banquero gobernante Guillermo Lasso. En este video encontrar\u00e1s las voces y los an\u00e1lisis coyunturales, estructurales e hist\u00f3ricos de Ver\u00f3nica Yuquilema, Ramona Masaquiza, Sonia Viveros, David Ch\u00e1vez y Pablo D\u00e1valos. Con ello pretendemos un acercamiento pluriversal, encarnado y situado a la insurgencia del pueblo ecuatoriano.<\/p>\n<p><iframe loading=\"lazy\" width=\"560\" height=\"315\" src=\"https:\/\/www.youtube.com\/embed\/A4Z5nw41dzg\" title=\"YouTube video player\" frameborder=\"0\" allow=\"accelerometer; autoplay; clipboard-write; encrypted-media; gyroscope; picture-in-picture\" allowfullscreen><\/iframe><\/p>","protected":false},"excerpt":{"rendered":"<p>Del 13 al 30 de junio de 2022 se llev\u00f3 a cabo un paro nacional convocado por el movimiento ind\u00edgena ecuatoriano y secundado por amplios sectores de la sociedad civil. A la fecha se ha llegado a Acuerdos por la Paz que buscan responder a las diez demandas b\u00e1sicas puestas sobre la mesa ante el [&hellip;]<\/p>\n","protected":false},"author":1,"featured_media":42839,"comment_status":"open","ping_status":"closed","sticky":false,"template":"","format":"standard","meta":{"footnotes":""},"categories":[957,1284,826,222],"tags":[162,545,483],"class_list":["post-42838","post","type-post","status-publish","format-standard","has-post-thumbnail","hentry","category-autonomia","category-latinoamerica","category-medios-libres-2","category-video","tag-ecuador","tag-pueblos-indigenas","tag-tierra-y-territorio"],"_links":{"self":[{"href":"https:\/\/radiozapatista.org\/index.php?rest_route=\/wp\/v2\/posts\/42838","targetHints":{"allow":["GET"]}}],"collection":[{"href":"https:\/\/radiozapatista.org\/index.php?rest_route=\/wp\/v2\/posts"}],"about":[{"href":"https:\/\/radiozapatista.org\/index.php?rest_route=\/wp\/v2\/types\/post"}],"author":[{"embeddable":true,"href":"https:\/\/radiozapatista.org\/index.php?rest_route=\/wp\/v2\/users\/1"}],"replies":[{"embeddable":true,"href":"https:\/\/radiozapatista.org\/index.php?rest_route=%2Fwp%2Fv2%2Fcomments&post=42838"}],"version-history":[{"count":1,"href":"https:\/\/radiozapatista.org\/index.php?rest_route=\/wp\/v2\/posts\/42838\/revisions"}],"predecessor-version":[{"id":42840,"href":"https:\/\/radiozapatista.org\/index.php?rest_route=\/wp\/v2\/posts\/42838\/revisions\/42840"}],"wp:featuredmedia":[{"embeddable":true,"href":"https:\/\/radiozapatista.org\/index.php?rest_route=\/wp\/v2\/media\/42839"}],"wp:attachment":[{"href":"https:\/\/radiozapatista.org\/index.php?rest_route=%2Fwp%2Fv2%2Fmedia&parent=42838"}],"wp:term":[{"taxonomy":"category","embeddable":true,"href":"https:\/\/radiozapatista.org\/index.php?rest_route=%2Fwp%2Fv2%2Fcategories&post=42838"},{"taxonomy":"post_tag","embeddable":true,"href":"https:\/\/radiozapatista.org\/index.php?rest_route=%2Fwp%2Fv2%2Ftags&post=42838"}],"curies":[{"name":"wp","href":"https:\/\/api.w.org\/{rel}","templated":true}]}}