{"id":42799,"date":"2022-07-06T10:36:44","date_gmt":"2022-07-06T15:36:44","guid":{"rendered":"https:\/\/radiozapatista.org\/?p=42799"},"modified":"2022-07-06T10:36:44","modified_gmt":"2022-07-06T15:36:44","slug":"en-comitan-chiapas-peregrinan-por-la-vida-la-justicia-y-por-la-paz-a-un-ano-del-asesinato-del-defensor-simon-pedro","status":"publish","type":"post","link":"https:\/\/radiozapatista.org\/?p=42799","title":{"rendered":"[:es]En Comit\u00e1n Chiapas peregrinan por la vida, la justicia y por la paz, a un a\u00f1o del asesinato del defensor Sim\u00f3n Pedro.[:]"},"content":{"rendered":"<p>[:es]Comit\u00e1n, Chiapas. 5 de julio. Habitantes de la ciudad de Comit\u00e1n y comunidades vecinas, organizaciones civiles, as\u00ed como integrantes de diferentes confesiones de fe, acudieron este martes a la peregrinaci\u00f3n por la Paz y la Justicia, convocada por el Pueblo Creyente de la zona sureste. Dentro de sus peticiones est\u00e1n: el cese a la violencia, el respeto a los derechos humanos y justicia para los pueblos y comunidades que est\u00e1n viviendo el desplazamiento forzado.<\/p>\n<p><a href=\"https:\/\/pozol.org\/?attachment_id=20088\" rel=\"attachment wp-att-20088\"><img loading=\"lazy\" decoding=\"async\" class=\"aligncenter size-full wp-image-20088\" src=\"https:\/\/i0.wp.com\/pozol.org\/wp-content\/uploads\/2022\/07\/inbound596320061342610617.jpg?resize=618%2C464&amp;ssl=1\" sizes=\"auto, (max-width: 618px) 100vw, 618px\" srcset=\"https:\/\/i0.wp.com\/pozol.org\/wp-content\/uploads\/2022\/07\/inbound596320061342610617.jpg?w=1280&amp;ssl=1 1280w, https:\/\/i0.wp.com\/pozol.org\/wp-content\/uploads\/2022\/07\/inbound596320061342610617.jpg?resize=300%2C225&amp;ssl=1 300w, https:\/\/i0.wp.com\/pozol.org\/wp-content\/uploads\/2022\/07\/inbound596320061342610617.jpg?resize=1024%2C768&amp;ssl=1 1024w, https:\/\/i0.wp.com\/pozol.org\/wp-content\/uploads\/2022\/07\/inbound596320061342610617.jpg?resize=768%2C576&amp;ssl=1 768w, https:\/\/i0.wp.com\/pozol.org\/wp-content\/uploads\/2022\/07\/inbound596320061342610617.jpg?resize=500%2C375&amp;ssl=1 500w\" alt=\"\" width=\"618\" height=\"464\" \/><\/a><\/p>\n<p>La actividad comentaron los organizadores, fue convocada a nivel estatal por el Pueblo Creyente de la Di\u00f3cesis de San Crist\u00f3bal de las Casas, para conmemorar el primer aniversario del asesinato de Sim\u00f3n Pedro P\u00e9rez L\u00f3pez, quien en vida fue catequista y defensor de derechos humanos en el municipio de Simojovel e integrante de la Organizaci\u00f3n Civil Las Abejas de Acteal, de la cual fue presidente de la mesa directiva en el a\u00f1o 2020.<\/p>\n<p><!--more--><a href=\"https:\/\/pozol.org\/?attachment_id=20089\" rel=\"attachment wp-att-20089\"><img loading=\"lazy\" decoding=\"async\" class=\"aligncenter size-full wp-image-20089\" src=\"https:\/\/i0.wp.com\/pozol.org\/wp-content\/uploads\/2022\/07\/inbound7120633866462255612.jpg?resize=618%2C297&amp;ssl=1\" sizes=\"auto, (max-width: 618px) 100vw, 618px\" srcset=\"https:\/\/i0.wp.com\/pozol.org\/wp-content\/uploads\/2022\/07\/inbound7120633866462255612.jpg?w=1040&amp;ssl=1 1040w, https:\/\/i0.wp.com\/pozol.org\/wp-content\/uploads\/2022\/07\/inbound7120633866462255612.jpg?resize=300%2C144&amp;ssl=1 300w, https:\/\/i0.wp.com\/pozol.org\/wp-content\/uploads\/2022\/07\/inbound7120633866462255612.jpg?resize=1024%2C492&amp;ssl=1 1024w, https:\/\/i0.wp.com\/pozol.org\/wp-content\/uploads\/2022\/07\/inbound7120633866462255612.jpg?resize=768%2C369&amp;ssl=1 768w, https:\/\/i0.wp.com\/pozol.org\/wp-content\/uploads\/2022\/07\/inbound7120633866462255612.jpg?resize=500%2C240&amp;ssl=1 500w\" alt=\"\" width=\"618\" height=\"297\" data-recalc-dims=\"1\" \/><\/a><\/p>\n<p>Esta peregrinaci\u00f3n tambi\u00e9n se da como una forma de manifestaci\u00f3n pac\u00edfica y organizada por toda la situaci\u00f3n de violencia que el estado de Chiapas est\u00e1 viviendo en muchos de sus pueblos y comunidades compartieron los participantes. De igual forma hubo manifestaciones en la zona Chol, Chab, Tzeltal, Tzotzil, Altos, Centro, Sur y sureste.<\/p>\n<p><a href=\"https:\/\/pozol.org\/?attachment_id=20090\" rel=\"attachment wp-att-20090\"><img loading=\"lazy\" decoding=\"async\" class=\"aligncenter size-full wp-image-20090\" src=\"https:\/\/i0.wp.com\/pozol.org\/wp-content\/uploads\/2022\/07\/inbound4042424357089242634.jpg?resize=618%2C297&amp;ssl=1\" sizes=\"auto, (max-width: 618px) 100vw, 618px\" srcset=\"https:\/\/i0.wp.com\/pozol.org\/wp-content\/uploads\/2022\/07\/inbound4042424357089242634.jpg?w=1040&amp;ssl=1 1040w, https:\/\/i0.wp.com\/pozol.org\/wp-content\/uploads\/2022\/07\/inbound4042424357089242634.jpg?resize=300%2C144&amp;ssl=1 300w, https:\/\/i0.wp.com\/pozol.org\/wp-content\/uploads\/2022\/07\/inbound4042424357089242634.jpg?resize=1024%2C492&amp;ssl=1 1024w, https:\/\/i0.wp.com\/pozol.org\/wp-content\/uploads\/2022\/07\/inbound4042424357089242634.jpg?resize=768%2C369&amp;ssl=1 768w, https:\/\/i0.wp.com\/pozol.org\/wp-content\/uploads\/2022\/07\/inbound4042424357089242634.jpg?resize=500%2C240&amp;ssl=1 500w\" alt=\"\" width=\"618\" height=\"297\" data-recalc-dims=\"1\" \/><\/a><\/p>\n<p>Para el Centro de Derechos Humanos Fray Bartolom\u00e9 de Las Casas (Frayba), \u201clas circunstancias de violencia criminal se han agudizado dr\u00e1sticamente\u201d en Chiapas. Y de manera contundente afirma que \u201cvivimos en un estado convulsionado, contra\u00eddo en sus funciones gubernamentales y de Estado\u201d.<\/p>\n<p><a href=\"https:\/\/pozol.org\/?attachment_id=20091\" rel=\"attachment wp-att-20091\"><img loading=\"lazy\" decoding=\"async\" class=\"aligncenter size-full wp-image-20091\" src=\"https:\/\/i0.wp.com\/pozol.org\/wp-content\/uploads\/2022\/07\/inbound2254138811293867112.jpg?resize=618%2C464&amp;ssl=1\" sizes=\"auto, (max-width: 618px) 100vw, 618px\" srcset=\"https:\/\/i0.wp.com\/pozol.org\/wp-content\/uploads\/2022\/07\/inbound2254138811293867112.jpg?w=1280&amp;ssl=1 1280w, https:\/\/i0.wp.com\/pozol.org\/wp-content\/uploads\/2022\/07\/inbound2254138811293867112.jpg?resize=300%2C225&amp;ssl=1 300w, https:\/\/i0.wp.com\/pozol.org\/wp-content\/uploads\/2022\/07\/inbound2254138811293867112.jpg?resize=1024%2C768&amp;ssl=1 1024w, https:\/\/i0.wp.com\/pozol.org\/wp-content\/uploads\/2022\/07\/inbound2254138811293867112.jpg?resize=768%2C576&amp;ssl=1 768w, https:\/\/i0.wp.com\/pozol.org\/wp-content\/uploads\/2022\/07\/inbound2254138811293867112.jpg?resize=500%2C375&amp;ssl=1 500w\" alt=\"\" width=\"618\" height=\"464\" data-recalc-dims=\"1\" \/><\/a><\/p>\n<p>Para el organismo de derechos humanos fundado por el obispo Samuel Ru\u00edz Garc\u00eda, \u201cel sistema de justicia en Chiapas amedrenta y criminaliza a las personas defensoras de los derechos humanos, de la tierra y el territorio, como ha sucedido con los cinco defensores de San Juan Cancuc que se oponen a la militarizaci\u00f3n de su territorio y la reciente solicitud de orden de aprehensi\u00f3n en contra del defensor Marcelo P\u00e9rez P\u00e9rez, emitida por la Fiscal\u00eda General del Estado el pasado 21 de junio del 2022\u201d. Para el Frayba \u201ceste ambiente de hostigamiento judicial y criminalizaci\u00f3n, del que el gobierno estatal es c\u00f3mplice, no hace m\u00e1s que avivar las ansias de una vida buena, digna y de seguir construyendo caminos para la paz\u201d.<\/p>\n<p><a href=\"https:\/\/pozol.org\/?attachment_id=20092\" rel=\"attachment wp-att-20092\"><img loading=\"lazy\" decoding=\"async\" class=\"aligncenter size-full wp-image-20092\" src=\"https:\/\/i0.wp.com\/pozol.org\/wp-content\/uploads\/2022\/07\/inbound8064795463896255936.jpg?resize=618%2C297&amp;ssl=1\" sizes=\"auto, (max-width: 618px) 100vw, 618px\" srcset=\"https:\/\/i0.wp.com\/pozol.org\/wp-content\/uploads\/2022\/07\/inbound8064795463896255936.jpg?w=1040&amp;ssl=1 1040w, https:\/\/i0.wp.com\/pozol.org\/wp-content\/uploads\/2022\/07\/inbound8064795463896255936.jpg?resize=300%2C144&amp;ssl=1 300w, https:\/\/i0.wp.com\/pozol.org\/wp-content\/uploads\/2022\/07\/inbound8064795463896255936.jpg?resize=1024%2C492&amp;ssl=1 1024w, https:\/\/i0.wp.com\/pozol.org\/wp-content\/uploads\/2022\/07\/inbound8064795463896255936.jpg?resize=768%2C369&amp;ssl=1 768w, https:\/\/i0.wp.com\/pozol.org\/wp-content\/uploads\/2022\/07\/inbound8064795463896255936.jpg?resize=500%2C240&amp;ssl=1 500w\" alt=\"\" width=\"618\" height=\"297\" data-recalc-dims=\"1\" \/><\/a><\/p>\n<p>Por su parte la Organizaci\u00f3n Civil de Las Abejas, expresaron que: \u201cel asesinato de nuestro compa\u00f1ero y hermano Sim\u00f3n Pedro, no fue un hecho aislado, se estuvo denunciando meses antes, a trav\u00e9s del Frayba y la Di\u00f3cesis, y asimismo este Centro de Derechos Humanos, enviaron llamamientos de acci\u00f3n urgente al gobierno de Rutilio Escand\u00f3n Cadenas de Chiapas y al Presidente Andr\u00e9s Manuel L\u00f3pez Obrador, pero, estos quienes debieron garantizar la vida y la integridad tanto de la poblaci\u00f3n del municipio de Pantelh\u00f3 como la nuestro hermano Sim\u00f3n Pedro, simplemente no lo hicieron, porque actuaron parecido al gobierno de Julio C\u00e9sar Ruiz Ferro y Ernesto Zedillo Ponce de Le\u00f3n, de permitir a los paramilitares priistas de Chenalh\u00f3, la de Masacrar a 45 mujeres, hombres, ni\u00f1as y ni\u00f1os, m\u00e1s 4 no nacidos el 22 de diciembre de 1997, como un castigo ejemplar por ser apartidistas, por ser una organizaci\u00f3n No Violenta y por construir su propia autonom\u00eda y libre determinaci\u00f3n\u201d.<\/p>\n<p><a href=\"https:\/\/pozol.org\/?attachment_id=20093\" rel=\"attachment wp-att-20093\"><img loading=\"lazy\" decoding=\"async\" class=\"aligncenter size-full wp-image-20093\" src=\"https:\/\/i0.wp.com\/pozol.org\/wp-content\/uploads\/2022\/07\/inbound1718640718226072084.jpg?resize=618%2C824&amp;ssl=1\" sizes=\"auto, (max-width: 618px) 100vw, 618px\" srcset=\"https:\/\/i0.wp.com\/pozol.org\/wp-content\/uploads\/2022\/07\/inbound1718640718226072084.jpg?w=960&amp;ssl=1 960w, https:\/\/i0.wp.com\/pozol.org\/wp-content\/uploads\/2022\/07\/inbound1718640718226072084.jpg?resize=225%2C300&amp;ssl=1 225w, https:\/\/i0.wp.com\/pozol.org\/wp-content\/uploads\/2022\/07\/inbound1718640718226072084.jpg?resize=768%2C1024&amp;ssl=1 768w, https:\/\/i0.wp.com\/pozol.org\/wp-content\/uploads\/2022\/07\/inbound1718640718226072084.jpg?resize=375%2C500&amp;ssl=1 375w\" alt=\"\" width=\"618\" height=\"824\" data-recalc-dims=\"1\" \/><\/a><\/p>\n<p>\u201cHan transcurrido 365 d\u00edas del cobarde asesinato de nuestro compa\u00f1ero y hermano Sim\u00f3n Pedro y no se ha avanzado en las investigaciones correspondientes. Las autoridades competentes, s\u00f3lo hacen dilatar la justicia para dejar este crimen en impunidad que es lo que saben hacer perfectamente\u201d, denunciaron los ind\u00edgenas de los Altos de Chiapas.<\/p>\n<p><a href=\"https:\/\/acteal.blogspot.com\/2022\/07\/este-dia-5-de-julio-no-se-olvide-jamas.html?fbclid=IwAR3PVcLddTIUhTmK6z7yGUoNGomKvPXX27zKVFe5Go_A1wV3Vd9IkFGEYEc\" target=\"_blank\" rel=\"noopener\">PRONUNCIAMIENTO ABEJAS DE ACTEAL:<\/a><\/p>\n<p><a href=\"https:\/\/frayba.org.mx\/1-anio-del-asesinato-de-simon-pedro?fbclid=IwAR1MmFbQI8pP-0o2l2ZahQa9K-38VqXEN6TaOBgeoKB9P4FQ4SvZvyBeZM8\" target=\"_blank\" rel=\"noopener\">PRONUNCIAMIENTO FRAYBA:<\/a>[:]<\/p>\n","protected":false},"excerpt":{"rendered":"<p>[:es]Comit\u00e1n, Chiapas. 5 de julio. Habitantes de la ciudad de Comit\u00e1n y comunidades vecinas, organizaciones civiles, as\u00ed como integrantes de diferentes confesiones de fe, acudieron este martes a la peregrinaci\u00f3n por la Paz y la Justicia, convocada por el Pueblo Creyente de la zona sureste. Dentro de sus peticiones est\u00e1n: el cese a la violencia, [&hellip;]<\/p>\n","protected":false},"author":1,"featured_media":42800,"comment_status":"open","ping_status":"closed","sticky":false,"template":"","format":"standard","meta":{"footnotes":""},"categories":[957,6,196],"tags":[917,1061,58,912,23,555,511],"class_list":["post-42799","post","type-post","status-publish","format-standard","has-post-thumbnail","hentry","category-autonomia","category-chiapas","category-radio-pozol","tag-chiapas","tag-crimen-organizado","tag-derechos-humanos","tag-narcoestado","tag-paramilitares","tag-pueblo-creyente","tag-violencia"],"_links":{"self":[{"href":"https:\/\/radiozapatista.org\/index.php?rest_route=\/wp\/v2\/posts\/42799","targetHints":{"allow":["GET"]}}],"collection":[{"href":"https:\/\/radiozapatista.org\/index.php?rest_route=\/wp\/v2\/posts"}],"about":[{"href":"https:\/\/radiozapatista.org\/index.php?rest_route=\/wp\/v2\/types\/post"}],"author":[{"embeddable":true,"href":"https:\/\/radiozapatista.org\/index.php?rest_route=\/wp\/v2\/users\/1"}],"replies":[{"embeddable":true,"href":"https:\/\/radiozapatista.org\/index.php?rest_route=%2Fwp%2Fv2%2Fcomments&post=42799"}],"version-history":[{"count":1,"href":"https:\/\/radiozapatista.org\/index.php?rest_route=\/wp\/v2\/posts\/42799\/revisions"}],"predecessor-version":[{"id":42801,"href":"https:\/\/radiozapatista.org\/index.php?rest_route=\/wp\/v2\/posts\/42799\/revisions\/42801"}],"wp:featuredmedia":[{"embeddable":true,"href":"https:\/\/radiozapatista.org\/index.php?rest_route=\/wp\/v2\/media\/42800"}],"wp:attachment":[{"href":"https:\/\/radiozapatista.org\/index.php?rest_route=%2Fwp%2Fv2%2Fmedia&parent=42799"}],"wp:term":[{"taxonomy":"category","embeddable":true,"href":"https:\/\/radiozapatista.org\/index.php?rest_route=%2Fwp%2Fv2%2Fcategories&post=42799"},{"taxonomy":"post_tag","embeddable":true,"href":"https:\/\/radiozapatista.org\/index.php?rest_route=%2Fwp%2Fv2%2Ftags&post=42799"}],"curies":[{"name":"wp","href":"https:\/\/api.w.org\/{rel}","templated":true}]}}