{"id":42781,"date":"2022-07-04T21:23:11","date_gmt":"2022-07-05T02:23:11","guid":{"rendered":"https:\/\/radiozapatista.org\/?p=42781"},"modified":"2022-07-06T10:30:22","modified_gmt":"2022-07-06T15:30:22","slug":"detenidos-del-trailer-con-migrantes-en-eeuu-podrian-pagar-con-pena-de-muerte","status":"publish","type":"post","link":"https:\/\/radiozapatista.org\/?p=42781","title":{"rendered":"Detenidos del tr\u00e1iler con migrantes en EEUU podr\u00edan pagar con pena de muerte"},"content":{"rendered":"<p>Fuente: <a href=\"https:\/\/avispa.org\/detenidos-del-trailer-con-migrantes-en-eeuu-podrian-pagar-con-pena-de-muerte\/\">Avispa Midia<\/a><\/p>\n<p>Por Jeny Pascacio<\/p>\n<p>Al igual que la masacre de migrantes de San Fernando y Camargo, Tamaulipas, M\u00e9xico, en los a\u00f1os 2010 y 2021, respectivamente, y la volcadura de un tr\u00e1iler en Chiapas hace seis meses con 53 migrantes fallecidos, la historia se vuelve a repetir. En los Estados Unidos fueron hallados 53 migrantes muertos en el remolque de un tr\u00e1iler abandonado.<\/p>\n<p>El tema del tr\u00e1fico de migrantes volvi\u00f3 a acaparar los medios internacionales. El pasado 27 de junio, en otro tr\u00e1iler, ahora en San Antonio, Texas, fueron encontradas 64 personas, de las cuales, \u201cal menos 53 fallecieron\u201d, seg\u00fan el departamento de justicia estadounidense. Cuatro menores permanecen hospitalizados.<\/p>\n<p>Los oficiales del Departamento de Polic\u00eda de San Antonio (SAPD) informaron a los agentes de Investigaciones de Seguridad Nacional (HSI), que llegaron a la ubicaci\u00f3n del cami\u00f3n despu\u00e9s de recibir llamadas al 911 de ciudadanos preocupados por llamados de auxilio que escucharon al interior del veh\u00edculo.<\/p>\n<p>Seg\u00fan las autoridades de la Uni\u00f3n Americana, la Patrulla Fronteriza del Sector de Laredo proporcion\u00f3 a los agentes de HSI im\u00e1genes de vigilancia del cami\u00f3n cruzando un puesto de control de inmigraci\u00f3n. Actualmente cuatro personas han sido detenidas al estar involucradas en el tr\u00e1fico de estas personas, incluyendo el conductor. Los detenidos podr\u00edan pagar \u201ccon cadena perpetua o pena de muerte\u201d, seg\u00fan el departamento de los Estados Unidos.<\/p>\n<p><!--more--><\/p>\n<figure class=\"wp-block-image\"><a class=\"td-modal-image\" href=\"https:\/\/avispa.org\/wp-content\/uploads\/2022\/07\/Conductor-del-trailer-53-muertos.jpg\"><img loading=\"lazy\" decoding=\"async\" class=\"wp-image-88094\" src=\"https:\/\/avispa.org\/wp-content\/uploads\/2022\/07\/Conductor-del-trailer-53-muertos.jpg\" sizes=\"auto, (max-width: 1024px) 100vw, 1024px\" srcset=\"https:\/\/avispa.org\/wp-content\/uploads\/2022\/07\/Conductor-del-trailer-53-muertos.jpg 1024w, https:\/\/avispa.org\/wp-content\/uploads\/2022\/07\/Conductor-del-trailer-53-muertos-300x204.jpg 300w, https:\/\/avispa.org\/wp-content\/uploads\/2022\/07\/Conductor-del-trailer-53-muertos-768x524.jpg 768w, https:\/\/avispa.org\/wp-content\/uploads\/2022\/07\/Conductor-del-trailer-53-muertos-218x150.jpg 218w, https:\/\/avispa.org\/wp-content\/uploads\/2022\/07\/Conductor-del-trailer-53-muertos-696x474.jpg 696w\" alt=\"\" width=\"1024\" height=\"698\" \/><\/a><figcaption>Presunto conductor del cami\u00f3n que transportaba a decenas de migrantes, identificado por funcionarios de inmigraci\u00f3n de M\u00e9xico como &#8220;Homero N&#8221;, pasa por un control de seguridad en la frontera, seg\u00fan muestra esta fotograf\u00eda de vigilancia en Laredo.<\/figcaption><\/figure>\n<p>Mediante la utilizaci\u00f3n de un dispositivo m\u00f3vil de huellas dactilares el HSI confirm\u00f3 que, de los fallecidos, 22 eran ciudadanos mexicanos, siete ciudadanos guatemaltecos, dos ciudadanos hondure\u00f1os y los dem\u00e1s de origen desconocido.<\/p>\n<p>Los gobiernos de M\u00e9xico, Honduras, Guatemala y Estados Unidos han manifestado condolencias en redes sociales y consignaron que buscar\u00e1n la justicia.\u00a0La presidenta de Honduras, Xiomara Castro, dijo que har\u00e1 lo posible para que los hechos no se repitan.<\/p>\n<p>Alejandro Giammattei, presidente de Guatemala, consider\u00f3 necesario el endurecimiento de las penas y pidi\u00f3 que el \u2018coyotaje sea un delito con fines de extradici\u00f3n\u2019.\u00a0En el discurso, Andr\u00e9s Manuel L\u00f3pez Obrador tambi\u00e9n dijo que atender\u00e1 el problema y, el pr\u00f3ximo 12 de julio, ser\u00e1 la migraci\u00f3n un tema que aborde en la reuni\u00f3n con Joe Bide.<\/p>\n<p>Los pa\u00edses involucrados de nueva cuenta crear\u00e1n un grupo para &#8220;combatir&#8221; a los Carteles del Tr\u00e1fico de Personas (CTP).<\/p>\n<p>La Organizaci\u00f3n Internacional para las Migraciones estima que 3,059 migrantes perdieron la vida en las rutas entre M\u00e9xico y Estados Unidos entre el 2014 y 2021. En sus registros, 400 mil personas transitan anualmente por M\u00e9xico para llegar a Estados Unidos.<\/p>\n<p><strong>Desde Centroam\u00e9rica<\/strong><\/p>\n<p>El 14 de marzo, Alejandro Morkayas, secretario de Seguridad Nacional de Estados Unidos (DHS, por sus siglas en ingl\u00e9s), se reuni\u00f3 con el Ejecutivo federal de M\u00e9xico para hablar sobre el tema migratorio en t\u00e9rminos de infraestructura, vigilancia y derechos humanos en M\u00e9xico.<\/p>\n<p>Pero la operatividad contemplada para una migraci\u00f3n \u201csegura y ordenada\u201d, incluso, desde los acuerdos con Donald Trump en 2019, se redujeron a operativos militares \u201ccontra los migrantes que\u00a0no son traficados\u201d y que caminan por rutas conocidas como las v\u00edas del tren en el Istmo, explic\u00f3 el experto en migraci\u00f3n, Rub\u00e9n Figueroa.<\/p>\n<p>\u201cNo vemos autoridades contra el tr\u00e1fico de personas para desarticular o para prevenir el mismo\u201d, cuestion\u00f3, pues a la par del control de las rutas migratorias incrementa la corrupci\u00f3n de agentes del Instituto Nacional de Migraci\u00f3n (INM) que permiten o participan en el delito.<\/p>\n<p>La trata de personas es uno de los tres delitos con mayor remuneraci\u00f3n en el mundo. De acuerdo a defensores de migrantes en M\u00e9xico, que por seguridad prefirieron el anonimato, las ganancias que los traficantes generan son multimillonarias y en d\u00f3lares, \u201ca costa de la vida de los seres humanos\u201d.<\/p>\n<p>Al menos cinco c\u00e1rteles, mencionaron, ofrecen traslados desde el pa\u00eds de origen hasta Estados Unidos. En M\u00e9xico circulan por el lado del Golfo. Quienes vienen de Centroam\u00e9rica ingresan a Chiapas por la localidad mexicana Carmen Xh\u00e1n o Frontera Comalapa, pasan por el centro del estado y siguen rumbo a Veracruz, Puebla y la frontera norte.<\/p>\n<p>Rub\u00e9n Figueroa, que tambi\u00e9n acompa\u00f1a los casos de madres centroamericanas que buscan a sus familiares migrantes desaparecidos en M\u00e9xico, agreg\u00f3 que las personas son enganchadas y las familias se endeudan para pagar el viaje de alguno de sus miembros que puede costar entre ocho y 12 mil d\u00f3lares.<\/p>\n<p>Los grupos del crimen tambi\u00e9n reciben dinero a trav\u00e9s de las empresas que perciben remesas. \u201cSeguramente las familias de las v\u00edctimas de Texas ya pagaron porque los traficantes nunca pierden, cobran por adelantado; los que pierden la vida son las personas migrantes\u201d, a\u00f1adi\u00f3 Figueroa.<\/p>\n<p>Al contrario de la frontera sur, donde el tr\u00e1fico de personas incrementa, en los l\u00edmites entre M\u00e9xico y Estados Unidos, los traficantes representan el \u00fanico medio para cruzar.<\/p>\n<p>Las organizaciones hablan de un aumento de estos delitos a partir de 2005 con la implementaci\u00f3n del Plan Frontera Sur; pero fue en 2019, con las pol\u00edticas de Donald Trump y los primeros despliegues de la Guardia Nacional en la frontera sur y norte de M\u00e9xico, que las violencias se agudizaron.<\/p>\n<p>\u201cNinguna ruta, ning\u00fan camino, ninguna forma de migrar hoy en d\u00eda es segura para las personas, de una u otra forma ellos pueden morir\u201d, lament\u00f3 Figueroa.<\/p>\n<p>El informe titulado\u00a0<em>Bajo la bota; militarizaci\u00f3n de la pol\u00edtica migratoria en M\u00e9xico<\/em>, de la Fundaci\u00f3n para la Justicia, se\u00f1ala que para enero de 2022, el gobierno mexicano hab\u00eda desplegado 28 mil 397 elementos militares para la ejecuci\u00f3n del Plan de Migraci\u00f3n y Desarrollo en la Frontera Norte y Sur: 13,663 de la Sedena y 13,828 de la Guardia Nacional.<\/p>\n<p>El estudio da cuenta que el tema migratorio se incluy\u00f3 en la Iniciativa M\u00e9rida (2008) como un eje central de cooperaci\u00f3n de M\u00e9xico con Estados Unidos, como un tema de seguridad fronteriza en el contexto de la guerra contra el narcotr\u00e1fico. Pero las medidas s\u00f3lo criminalizan la migraci\u00f3n, \u201cesta pol\u00edtica cada vez m\u00e1s restrictiva increment\u00f3 los riesgos y violaciones a derechos humanos\u201d.<\/p>\n<p><strong>Te puede interesar \u2013\u00a0<a href=\"https:\/\/avispa.org\/sureste-de-mexico-a-la-venta-bajo-promocion-de-la-embajada-de-los-eeuu\/\">Sureste de M\u00e9xico a la venta bajo promoci\u00f3n de la embajada de los EEUU<\/a><\/strong><\/p>\n<p>El Colectivo de Observaci\u00f3n y Monitoreo del Sureste Mexicano coincide en que la militarizaci\u00f3n de las pol\u00edticas migratorias actuales cada vez coloca en mayor riesgo a las distintas migraciones.<\/p>\n<p>Las fuentes consultadas externaron su preocupaci\u00f3n por las violencias contra defensores y periodistas que hablan sobre el control de las rutas migratorias y la operatividad que involucra a funcionarios de distintos rangos de gobierno. Tanto en el caso de San Fernando, Camargo y Chiapas, adem\u00e1s de las situaciones que no han tenido cobertura medi\u00e1tica, las familias de las v\u00edctimas no obtienen la reparaci\u00f3n del da\u00f1o, tampoco el acceso a la justicia.<br \/>\n<\/p>","protected":false},"excerpt":{"rendered":"<p>Fuente: Avispa Midia Por Jeny Pascacio Al igual que la masacre de migrantes de San Fernando y Camargo, Tamaulipas, M\u00e9xico, en los a\u00f1os 2010 y 2021, respectivamente, y la volcadura de un tr\u00e1iler en Chiapas hace seis meses con 53 migrantes fallecidos, la historia se vuelve a repetir. En los Estados Unidos fueron hallados 53 [&hellip;]<\/p>\n","protected":false},"author":21,"featured_media":42782,"comment_status":"open","ping_status":"closed","sticky":false,"template":"","format":"standard","meta":{"footnotes":""},"categories":[51,1284,826,954,959,935],"tags":[58,919,53,1305,30,148,27],"class_list":["post-42781","post","type-post","status-publish","format-standard","has-post-thumbnail","hentry","category-autor","category-latinoamerica","category-medios-libres-2","category-mexico","category-migracion","category-temas","tag-derechos-humanos","tag-estados-unidos","tag-justicia","tag-latinoamerica","tag-migracion","tag-resistencia","tag-solidaridad"],"_links":{"self":[{"href":"https:\/\/radiozapatista.org\/index.php?rest_route=\/wp\/v2\/posts\/42781","targetHints":{"allow":["GET"]}}],"collection":[{"href":"https:\/\/radiozapatista.org\/index.php?rest_route=\/wp\/v2\/posts"}],"about":[{"href":"https:\/\/radiozapatista.org\/index.php?rest_route=\/wp\/v2\/types\/post"}],"author":[{"embeddable":true,"href":"https:\/\/radiozapatista.org\/index.php?rest_route=\/wp\/v2\/users\/21"}],"replies":[{"embeddable":true,"href":"https:\/\/radiozapatista.org\/index.php?rest_route=%2Fwp%2Fv2%2Fcomments&post=42781"}],"version-history":[{"count":2,"href":"https:\/\/radiozapatista.org\/index.php?rest_route=\/wp\/v2\/posts\/42781\/revisions"}],"predecessor-version":[{"id":42797,"href":"https:\/\/radiozapatista.org\/index.php?rest_route=\/wp\/v2\/posts\/42781\/revisions\/42797"}],"wp:featuredmedia":[{"embeddable":true,"href":"https:\/\/radiozapatista.org\/index.php?rest_route=\/wp\/v2\/media\/42782"}],"wp:attachment":[{"href":"https:\/\/radiozapatista.org\/index.php?rest_route=%2Fwp%2Fv2%2Fmedia&parent=42781"}],"wp:term":[{"taxonomy":"category","embeddable":true,"href":"https:\/\/radiozapatista.org\/index.php?rest_route=%2Fwp%2Fv2%2Fcategories&post=42781"},{"taxonomy":"post_tag","embeddable":true,"href":"https:\/\/radiozapatista.org\/index.php?rest_route=%2Fwp%2Fv2%2Ftags&post=42781"}],"curies":[{"name":"wp","href":"https:\/\/api.w.org\/{rel}","templated":true}]}}