{"id":42736,"date":"2022-06-27T21:53:56","date_gmt":"2022-06-28T02:53:56","guid":{"rendered":"https:\/\/radiozapatista.org\/?p=42736"},"modified":"2022-06-27T21:53:56","modified_gmt":"2022-06-28T02:53:56","slug":"denuncian-violencia-armada-e-institucional-contra-pueblos-indigenas-de-mexico","status":"publish","type":"post","link":"https:\/\/radiozapatista.org\/?p=42736","title":{"rendered":"Denuncian violencia armada e institucional contra pueblos ind\u00edgenas de M\u00e9xico"},"content":{"rendered":"<p>Fuente: <a href=\"https:\/\/avispa.org\/denuncian-violencia-armada-e-institucional-contra-pueblos-indigenas-de-mexico\/\">Avispa Midia<\/a><\/p>\n<p>Por Jeny Pascacio<\/p>\n<div class=\"tdb-block-inner td-fix-index\">\n<p><em><sup>En portada: Comunidades ind\u00edgenas de Chiapas se movilizan para exigir la libertad de cinco defensores de Cancuc, presos arbitrariamente y acusados con pruebas fabricadas por la fiscal\u00eda de Chiapas. Junio, 2022.<\/sup><\/em><\/p>\n<p>Para visibilizar la violencia contra pueblos originarios de M\u00e9xico a partir de la presencia del crimen organizado, grupos herederos del paramilitarismo y organizaciones armadas con historia pol\u00edtica, Indigenous Peoples Rights International (IPRI) realiz\u00f3 un informe que contiene el an\u00e1lisis y sistematizaci\u00f3n de 16 casos de violaciones graves de derechos humanos durante 2021.<\/p>\n<p>En este ejercicio se identificaron siete tipos diferentes de violaciones graves a los derechos humanos en el a\u00f1o 2021 y reconoce que existen m\u00e1s agresiones de las que lograron documentar a profundidad.<\/p>\n<p>Cinco de los casos presentados son por desplazamiento forzada, tres por desaparici\u00f3n forzada, tres por homicidio, dos por violaci\u00f3n al Consentimiento Libre, Previo e Informado (CLPI), uno por criminalizaci\u00f3n, uno por despojo del territorio y uno por violaci\u00f3n al derecho humano al reconocimiento de la personalidad jur\u00eddica.<\/p>\n<p>El coordinador de la iniciativa en este pa\u00eds, Abel Barrera, dijo que el trabajo de documentaci\u00f3n se realiz\u00f3 en dos a\u00f1os con visitas a determinadas zonas de ocho entidades que integran el estudio que realizaron con organizaciones aliadas.<\/p>\n<p>\u201cLos rar\u00e1muris han sido despojados hist\u00f3ricamente de sus territorios\u201d, hizo hincapi\u00e9 en la presentaci\u00f3n de la investigaci\u00f3n, \u201cla regi\u00f3n de Chihuahua es como el M\u00e9xico olvidado, sometido por la delincuencia organizada; no respetan las formas de vivir de los pueblos\u201d.<\/p>\n<figure class=\"wp-block-image size-full\"><a class=\"td-modal-image\" href=\"https:\/\/avispa.org\/wp-content\/uploads\/2022\/02\/Amenaza-conflicto-con-desplazar-a-ma\u0301s-3-mil-indi\u0301genas-de-Aldama-3.jpg\"><img loading=\"lazy\" decoding=\"async\" class=\"wp-image-48249\" src=\"https:\/\/avispa.org\/wp-content\/uploads\/2022\/02\/Amenaza-conflicto-con-desplazar-a-ma\u0301s-3-mil-indi\u0301genas-de-Aldama-3.jpg\" sizes=\"auto, (max-width: 1020px) 100vw, 1020px\" srcset=\"https:\/\/avispa.org\/wp-content\/uploads\/2022\/02\/Amenaza-conflicto-con-desplazar-a-ma\u0301s-3-mil-indi\u0301genas-de-Aldama-3.jpg 1020w, https:\/\/avispa.org\/wp-content\/uploads\/2022\/02\/Amenaza-conflicto-con-desplazar-a-ma\u0301s-3-mil-indi\u0301genas-de-Aldama-3-300x225.jpg 300w, https:\/\/avispa.org\/wp-content\/uploads\/2022\/02\/Amenaza-conflicto-con-desplazar-a-ma\u0301s-3-mil-indi\u0301genas-de-Aldama-3-768x576.jpg 768w, https:\/\/avispa.org\/wp-content\/uploads\/2022\/02\/Amenaza-conflicto-con-desplazar-a-ma\u0301s-3-mil-indi\u0301genas-de-Aldama-3-696x522.jpg 696w, https:\/\/avispa.org\/wp-content\/uploads\/2022\/02\/Amenaza-conflicto-con-desplazar-a-ma\u0301s-3-mil-indi\u0301genas-de-Aldama-3-560x420.jpg 560w, https:\/\/avispa.org\/wp-content\/uploads\/2022\/02\/Amenaza-conflicto-con-desplazar-a-ma\u0301s-3-mil-indi\u0301genas-de-Aldama-3-80x60.jpg 80w, https:\/\/avispa.org\/wp-content\/uploads\/2022\/02\/Amenaza-conflicto-con-desplazar-a-ma\u0301s-3-mil-indi\u0301genas-de-Aldama-3-265x198.jpg 265w\" alt=\"\" width=\"1020\" height=\"765\" \/><\/a><figcaption><em><sup>Amenaza conflicto con desplazar a ma\u0301s de 3 mil indi\u0301genas de Aldama<\/sup><\/em><\/figcaption><\/figure>\n<p>En el sur, lament\u00f3 que los pueblos originarios est\u00e9n en la primera l\u00ednea de fuego que provocan los grupos paramilitares que est\u00e1n presentes en Chiapas, donde los desplazamientos forzados tambi\u00e9n son un fen\u00f3meno recurrente.<\/p>\n<p class=\"has-vivid-cyan-blue-color has-text-color\"><a href=\"https:\/\/avispa.org\/chiapas-amenaza-conflicto-con-desplazar-a-mas-3-mil-indigenas-de-aldama\/\">Te puede interesar: <\/a><a href=\"https:\/\/avispa.org\/chiapas-amenaza-conflicto-con-desplazar-a-mas-3-mil-indigenas-de-aldama\/\" target=\"_blank\" rel=\"noreferrer noopener\">Chiapas: Amenaza conflicto con desplazar a m\u00e1s 3 mil ind\u00edgenas de Aldama<\/a><\/p>\n<p>Agreg\u00f3 que en Guerrero las resistencias enfrentan los promotores de los megaproyectos y como en los dem\u00e1s estados, existe persecuci\u00f3n de l\u00edderes ind\u00edgenas como el caso de Marco Antonio Su\u00e1stegui, quien enfrenta la desaparici\u00f3n de un hermano; delito que tambi\u00e9n va en aumento.<\/p>\n<p>En Loma de Bac\u00fam, Sonora, son 10 las personas desaparecidas, dijo la tambi\u00e9n coordinadora de este informe, Anabela Carl\u00f3n, \u201ctiene que ver mucho con el despojo y la criminalizaci\u00f3n del pueblo yaqui\u201d.<\/p>\n<p>Carl\u00f3n mencion\u00f3 que en Zit\u00e1cuaro, Michoac\u00e1n est\u00e1 lucha contra el crimen organizado, en Guerrero contra la desaparici\u00f3n forzada, en Chiapas por desplazamiento forzado, y en ese tenor destac\u00f3 el caso de Laguna Larga, donde m\u00e1s 450 guatemaltecos sobreviven en condiciones adversas e inhumanas en la franja fronteriza que colinda con Candelaria, Campeche.<\/p>\n<p>El asedio que se da por grupos paramilitares en Chiapas, por empresarios en Chihuahua, por la delincuencia organizada en Guerrero es principalmente contra los territorios originarios, agreg\u00f3 Barrera, \u201ces algo grave que est\u00e1 documentado\u201d.<\/p>\n<h3 id=\"h-desigualdad\" class=\"has-black-color has-text-color\"><strong>Desigualdad<\/strong><\/h3>\n<p>Los coordinadores del estudio hablaron sobre la preocupaci\u00f3n por la din\u00e1mica estructural, las condiciones de desigualdad que impiden el goce de derechos para individuos y comunidades.<\/p>\n<p>Las agresiones a partir de la discriminaci\u00f3n buscan eliminar la organizaci\u00f3n comunitaria, dijo Carl\u00f3n, \u201clos pueblos defienden sus derechos con organizaci\u00f3n y con litigios en los que siempre est\u00e1n en desventaja. A\u00fan cuando los pueblos ind\u00edgenas ganan cualquier litigio, no son ejecutados, no los vemos materializados en acciones verdaderas hacia los pueblos\u201d. Como ejemplo, mencion\u00f3 la situaci\u00f3n de los movimientos por los derechos colectivos al territorio y al agua de los yaquis de Sonora.<\/p>\n<p>Los 16 casos son presentados en historias narradas desde los pueblos originarios. El apartado de Chiapas destaca el caso de Acteal con la menci\u00f3n del reciente asesinato del defensor de los derechos humanos, Sim\u00f3n Pedro P\u00e9rez.<\/p>\n<p>En Michoac\u00e1n, en el municipio de Zit\u00e1cuaro, las comunidades mazahua y h\u00f1ah\u00f1u de Crescencio Morales, Donaciano Ojeda, Francisco Serrato y los ejidos Francisco Serrato y Carpinteros, que son amenazados por el crimen organizado y el gobierno del estado.<\/p>\n<p class=\"has-vivid-cyan-blue-color has-text-color\">Abel Barreda dijo que, en general, el tema es complicado en este momento y ejemplific\u00f3 el contexto de municipios como San Crist\u00f3bal de Las Casas, Chiapas; as\u00ed como los asesinatos de defensores de derechos humanos en territorios ind\u00edgenas donde no hay avances en las investigaciones de las autoridades locales.<\/p>\n<p class=\"has-vivid-cyan-blue-color has-text-color\"><a href=\"https:\/\/avispa.org\/imparable-violencia-en-chiapas-aumentan-muertes-de-infantes-por-conflictos\/\">Te puede interesar: <\/a><a href=\"https:\/\/avispa.org\/imparable-violencia-en-chiapas-aumentan-muertes-de-infantes-por-conflictos\/\" target=\"_blank\" rel=\"noreferrer noopener\">Imparable violencia en Chiapas; aumentan muertes de infantes por conflictos<\/a><\/p>\n<p>Mencion\u00f3 la grave situaci\u00f3n de la comunidad Paso de la Reyna, Oaxaca en la lucha por r\u00edo Verde; adem\u00e1s de Hom\u00fan, Yucat\u00e1n y el caso del Consejo de Ejidos y Comunidades Opositoras a la Presa La Parota (CECOP) Guerrero.<\/p>\n<p>Citlali Hern\u00e1ndez, coordinadora del trabajo de IPRI en M\u00e9xico, dijo que est\u00e1n atentos de lo que pasa en Jalisco pero el tema no fue mencionado por razones de seguridad, pues se trata de acoso y asesinato de autoridades ind\u00edgenas como en el pueblo de San Juan Bautista de la Laguna, donde no hay respeto por la autonom\u00eda de la comunidad.<\/p>\n<p>En el trabajo de documentaci\u00f3n, IPRI hizo recomendaciones que van desde establecimiento de un marco jur\u00eddico que garantice los derechos colectivos de los pueblos ind\u00edgenas para solucionar la crisis humanitaria del desplazamiento; por mencionar alguna.<\/p>\n<p>\u201cSe debe intervenir para romper el pacto de impunidad y la colusi\u00f3n de instituciones estatales con el crimen organizado y grupos herederos del paramilitarismo\u201d. En los casos de homicidios y desaparici\u00f3n forzada, seguimiento puntual a las denuncias penales, a las denuncias p\u00fablicas y a las acciones urgentes.<\/p>\n<figure class=\"wp-block-image size-large\"><a class=\"td-modal-image\" href=\"https:\/\/avispa.org\/wp-content\/uploads\/2022\/06\/LagunaLarga-5anos-3-1024x562.jpg\"><img loading=\"lazy\" decoding=\"async\" class=\"wp-image-86069\" src=\"https:\/\/avispa.org\/wp-content\/uploads\/2022\/06\/LagunaLarga-5anos-3-1024x562.jpg\" sizes=\"auto, (max-width: 1024px) 100vw, 1024px\" srcset=\"https:\/\/avispa.org\/wp-content\/uploads\/2022\/06\/LagunaLarga-5anos-3-1024x562.jpg 1024w, https:\/\/avispa.org\/wp-content\/uploads\/2022\/06\/LagunaLarga-5anos-3-300x165.jpg 300w, https:\/\/avispa.org\/wp-content\/uploads\/2022\/06\/LagunaLarga-5anos-3-768x422.jpg 768w, https:\/\/avispa.org\/wp-content\/uploads\/2022\/06\/LagunaLarga-5anos-3-696x382.jpg 696w, https:\/\/avispa.org\/wp-content\/uploads\/2022\/06\/LagunaLarga-5anos-3-1068x586.jpg 1068w, https:\/\/avispa.org\/wp-content\/uploads\/2022\/06\/LagunaLarga-5anos-3.jpg 1080w\" alt=\"\" width=\"1024\" height=\"562\" \/><\/a><figcaption><em><sup>Protestas en el marco del quinto aniversario del desalojo de la comunidad de Laguna Larga, Guatemala<\/sup><\/em><\/figcaption><\/figure>\n<p>El informe incluye relatos de Monterde y el Manzano, Chihuahua; Bosques de San El\u00edas Repechique, Chihuahua; Tehuerichi, Chihuahua; Huitosachi, Chihuahua; Aldama y Acteal en Chiapas; Loma de B\u00e1cum, Sonora; Zit\u00e1cuaro, Michoac\u00e1n; Hom\u00fan, Yucat\u00e1n; Chablekal, Yucat\u00e1n; Consejo de Ejidos y Comunidades Opositoras a la Presa La Parota (CECOP) Guerrero; Paso de la Reyna, en Oaxaca; y Laguna Larga, Guatemala.<\/p>\n<p>IPRI tiene registro que en el periodo 2020- 2023, los pa\u00edses focales est\u00e1n en \u00c1frica, Asia y Am\u00e9rica Latina, y son aquellos con altos \u00edndices de criminalidad e impunidad: Colombia, M\u00e9xico, Brasil, Filipinas, India, Rep\u00fablica Democr\u00e1tica del Congo y Kenia.<\/p>\n<\/div>\n<p>&nbsp;<\/p>","protected":false},"excerpt":{"rendered":"<p>Fuente: Avispa Midia Por Jeny Pascacio En portada: Comunidades ind\u00edgenas de Chiapas se movilizan para exigir la libertad de cinco defensores de Cancuc, presos arbitrariamente y acusados con pruebas fabricadas por la fiscal\u00eda de Chiapas. Junio, 2022. Para visibilizar la violencia contra pueblos originarios de M\u00e9xico a partir de la presencia del crimen organizado, grupos [&hellip;]<\/p>\n","protected":false},"author":21,"featured_media":42738,"comment_status":"open","ping_status":"closed","sticky":false,"template":"","format":"standard","meta":{"footnotes":""},"categories":[957,51,826,958,954,961,935],"tags":[79,58,53,567,147,41,23,37,545,87,148,27,483],"class_list":["post-42736","post","type-post","status-publish","format-standard","has-post-thumbnail","hentry","category-autonomia","category-autor","category-medios-libres-2","category-megaproyectos","category-mexico","category-mujeres","category-temas","tag-autonomia","tag-derechos-humanos","tag-justicia","tag-megaproyectos","tag-militarizacion","tag-mujeres","tag-paramilitares","tag-presos-politicos","tag-pueblos-indigenas","tag-represion","tag-resistencia","tag-solidaridad","tag-tierra-y-territorio"],"_links":{"self":[{"href":"https:\/\/radiozapatista.org\/index.php?rest_route=\/wp\/v2\/posts\/42736","targetHints":{"allow":["GET"]}}],"collection":[{"href":"https:\/\/radiozapatista.org\/index.php?rest_route=\/wp\/v2\/posts"}],"about":[{"href":"https:\/\/radiozapatista.org\/index.php?rest_route=\/wp\/v2\/types\/post"}],"author":[{"embeddable":true,"href":"https:\/\/radiozapatista.org\/index.php?rest_route=\/wp\/v2\/users\/21"}],"replies":[{"embeddable":true,"href":"https:\/\/radiozapatista.org\/index.php?rest_route=%2Fwp%2Fv2%2Fcomments&post=42736"}],"version-history":[{"count":1,"href":"https:\/\/radiozapatista.org\/index.php?rest_route=\/wp\/v2\/posts\/42736\/revisions"}],"predecessor-version":[{"id":42739,"href":"https:\/\/radiozapatista.org\/index.php?rest_route=\/wp\/v2\/posts\/42736\/revisions\/42739"}],"wp:featuredmedia":[{"embeddable":true,"href":"https:\/\/radiozapatista.org\/index.php?rest_route=\/wp\/v2\/media\/42738"}],"wp:attachment":[{"href":"https:\/\/radiozapatista.org\/index.php?rest_route=%2Fwp%2Fv2%2Fmedia&parent=42736"}],"wp:term":[{"taxonomy":"category","embeddable":true,"href":"https:\/\/radiozapatista.org\/index.php?rest_route=%2Fwp%2Fv2%2Fcategories&post=42736"},{"taxonomy":"post_tag","embeddable":true,"href":"https:\/\/radiozapatista.org\/index.php?rest_route=%2Fwp%2Fv2%2Ftags&post=42736"}],"curies":[{"name":"wp","href":"https:\/\/api.w.org\/{rel}","templated":true}]}}