{"id":42718,"date":"2022-06-26T21:33:14","date_gmt":"2022-06-27T02:33:14","guid":{"rendered":"https:\/\/radiozapatista.org\/?p=42718"},"modified":"2022-06-26T22:27:35","modified_gmt":"2022-06-27T03:27:35","slug":"cipog-ez-estamos-siendo-embestidos-por-el-grupo-paramilitar-los-ardillos","status":"publish","type":"post","link":"https:\/\/radiozapatista.org\/?p=42718","title":{"rendered":"CIPOG-EZ: Estamos siendo embestidos por el grupo paramilitar Los Ardillos"},"content":{"rendered":"<p><\/p>\n<header>\n<div class=\"post-meta text-left\">\n<div style=\"width: 640px;\" class=\"wp-video\"><video class=\"wp-video-shortcode\" id=\"video-42718-1\" width=\"640\" height=\"352\" preload=\"metadata\" controls=\"controls\"><source type=\"video\/mp4\" src=\"https:\/\/radiozapatista.org\/wp-content\/uploads\/2022\/06\/tula_video_cipoeg.mp4?_=1\" \/><a href=\"https:\/\/radiozapatista.org\/wp-content\/uploads\/2022\/06\/tula_video_cipoeg.mp4\">https:\/\/radiozapatista.org\/wp-content\/uploads\/2022\/06\/tula_video_cipoeg.mp4<\/a><\/video><\/div>\n<\/div>\n<\/header>\n<div class=\"entry-content\">\n<p><img loading=\"lazy\" decoding=\"async\" class=\"alignnone size-full wp-image-694\" src=\"https:\/\/radiozapote.org\/wp-content\/uploads\/2022\/02\/1397188052.png\" sizes=\"auto, (max-width: 834px) 100vw, 834px\" srcset=\"https:\/\/radiozapote.org\/wp-content\/uploads\/2022\/02\/1397188052.png 834w, https:\/\/radiozapote.org\/wp-content\/uploads\/2022\/02\/1397188052-300x68.png 300w, https:\/\/radiozapote.org\/wp-content\/uploads\/2022\/02\/1397188052-768x173.png 768w\" alt=\"\" width=\"834\" height=\"188\" \/><\/p>\n<p>Al EJERCITO ZAPATISTA DE LIBERACI\u00d3N NACIONAL.<\/p>\n<p>AL CONCEJO NACIONAL INDIGENA.<\/p>\n<p>A TODOS LO MEDIOS DE COMUNICACI\u00d3N LIBRES.<\/p>\n<p>A TODAS LAS ORGANIZACIONES DE LUCHA SOLIDARIAS<\/p>\n<p>A TODOS LOS PUEBLOS DE MEXICO Y EL MUNDO.<\/p>\n<p>PRESENTE.<\/p>\n<p>Hacemos de su conocimiento que hoy 26 de junio estamos siendo embestidos por el grupo narco paramilitar \u201cLOS ARDILLOS\u201d, est\u00e1n atacando en estos momentos a la comunidad de Tula, los disparos con arma de fuego, artefactos explosivos en por v\u00eda a\u00e9rea, llevan cerca de 30 minutos, sin cese al fuego.<\/p>\n<p>Hermanos, hermanas les pedimos que difundan esta informaci\u00f3n, el Consejo ind\u00edgena y Popular de guerrero Emiliano Zapata y las polic\u00edas comunitarias, estamos resistiendo, mas sin embargo esta situaci\u00f3n lleva m\u00e1s de una semana NO CONTAMOS CON EL APOYO DEL GOBIERNO FEDERAL, ESTATAL, NI MUNICIPAL, solo son simples espectadores de lo que ocurre en Las Comunidades de la Monta\u00f1a Baja, haci\u00e9ndonos blanco de cr\u00edmenes de Lesa Humanidad.<\/p>\n<p>Nos es inconcebible que el presidente ANDRES MANUEL LOPEZ OBRADOR, haya visitado el estado de Guerrero, haciendo creer que su mandato va viento en popa, sea o\u00eddos sordos, palabras mudas para lo que est\u00e1 ocurriendo en las comunidades m\u00e1s pobres del pa\u00eds.<br \/>\nEs por ello que solicitamos la intervenci\u00f3n de todos los colectivos de luchas sociales, que esta informaci\u00f3n llegue a los m\u00e1s altos est\u00e1ndares internacionales, ya que el Gobierno de los Estados Unidos Mexicanos es incompetente para dar el seguimiento a todos los cr\u00edmenes perpetrados a los pobladores y llevar acabo la orden de aprensi\u00f3n emitida en el a\u00f1o 2018 en contra los hermanos Celso Ortega L\u00edderes del grupo delincuencial \u201cLOS ARDILLOS\u201d y es incapaz de hacer valer un estado de derecho.<\/p>\n<p>\u00a1NO CLAUDICAMOS, NO NOS RENDIMOS, NO NOS VENDEMOS!<\/p>\n<p>ATENTAMENTE<\/p>\n<p>CONCEJO INDIGENA Y POPULAR DE GUERRERO EMILIANO ZAPATA, CIPOG-EZ<\/p>\n<\/div>\n<p><\/p>","protected":false},"excerpt":{"rendered":"<p>Al EJERCITO ZAPATISTA DE LIBERACI\u00d3N NACIONAL. AL CONCEJO NACIONAL INDIGENA. A TODOS LO MEDIOS DE COMUNICACI\u00d3N LIBRES. A TODAS LAS ORGANIZACIONES DE LUCHA SOLIDARIAS A TODOS LOS PUEBLOS DE MEXICO Y EL MUNDO. PRESENTE. Hacemos de su conocimiento que hoy 26 de junio estamos siendo embestidos por el grupo narco paramilitar \u201cLOS ARDILLOS\u201d, est\u00e1n atacando [&hellip;]<\/p>\n","protected":false},"author":21,"featured_media":42719,"comment_status":"open","ping_status":"closed","sticky":false,"template":"","format":"standard","meta":{"footnotes":""},"categories":[957,51,826],"tags":[79,77,53,567,147,23,545,87,148,27,483],"class_list":["post-42718","post","type-post","status-publish","format-standard","has-post-thumbnail","hentry","category-autonomia","category-autor","category-medios-libres-2","tag-autonomia","tag-guerrero","tag-justicia","tag-megaproyectos","tag-militarizacion","tag-paramilitares","tag-pueblos-indigenas","tag-represion","tag-resistencia","tag-solidaridad","tag-tierra-y-territorio"],"_links":{"self":[{"href":"https:\/\/radiozapatista.org\/index.php?rest_route=\/wp\/v2\/posts\/42718","targetHints":{"allow":["GET"]}}],"collection":[{"href":"https:\/\/radiozapatista.org\/index.php?rest_route=\/wp\/v2\/posts"}],"about":[{"href":"https:\/\/radiozapatista.org\/index.php?rest_route=\/wp\/v2\/types\/post"}],"author":[{"embeddable":true,"href":"https:\/\/radiozapatista.org\/index.php?rest_route=\/wp\/v2\/users\/21"}],"replies":[{"embeddable":true,"href":"https:\/\/radiozapatista.org\/index.php?rest_route=%2Fwp%2Fv2%2Fcomments&post=42718"}],"version-history":[{"count":4,"href":"https:\/\/radiozapatista.org\/index.php?rest_route=\/wp\/v2\/posts\/42718\/revisions"}],"predecessor-version":[{"id":42724,"href":"https:\/\/radiozapatista.org\/index.php?rest_route=\/wp\/v2\/posts\/42718\/revisions\/42724"}],"wp:featuredmedia":[{"embeddable":true,"href":"https:\/\/radiozapatista.org\/index.php?rest_route=\/wp\/v2\/media\/42719"}],"wp:attachment":[{"href":"https:\/\/radiozapatista.org\/index.php?rest_route=%2Fwp%2Fv2%2Fmedia&parent=42718"}],"wp:term":[{"taxonomy":"category","embeddable":true,"href":"https:\/\/radiozapatista.org\/index.php?rest_route=%2Fwp%2Fv2%2Fcategories&post=42718"},{"taxonomy":"post_tag","embeddable":true,"href":"https:\/\/radiozapatista.org\/index.php?rest_route=%2Fwp%2Fv2%2Ftags&post=42718"}],"curies":[{"name":"wp","href":"https:\/\/api.w.org\/{rel}","templated":true}]}}