{"id":42711,"date":"2022-06-24T15:24:54","date_gmt":"2022-06-24T20:24:54","guid":{"rendered":"https:\/\/radiozapatista.org\/?p=42711"},"modified":"2022-06-24T15:24:54","modified_gmt":"2022-06-24T20:24:54","slug":"abejas-de-acteal-hermanos-jesuitas-javier-campo-morales-y-joaquin-cesar-mora-salazar","status":"publish","type":"post","link":"https:\/\/radiozapatista.org\/?p=42711","title":{"rendered":"Abejas de Acteal: Hermanos Jesuitas Javier Campo Morales y Joaqu\u00edn C\u00e9sar Mora Salazar"},"content":{"rendered":"<p><\/p>\n<div class=\"post-header\">\n<div class=\"post-header-line-1\"><\/div>\n<\/div>\n<div id=\"post-body-310528979298671025\" class=\"post-body entry-content\">\n<div class=\"separator\"><a href=\"https:\/\/blogger.googleusercontent.com\/img\/b\/R29vZ2xl\/AVvXsEjyXBBZ68arYN8X2KrQIc1LYebitYjgMKudpRL9B6MBhL59qBmGMQ0cti2wq4JmxnpMfaD3lzTqV6OBvAJomLHbuiKGE51tNUgSWcD0b-t5XDLd_ooX1iLpZ5ISsVofdJS9W1ssDQrdDTbOgUevIIys5ZjVUH-FDODbmT4rudnhImGaqMWFx5Yys-VGYw\/s259\/Blog,%20Acteal.jpg\"><img loading=\"lazy\" decoding=\"async\" src=\"https:\/\/blogger.googleusercontent.com\/img\/b\/R29vZ2xl\/AVvXsEjyXBBZ68arYN8X2KrQIc1LYebitYjgMKudpRL9B6MBhL59qBmGMQ0cti2wq4JmxnpMfaD3lzTqV6OBvAJomLHbuiKGE51tNUgSWcD0b-t5XDLd_ooX1iLpZ5ISsVofdJS9W1ssDQrdDTbOgUevIIys5ZjVUH-FDODbmT4rudnhImGaqMWFx5Yys-VGYw\/w200-h150\/Blog,%20Acteal.jpg\" width=\"200\" height=\"150\" border=\"0\" data-original-height=\"194\" data-original-width=\"259\" \/><\/a><\/div>\n<p>Organizaci\u00f3n Sociedad Civil Las Abejas de Acteal<br \/>\nTierra Sagrada de los M\u00e1rtires de Acteal<br \/>\nMunicipio de Chenalh\u00f3, Chiapas, M\u00e9xico.<\/p>\n<p>22 de junio de 2022<br \/>\nAl Congreso Nacional Ind\u00edgena<br \/>\nAl Concejo Ind\u00edgena de Gobierno<br \/>\nA la Comisi\u00f3n Interamericana de Derechos Humanos<br \/>\nAl Pueblo Creyente de la Di\u00f3cesis de San Crist\u00f3bal de las Casas<br \/>\nA las y los defensores de los derechos humanos<br \/>\nA los medios libres y alternativos<br \/>\nA los medios de comunicaci\u00f3n nacional e internacional<br \/>\nA la Sociedad Civil Nacional e Internacional<\/p>\n<p>Hermanas y hermanos:<br \/>\nSeguimos luchando en este mes de junio, que marca la mitad del a\u00f1o en que cumpliremos 30 a\u00f1os de caminar como organizaci\u00f3n independiente y 25 de exigir justicia para la terrible Masacre que se cometi\u00f3 aqu\u00ed. Estamos reunidos a unos cuantos d\u00edas de honrar como cada a\u00f1o a nuestro Padre San Pedro, que vio con dolor c\u00f3mo los tres niveles de gobierno se coordinaron en 1997 para crear, entrenar y dirigir en su pueblo de Chenalh\u00f3 a los grupos paramilitares que luego llegaron a matar a nuestros 45 hermanos y hermanas inocentes y pacifistas, m\u00e1s nuestros 4 hermanitos beb\u00e9s que a\u00fan no hab\u00edan nacido, un d\u00eda 22 como hoy, con el fin de crear terror entre los hermanos zapatistas que se hab\u00edan alzado en armas contra el gobierno tres a\u00f1os antes.<\/p>\n<table class=\"tr-caption-container\" cellspacing=\"0\" cellpadding=\"0\" align=\"center\">\n<tbody>\n<tr>\n<td><a href=\"https:\/\/blogger.googleusercontent.com\/img\/b\/R29vZ2xl\/AVvXsEhQNZa1od1Is5EQyplHUf34mAwKUvgcoAoveZ2tn8HJZFAlr1usz_t6g2k7TVHF7jb9W7zwGjKTjEMxfVq3zAC7_SbmP3IlQq-wP7Zp4Wxvr5Q2opYEn31y99m2m9uhcvfGQTuCvHuW8gHZdcJqdxpva90ZpKiU7y75ZkvcueeeQX-pHb5BaqbCvQyIOA\/s5472\/_MG_1820.JPG\"><img loading=\"lazy\" decoding=\"async\" src=\"https:\/\/blogger.googleusercontent.com\/img\/b\/R29vZ2xl\/AVvXsEhQNZa1od1Is5EQyplHUf34mAwKUvgcoAoveZ2tn8HJZFAlr1usz_t6g2k7TVHF7jb9W7zwGjKTjEMxfVq3zAC7_SbmP3IlQq-wP7Zp4Wxvr5Q2opYEn31y99m2m9uhcvfGQTuCvHuW8gHZdcJqdxpva90ZpKiU7y75ZkvcueeeQX-pHb5BaqbCvQyIOA\/s320\/_MG_1820.JPG\" width=\"320\" height=\"213\" border=\"0\" data-original-height=\"3648\" data-original-width=\"5472\" \/><\/a><\/td>\n<\/tr>\n<tr>\n<td class=\"tr-caption\">Foto por: \u00c1rea de Comunicaci\u00f3n de Las Abejas<\/td>\n<td class=\"tr-caption\"><\/td>\n<\/tr>\n<\/tbody>\n<\/table>\n<p>Hoy le decimos al mismo mal gobierno que plane\u00f3, financi\u00f3, coordin\u00f3, felicit\u00f3, defendi\u00f3, protegi\u00f3, y sigue encubriendo y premiando a los autores materiales de la Masacre, que no vamos a parar hasta que se reconozca la verdad y sean castigados todos los responsables, todos los que tuvieron la posibilidad de parar este crimen de lesa humanidad y no lo hicieron, todos los que pudieron haber ayudado a hacer verdadera justicia para los m\u00e1rtires y sobrevivientes de esta Masacre y no lo hicieron, pues han preferido seguir con la pol\u00edtica de divisi\u00f3n y debilitamiento de nuestra organizaci\u00f3n y de las comunidades que fueron violentadas por este crimen de estado. Por eso, todos los miembros de la Sociedad Civil Las Abejas de Acteal seguimos esperando el Informe de Fondo de la Comisi\u00f3n Interamericana de Derechos Humanos y sabemos que es la \u00fanica manera de que la impunidad no triunfe en Chenalh\u00f3 y que se reduzca la probabilidad de que los grupos de corte paramilitar sigan actuando con la complicidad de las autoridades, para que no se vuelva a repetir una masacre parecida en Chiapas.<\/p>\n<p>Nos anima saber que existen muchos hermanos que est\u00e1n dispuestos a luchar por esta justicia, aunque tarde mucho en llegar. Tal como lo dijo el pap\u00e1 de uno de los 8 hermanos masacrados en Nochixtl\u00e1n, Oaxaca, hace 6 a\u00f1os por la Polic\u00eda Federal en el desalojo forzado que hab\u00eda solicitado el entonces gobernador Gabino Cu\u00e9, que dispararon contra maestros y padres de familia que protestaban sin armas contra la reforma educativa de Pe\u00f1a Nieto: familiares y v\u00edctimas no buscan dinero, sino la verdad y justicia, saber qui\u00e9nes dieron las \u00f3rdenes que terminaron con las ocho muertes, incluida la de su hijo, y que se les castigue con todo el peso de la ley, pues hasta ahora solamente han sido aprehendidos tres mandos policiacos.<\/p>\n<p>De la misma forma, seguiremos presionando, junto con todas las mujeres y hombres de buena voluntad que tienen coraz\u00f3n de apoyarnos, para exigir que se haga verdadera justicia por el asesinato de nuestro hermano y compa\u00f1ero Sim\u00f3n Pedro P\u00e9rez L\u00f3pez. Este 30 de junio se reanudar\u00e1 en Cintalapa la Segunda Audiencia para la presentaci\u00f3n de pruebas que demuestran la culpabilidad de su asesino material, que ya est\u00e1 detenido, y seguiremos pidiendo que se juzgue y castigue tambi\u00e9n a los que le dieron la orden de asesinarlo. Algunos d\u00edas despu\u00e9s, acompa\u00f1aremos a su familia y a su comunidad en Ejido Israelita del municipio de Simojovel, para conmemorar el Primer Aniversario de la entrega de su vida, que le fue arrebatada un 5 de julio por buscar caminos de paz en la realidad de violencia generalizada que vivimos en nuestro pa\u00eds; situaci\u00f3n que viene haci\u00e9ndose cada vez m\u00e1s grave en Chiapas por la actuaci\u00f3n impune de grupos armados vinculados al crimen organizado y a las mafias en el gobierno que los protegen y utilizan.<\/p>\n<p>Ante esto, es por la misma responsabilidad que aprendemos en la Palabra de Dios y con el ejemplo de nuestros m\u00e1rtires, que no podemos callar ni ser indiferentes al sufrimiento, y tal como lo hizo nuestro hermano Sim\u00f3n Pedro, necesitamos solidarizarnos con las v\u00edctimas y luchar activamente para construir la paz. Es el mismo esp\u00edritu que movi\u00f3 al Padre Marcelo a convocar la Marcha-Peregrinaci\u00f3n por la Paz el pasado jueves de Copus Cristi, donde muchos creyentes en San Crist\u00f3bal de las Casas pidieron por las v\u00edctimas de la violencia de los graves hechos ocurridos en el Mercado de la Zona Norte el pasado 14 de junio, en un enfrentamiento donde a plena luz del d\u00eda se dispararon armas de alto poder. La peregrinaci\u00f3n se organiz\u00f3 tambi\u00e9n para orar por los perpetradores de la violencia y quienes han fomentado la formaci\u00f3n de grupos armados vinculados al crimen organizado en San Crist\u00f3bal, es decir para \u201cpedir que acabe la violencia estructural, recuperar la conciencia de que todos somos seres humanos. Todos pedimos por la paz, todos somos humanos y si no hay paz, los que toman las armas tampoco van a estar en paz\u201d.<\/p>\n<p>Y es el mismo esp\u00edritu que movi\u00f3 a nuestros hermanos Jesuitas Javier Campo Morales y Joaqu\u00edn C\u00e9sar Mora Salazar, a defender a un hermano que se refugi\u00f3 antier en su parroquia de San Francisco Javier de Cerocahui en la Sierra Taraumara, cuando era perseguido por sicarios que terminaron asesin\u00e1ndolo a \u00e9l y a los dos padres, robando adem\u00e1s sus cuerpos. Nos llena de dolor e indignaci\u00f3n esta situaci\u00f3n de agravamiento de la violencia en nuestro pa\u00eds, que est\u00e1 cobrando cada vez m\u00e1s vidas inocentes. Nuestro coraz\u00f3n se entristece pero tambi\u00e9n se contagia con el ejemplo de estos padres que dieron toda una vida de servicio a los hermanos rar\u00e1muri, luchando por construir espacios organizados de lucha por la vida y la justicia, denunciando valientemente la terrible violencia que tienen d\u00e9cadas sufriendo nuestros hermanos en Chihuahua. Le pedimos a nuestro Dios Padre-Madre que los reciba y que su sacrificio sea ofrenda que ayude a traer paz, fortaleci\u00e9ndonos para seguir luchando por ella, iluminando nuestro camino que parece a veces tan oscuro por el dolor y la impunidad.Asimismo, pedimos por nuestros pastores y servidores de la Di\u00f3cesis de San Crist\u00f3bal que han sido amenazados por el crimen organizado, para que sean librados de todo mal y sigan luchando con valent\u00eda del lado de los oprimidos para transformar todo lo que trae muerte y destrucci\u00f3n al pueblo.<\/p>\n<p>As\u00ed tambi\u00e9n le pedimos a Dios que siga fortaleciendo a los hermanos del Concejo Ind\u00edgena y Popular de Guerrero &#8211; Emiliano Zapata, que enfrentan ataques permanentes del grupo narco-paramilitar \u201cLos Ardillos\u201d con la protecci\u00f3n de los tres niveles de gobierno.<\/p>\n<p>Por \u00faltimo, queremos decirles a nuestros hermanos de Pueblo Creyente en San Juan Cancuc que los que conformamos la Organizaci\u00f3n Sociedad Civil Las Abejas Acteal entendemos bien la terrible injusticia que est\u00e1n enfrentando desde el pasado 6 de junio que les encarcelaron injustamente a los 5 compa\u00f1eros: Manuel Santiz Cruz, Agust\u00edn P\u00e9rez Dom\u00ednguez, Juan Velasco Aguilar, Agust\u00edn P\u00e9rez Velasco y Mart\u00edn P\u00e9rez Dom\u00ednguez, cuyo \u00fanico pecado ha sido defender la vida y el territorio de 45 comunidades ind\u00edgenas tseltales que se han declarado en contra de la autopista que han querido construir de San Crist\u00f3bal a Palenque. Tambi\u00e9n fueron 5 nuestros compa\u00f1eros que en 1992 hab\u00edan sido inculpados con puras mentiras en un asesinato donde hab\u00edan acudido a socorrer a la v\u00edctima, todo por ser molestos para el gobierno que los quer\u00eda presos para que dejaran de hablar claro sobre las injusticias que se comet\u00edan en nuestras comunidades y les ten\u00edan mucho coraje por no venderse con los partidos pol\u00edticos. La movilizaci\u00f3n de los servidores y creyentes de las Parroquias de Chenalh\u00f3 y pueblos vecinos, junto con el apoyo de la Di\u00f3cesis de San Crist\u00f3bal con plantones, peregrinaciones, oraciones y ayunos, logr\u00f3 sacar a los inocentes de la c\u00e1rcel y dio como resultado la fundaci\u00f3n de nuestra organizaci\u00f3n. Cuenten con nosotros para seguir el mismo camino para combatir la vergonzosa maquinaria de injusticia que sigue siendo el poder judicial en Chiapas, fabricando delitos y comprando jueces para paralizar a los defensores de los pueblos que resultan inc\u00f3modos para los poderosos.<\/p>\n<p>Hermanas y hermanos, les pedimos que sigan caminando con nosotros estos caminos de denuncia y anuncio, de dignidad y esperanza en la necia lucha por la justicia en la verdad.<\/p>\n<p>Desde Acteal, Casa de la Memoria y la Esperanza,<\/p>\n<p>Atentamente<br \/>\nLa Voz de la Organizaci\u00f3n sociedad Civil Las Abejas de Acteal.<br \/>\nPor la Mesa Directiva:<\/p>\n<p>Manuel P\u00e8rez Jim\u00e9nez\u00a0\u00a0\u00a0\u00a0\u00a0\u00a0\u00a0\u00a0\u00a0\u00a0\u00a0\u00a0\u00a0\u00a0\u00a0\u00a0\u00a0\u00a0\u00a0\u00a0\u00a0\u00a0\u00a0\u00a0\u00a0\u00a0\u00a0\u00a0\u00a0\u00a0\u00a0 Antonio Ram\u00edrez P\u00e9rez<br \/>\nPresidente\u00a0\u00a0\u00a0\u00a0\u00a0\u00a0\u00a0\u00a0\u00a0\u00a0\u00a0\u00a0\u00a0\u00a0\u00a0\u00a0\u00a0\u00a0\u00a0\u00a0\u00a0\u00a0\u00a0\u00a0\u00a0\u00a0\u00a0\u00a0\u00a0\u00a0\u00a0\u00a0\u00a0\u00a0\u00a0\u00a0\u00a0\u00a0\u00a0\u00a0\u00a0\u00a0\u00a0\u00a0\u00a0\u00a0\u00a0\u00a0\u00a0\u00a0\u00a0\u00a0\u00a0\u00a0\u00a0\u00a0\u00a0\u00a0\u00a0\u00a0\u00a0\u00a0\u00a0\u00a0\u00a0\u00a0\u00a0\u00a0\u00a0 Secretario<\/p>\n<p>Victor Manuel L\u00f3pez G\u00f2mez\u00a0\u00a0\u00a0\u00a0\u00a0\u00a0\u00a0\u00a0\u00a0\u00a0\u00a0\u00a0\u00a0\u00a0\u00a0\u00a0\u00a0\u00a0\u00a0\u00a0\u00a0\u00a0\u00a0\u00a0\u00a0\u00a0\u00a0\u00a0\u00a0\u00a0\u00a0\u00a0\u00a0\u00a0 Mariano Sanchez Diaz<br \/>\nTesorero\u00a0\u00a0\u00a0\u00a0\u00a0\u00a0\u00a0\u00a0\u00a0\u00a0\u00a0\u00a0\u00a0\u00a0\u00a0\u00a0\u00a0\u00a0\u00a0\u00a0\u00a0\u00a0\u00a0\u00a0\u00a0\u00a0\u00a0\u00a0\u00a0\u00a0\u00a0\u00a0\u00a0\u00a0\u00a0\u00a0\u00a0\u00a0\u00a0\u00a0\u00a0\u00a0\u00a0\u00a0\u00a0\u00a0\u00a0\u00a0\u00a0\u00a0\u00a0\u00a0\u00a0\u00a0\u00a0\u00a0\u00a0\u00a0\u00a0\u00a0\u00a0\u00a0\u00a0\u00a0\u00a0\u00a0\u00a0 Sub Secretario<\/p>\n<table class=\"tr-caption-container\" cellspacing=\"0\" cellpadding=\"0\" align=\"center\">\n<tbody>\n<tr>\n<td><a href=\"https:\/\/blogger.googleusercontent.com\/img\/b\/R29vZ2xl\/AVvXsEgtCmfIhVw_B291tz8DvdmgYOqDknO4c8pS4jYK1QfttWsU2ZE8lXhlNBCWrc9IAuwv8IN-yyzYLfD3yFRiaoTf3sorAS2RzvX00tLYPI5EA9wBp_AyYNI3CKC67qtmLX-9Qy7HlP_aStQQv9ML2fNwQBfUlQbu_FEKXfgVfDRMH-WeCTMmhzLgWy_ZPw\/s5472\/_MG_1824.JPG\"><img loading=\"lazy\" decoding=\"async\" src=\"https:\/\/blogger.googleusercontent.com\/img\/b\/R29vZ2xl\/AVvXsEgtCmfIhVw_B291tz8DvdmgYOqDknO4c8pS4jYK1QfttWsU2ZE8lXhlNBCWrc9IAuwv8IN-yyzYLfD3yFRiaoTf3sorAS2RzvX00tLYPI5EA9wBp_AyYNI3CKC67qtmLX-9Qy7HlP_aStQQv9ML2fNwQBfUlQbu_FEKXfgVfDRMH-WeCTMmhzLgWy_ZPw\/s320\/_MG_1824.JPG\" width=\"320\" height=\"213\" border=\"0\" data-original-height=\"3648\" data-original-width=\"5472\" \/><\/a><\/td>\n<\/tr>\n<tr>\n<td class=\"tr-caption\">Foto por: \u00c1rea de Comunicaci\u00f3n de las Abejas<\/td>\n<\/tr>\n<\/tbody>\n<\/table>\n<div class=\"separator\"><a href=\"https:\/\/blogger.googleusercontent.com\/img\/b\/R29vZ2xl\/AVvXsEhopfgTHBjsNA671MuCNZsgvLaht5Qw_JoF7xZSFSQHR6DsPhcwUPGDY-9NTDCyLA12H5_fxJIVP20QlrEsw0IrHJg9v_yPI_-g9BMkrn1oTedm9Tv4KG8uYlv-f7qFNdkvjvNgbWjNPMnJsfH152_eMwJA8rJhz21dB1c6WqHPLfOA6m-vWUf8UkBdcw\/s1169\/img20220622_15180636.jpg\"><img loading=\"lazy\" decoding=\"async\" src=\"https:\/\/blogger.googleusercontent.com\/img\/b\/R29vZ2xl\/AVvXsEhopfgTHBjsNA671MuCNZsgvLaht5Qw_JoF7xZSFSQHR6DsPhcwUPGDY-9NTDCyLA12H5_fxJIVP20QlrEsw0IrHJg9v_yPI_-g9BMkrn1oTedm9Tv4KG8uYlv-f7qFNdkvjvNgbWjNPMnJsfH152_eMwJA8rJhz21dB1c6WqHPLfOA6m-vWUf8UkBdcw\/w283-h400\/img20220622_15180636.jpg\" width=\"283\" height=\"400\" border=\"0\" data-original-height=\"1169\" data-original-width=\"827\" \/><\/a><\/div>\n<div class=\"separator\"><a href=\"https:\/\/blogger.googleusercontent.com\/img\/b\/R29vZ2xl\/AVvXsEjbmNhJ0yoa0M7nVNETOtBUMoVT4zRD2J86RcYn7Uaq4c3NQC1erkoOmQYmbaiAcEZ6NMTbxDIWHiSD4pGzmxTbwa4mFIOyG8OBQ2ubFlHMxAN-cr0h-bKZ7JY5eoWlePHLquLjPAcEk_Q7FiWJyViofEgLjakoygIibu3eEhsDIbmXjpyIbIvuKZN1iA\/s1169\/img20220622_15183717.jpg\"><img loading=\"lazy\" decoding=\"async\" src=\"https:\/\/blogger.googleusercontent.com\/img\/b\/R29vZ2xl\/AVvXsEjbmNhJ0yoa0M7nVNETOtBUMoVT4zRD2J86RcYn7Uaq4c3NQC1erkoOmQYmbaiAcEZ6NMTbxDIWHiSD4pGzmxTbwa4mFIOyG8OBQ2ubFlHMxAN-cr0h-bKZ7JY5eoWlePHLquLjPAcEk_Q7FiWJyViofEgLjakoygIibu3eEhsDIbmXjpyIbIvuKZN1iA\/w283-h400\/img20220622_15183717.jpg\" width=\"283\" height=\"400\" border=\"0\" data-original-height=\"1169\" data-original-width=\"827\" \/><\/a><\/div>\n<div class=\"separator\"><a href=\"https:\/\/blogger.googleusercontent.com\/img\/b\/R29vZ2xl\/AVvXsEgx968_Ggmp0r7zxBxEczkUZuut79CjAqO0DEN6KJWf_3n764-38cS7ITU3uB0_0OV_ujjXl8Qsehyd1rPW86fRKf1Z-iyh4aKAJGB3rx4Yec5NPPmGR0bo1oDiWW12SqVqhB9xkcjIKJGYUoJnxuyyecS4oKp8wRq_P6pIHmd0jLWoj6rBu9fnseh4mQ\/s1169\/img20220622_15204125.jpg\"><img loading=\"lazy\" decoding=\"async\" src=\"https:\/\/blogger.googleusercontent.com\/img\/b\/R29vZ2xl\/AVvXsEgx968_Ggmp0r7zxBxEczkUZuut79CjAqO0DEN6KJWf_3n764-38cS7ITU3uB0_0OV_ujjXl8Qsehyd1rPW86fRKf1Z-iyh4aKAJGB3rx4Yec5NPPmGR0bo1oDiWW12SqVqhB9xkcjIKJGYUoJnxuyyecS4oKp8wRq_P6pIHmd0jLWoj6rBu9fnseh4mQ\/w283-h400\/img20220622_15204125.jpg\" width=\"283\" height=\"400\" border=\"0\" data-original-height=\"1169\" data-original-width=\"827\" \/><\/a><\/div>\n<\/div>\n<p><\/p>","protected":false},"excerpt":{"rendered":"<p>Organizaci\u00f3n Sociedad Civil Las Abejas de Acteal Tierra Sagrada de los M\u00e1rtires de Acteal Municipio de Chenalh\u00f3, Chiapas, M\u00e9xico. 22 de junio de 2022 Al Congreso Nacional Ind\u00edgena Al Concejo Ind\u00edgena de Gobierno A la Comisi\u00f3n Interamericana de Derechos Humanos Al Pueblo Creyente de la Di\u00f3cesis de San Crist\u00f3bal de las Casas A las y [&hellip;]<\/p>\n","protected":false},"author":21,"featured_media":42712,"comment_status":"open","ping_status":"closed","sticky":false,"template":"","format":"standard","meta":{"footnotes":""},"categories":[51,6,826,954,935],"tags":[58,1378,53,545,87,148,27,1377,483],"class_list":["post-42711","post","type-post","status-publish","format-standard","has-post-thumbnail","hentry","category-autor","category-chiapas","category-medios-libres-2","category-mexico","category-temas","tag-derechos-humanos","tag-jesuitas","tag-justicia","tag-pueblos-indigenas","tag-represion","tag-resistencia","tag-solidaridad","tag-tarahumara","tag-tierra-y-territorio"],"_links":{"self":[{"href":"https:\/\/radiozapatista.org\/index.php?rest_route=\/wp\/v2\/posts\/42711","targetHints":{"allow":["GET"]}}],"collection":[{"href":"https:\/\/radiozapatista.org\/index.php?rest_route=\/wp\/v2\/posts"}],"about":[{"href":"https:\/\/radiozapatista.org\/index.php?rest_route=\/wp\/v2\/types\/post"}],"author":[{"embeddable":true,"href":"https:\/\/radiozapatista.org\/index.php?rest_route=\/wp\/v2\/users\/21"}],"replies":[{"embeddable":true,"href":"https:\/\/radiozapatista.org\/index.php?rest_route=%2Fwp%2Fv2%2Fcomments&post=42711"}],"version-history":[{"count":1,"href":"https:\/\/radiozapatista.org\/index.php?rest_route=\/wp\/v2\/posts\/42711\/revisions"}],"predecessor-version":[{"id":42713,"href":"https:\/\/radiozapatista.org\/index.php?rest_route=\/wp\/v2\/posts\/42711\/revisions\/42713"}],"wp:featuredmedia":[{"embeddable":true,"href":"https:\/\/radiozapatista.org\/index.php?rest_route=\/wp\/v2\/media\/42712"}],"wp:attachment":[{"href":"https:\/\/radiozapatista.org\/index.php?rest_route=%2Fwp%2Fv2%2Fmedia&parent=42711"}],"wp:term":[{"taxonomy":"category","embeddable":true,"href":"https:\/\/radiozapatista.org\/index.php?rest_route=%2Fwp%2Fv2%2Fcategories&post=42711"},{"taxonomy":"post_tag","embeddable":true,"href":"https:\/\/radiozapatista.org\/index.php?rest_route=%2Fwp%2Fv2%2Ftags&post=42711"}],"curies":[{"name":"wp","href":"https:\/\/api.w.org\/{rel}","templated":true}]}}