{"id":42649,"date":"2022-06-14T21:17:30","date_gmt":"2022-06-15T02:17:30","guid":{"rendered":"https:\/\/radiozapatista.org\/?p=42649"},"modified":"2022-06-14T21:17:30","modified_gmt":"2022-06-15T02:17:30","slug":"la-justicia-solo-funciona-ante-el-poder-abejas-de-acteal-a-un-ano-del-asesinato-de-simon-pedro","status":"publish","type":"post","link":"https:\/\/radiozapatista.org\/?p=42649","title":{"rendered":"\u201cLa justicia solo funciona ante el poder\u201d: Abejas de Acteal a un a\u00f1o del asesinato de Sim\u00f3n Pedro"},"content":{"rendered":"<p>Fuente: <a href=\"https:\/\/avispa.org\/la-justicia-solo-funciona-ante-el-poder-abejas-de-acteal-a-un-ano-del-asesinato-de-simon-pedro\/\">Avispa Midia<\/a><\/p>\n<p>Por Jeny Pascacio<\/p>\n<div class=\"tdb-block-inner td-fix-index\">\n<p>El 5 de julio pr\u00f3ximo se cumplir\u00e1 un a\u00f1o del asesinato del ex presidente de la Mesa Directiva de la Sociedad Civil Las Abejas de Acteal, Sim\u00f3n Pedro P\u00e9rez, fecha que ser\u00e1 conmemorada con un informe sobre su vida como defensor de los derechos humanos en Chiapas.<\/p>\n<p>Las Abejas de Acteal lamentaron que la investigaci\u00f3n de Sim\u00f3n Pedro no avance, \u201cla justicia solo funciona ante el dinero y el poder\u201d, pues se\u00f1alan que enfrentan a la falta de voluntad pol\u00edtica para investigar el contexto y las verdaderas causas del homicidio para dar con las personas que ordenaron la ejecuci\u00f3n.<\/p>\n<p>Sim\u00f3n Pedro fue asesinado en la cabecera municipal de Simojovel, despu\u00e9s de denunciar la omisi\u00f3n del Estado mexicano ante la actuaci\u00f3n impune de grupos de la delincuencia organizada.<\/p>\n<p class=\"has-vivid-cyan-blue-color has-text-color\"><a href=\"https:\/\/avispa.org\/abejas-de-acteal-rechazan-juicio-abreviado-por-asesinato-de-simon-pedro\/\" target=\"_blank\" rel=\"noreferrer noopener\">Te puede interesar \u2192 Abejas de Acteal rechazan juicio abreviado por asesinato de Sim\u00f3n Pedro\u00a0<\/a><\/p>\n<p>Las actividades en su memoria, por la verdad y la justicia ser\u00e1n convocadas en la comunidad Nuevo Israelita de Simojovel donde vivi\u00f3 y creci\u00f3 Sim\u00f3n Pedro; y donde actualmente reside su familia.<\/p>\n<figure class=\"wp-block-image size-full\"><a class=\"td-modal-image\" href=\"https:\/\/avispa.org\/wp-content\/uploads\/2022\/06\/SimonPedro-4-sipaz.png\"><img loading=\"lazy\" decoding=\"async\" class=\"wp-image-87680\" src=\"https:\/\/avispa.org\/wp-content\/uploads\/2022\/06\/SimonPedro-4-sipaz.png\" sizes=\"auto, (max-width: 714px) 100vw, 714px\" srcset=\"https:\/\/avispa.org\/wp-content\/uploads\/2022\/06\/SimonPedro-4-sipaz.png 714w, https:\/\/avispa.org\/wp-content\/uploads\/2022\/06\/SimonPedro-4-sipaz-300x225.png 300w, https:\/\/avispa.org\/wp-content\/uploads\/2022\/06\/SimonPedro-4-sipaz-696x522.png 696w\" alt=\"\" width=\"714\" height=\"535\" \/><\/a><\/figure>\n<p>Tanto la Di\u00f3cesis de San Crist\u00f3bal de Las Casas como el Centro de Derechos Humanos Fray Bartolom\u00e9 de Las Casas (Frayba) acompa\u00f1ar\u00e1n la peregrinaci\u00f3n, la celebraci\u00f3n eucar\u00edstica y la presentaci\u00f3n del informe para el que convocan la presencia de organizaciones aliadas.<\/p>\n<p>Tras el asesinato del defensor, la Comisi\u00f3n Interamericana de los Derechos Humanos y la Oficina del Alto Comisionado de Naciones Unidas recomendaron a la Fiscal\u00eda de Chiapas investigar a fondo estos hechos, no solo a los autores materiales si no intelectuales del asesinato.<\/p>\n<p>D\u00edas m\u00e1s tarde detuvieron a una persona acusada como autor material del crimen, \u201cnuestra percepci\u00f3n de la Fiscal\u00eda General del Estado de Chiapas es que con que haya un detenido ya se hizo justicia; no hay voluntad\u201d, dijo el abogado del Frayba, Jorge G\u00f3mez Hern\u00e1ndez.<\/p>\n<p>Pero esta presi\u00f3n pol\u00edtica desde la fecha del crimen, impuls\u00f3 el proceso y los asesores jur\u00eddicos no han agotado las l\u00edneas de investigaci\u00f3n. El 30 de junio se realizar\u00e1 la audiencia intermedia en el Centro de Reinserci\u00f3n para Sentenciados n\u00famero 14 \u2018El Amate\u2019 y \u201cdespu\u00e9s se proceder\u00e1 a juicio oral donde se definir\u00e1 la inocencia o la culpabilidad del detenido, estamos en los preparativos de la audiencia y del aniversario en memoria de Sim\u00f3n\u201d, explic\u00f3 G\u00f3mez.<\/p>\n<h3 id=\"h-la-familia\" class=\"has-black-color has-text-color\"><strong>La familia\u00a0<\/strong><\/h3>\n<p>Entre las cosas que no ha hecho la autoridad es brindar seguridad a la familia del defensor, pese a que la Fiscal\u00eda tiene conocimiento de las intimidaciones y amenazas que continuaron despu\u00e9s del asesinato de Sim\u00f3n Pedro.<\/p>\n<p class=\"has-vivid-cyan-blue-color has-text-color\"><a href=\"https:\/\/avispa.org\/chiapas-exigen-investigar-autores-intelectuales-del-asesinato-de-simon-pedro\/\" target=\"_blank\" rel=\"noreferrer noopener\">Te puede interesar \u2192 Chiapas: Exigen investigar autores intelectuales del asesinato de Sim\u00f3n Ped<\/a><a href=\"https:\/\/avispa.org\/chiapas-exigen-investigar-autores-intelectuales-del-asesinato-de-simon-pedro\/\">ro\u00a0<\/a><\/p>\n<p>\u201cNosotros como Frayba tambi\u00e9n estamos protegi\u00e9ndonos porque sabemos del riesgo y los motivos del asesinato. Seguimos pronunci\u00e1ndonos porque haya justicia verdadera\u201d.<\/p>\n<p>Para el Centro de Derechos Humanos el nulo acceso a la justicia es general, pues acompa\u00f1an otros casos de tortura, de ind\u00edgenas detenidos injustamente, violaciones, feminicidios que no se investigan, entre otros.<\/p>\n<p>En la actualidad los defensores de los derechos humanos est\u00e1n siendo asesinados y tampoco hay justicia completa, \u201cno hay justicia para nadie; la fiscal\u00eda decide qui\u00e9n accede a la justicia seg\u00fan sus intereses\u201d.<\/p>\n<p>Pero \u00e9ste no es un tema reciente, pues en las tres d\u00e9cadas de documentaci\u00f3n del Frayba se\u00f1alan que no existe independencia judicial a\u00fan con los cambios de partidos pol\u00edticos en los gobiernos.<\/p>\n<p>En Chiapas la pr\u00e1ctica de la tortura en las detenciones ilegales sigue siendo muy comunes, pero ning\u00fan servidor p\u00fablico ha sido castigado por torturar, encarcelar o por actos de corrupci\u00f3n.<\/p>\n<p>\u201cNo queremos que tengan que pasar otros 25 a\u00f1os para que se haga justicia en el caso de Sim\u00f3n Pedro, por eso le pedimos a todos nuestros hermanos y hermanas solidarias que nos ayuden difundiendo su caso y participando en una celebraci\u00f3n cuya convocatoria lanzaremos muy pronto con ocasi\u00f3n de su primer aniversario\u201d, compartieron las Abejas de Acteal.<\/p>\n<\/div>\n<p>&nbsp;<\/p>","protected":false},"excerpt":{"rendered":"<p>Fuente: Avispa Midia Por Jeny Pascacio El 5 de julio pr\u00f3ximo se cumplir\u00e1 un a\u00f1o del asesinato del ex presidente de la Mesa Directiva de la Sociedad Civil Las Abejas de Acteal, Sim\u00f3n Pedro P\u00e9rez, fecha que ser\u00e1 conmemorada con un informe sobre su vida como defensor de los derechos humanos en Chiapas. Las Abejas [&hellip;]<\/p>\n","protected":false},"author":21,"featured_media":42650,"comment_status":"open","ping_status":"closed","sticky":false,"template":"","format":"standard","meta":{"footnotes":""},"categories":[957,51,6,826,954],"tags":[100,79,917,53,106,567,147,23,545,87,148,27,483],"class_list":["post-42649","post","type-post","status-publish","format-standard","has-post-thumbnail","hentry","category-autonomia","category-autor","category-chiapas","category-medios-libres-2","category-mexico","tag-acteal","tag-autonomia","tag-chiapas","tag-justicia","tag-las-abejas-de-acteal","tag-megaproyectos","tag-militarizacion","tag-paramilitares","tag-pueblos-indigenas","tag-represion","tag-resistencia","tag-solidaridad","tag-tierra-y-territorio"],"_links":{"self":[{"href":"https:\/\/radiozapatista.org\/index.php?rest_route=\/wp\/v2\/posts\/42649","targetHints":{"allow":["GET"]}}],"collection":[{"href":"https:\/\/radiozapatista.org\/index.php?rest_route=\/wp\/v2\/posts"}],"about":[{"href":"https:\/\/radiozapatista.org\/index.php?rest_route=\/wp\/v2\/types\/post"}],"author":[{"embeddable":true,"href":"https:\/\/radiozapatista.org\/index.php?rest_route=\/wp\/v2\/users\/21"}],"replies":[{"embeddable":true,"href":"https:\/\/radiozapatista.org\/index.php?rest_route=%2Fwp%2Fv2%2Fcomments&post=42649"}],"version-history":[{"count":1,"href":"https:\/\/radiozapatista.org\/index.php?rest_route=\/wp\/v2\/posts\/42649\/revisions"}],"predecessor-version":[{"id":42651,"href":"https:\/\/radiozapatista.org\/index.php?rest_route=\/wp\/v2\/posts\/42649\/revisions\/42651"}],"wp:featuredmedia":[{"embeddable":true,"href":"https:\/\/radiozapatista.org\/index.php?rest_route=\/wp\/v2\/media\/42650"}],"wp:attachment":[{"href":"https:\/\/radiozapatista.org\/index.php?rest_route=%2Fwp%2Fv2%2Fmedia&parent=42649"}],"wp:term":[{"taxonomy":"category","embeddable":true,"href":"https:\/\/radiozapatista.org\/index.php?rest_route=%2Fwp%2Fv2%2Fcategories&post=42649"},{"taxonomy":"post_tag","embeddable":true,"href":"https:\/\/radiozapatista.org\/index.php?rest_route=%2Fwp%2Fv2%2Ftags&post=42649"}],"curies":[{"name":"wp","href":"https:\/\/api.w.org\/{rel}","templated":true}]}}