{"id":42601,"date":"2022-06-07T21:03:01","date_gmt":"2022-06-08T02:03:01","guid":{"rendered":"https:\/\/radiozapatista.org\/?p=42601"},"modified":"2022-06-07T21:10:31","modified_gmt":"2022-06-08T02:10:31","slug":"laguna-larga-5-anos-en-tierra-de-nadie","status":"publish","type":"post","link":"https:\/\/radiozapatista.org\/?p=42601","title":{"rendered":"Laguna Larga: Cinco a\u00f1os en tierra de nadie"},"content":{"rendered":"<p>Fuente: <a href=\"https:\/\/avispa.org\/laguna-larga-5-anos-en-tierra-de-nadie\/\">Avispa Midia<\/a><\/p>\n<p>Por Jeny Pascacio<\/p>\n<div class=\"tdb-block-inner td-fix-index\">\n<p>Hace cinco a\u00f1os personas campesinas, originarias de los pueblos ind\u00edgenas Maya Q\u2019eqchi, Chuj y poblaci\u00f3n mestiza, fueron desplazadas de la comunidad Laguna Larga, en la Reserva Biosfera Maya, municipio de San Andr\u00e9s, del Departamento de Pet\u00e9n, Guatemala, por mil 500 elementos de las fuerzas estatales, el Ej\u00e9rcito y la Polic\u00eda Nacional Civil del pa\u00eds.<\/p>\n<p>Desde el 2 de junio de 2017 se asentaron en un campamento improvisado en la l\u00ednea fronteriza entre M\u00e9xico y Guatemala. \u201cPara las mujeres y la ni\u00f1ez es muy duro estar aqu\u00ed\u201d, dijeron durante las actividades conmemorativas del desplazamiento forzado, en los d\u00edas 1 y 2 de junio.<\/p>\n<p>La justificaci\u00f3n oficial para realizar el desalojo fue la \u201cconservaci\u00f3n\u201d de la naturaleza en la Reserva de la Bi\u00f3sfera Maya, lo que resulta contradictorio ya que el Estado guatemalteco permite la operaci\u00f3n de empresas extractivas en la misma regi\u00f3n que pretende conservar.<\/p>\n<p>Desde el a\u00f1o de 1985 opera la petrolera Perenco, empresa franco-brit\u00e1nica que extrae hidrocarburos en la zona n\u00facleo del Parque Nacional de Laguna del Tigre, zona que junto al Parque Nacional Sierra del Lacand\u00f3n alberga m\u00e1s de 50 comunidades en riesgo permanente de sufrir un desalojo como el ocurrido contra Laguna Larga.<\/p>\n<p class=\"has-vivid-cyan-blue-color has-text-color\">Te puede interesar \u2013 <a href=\"https:\/\/avispa.org\/queremos-el-retorno-a-nuestras-tierras-campamento-de-laguna-larga-a-28-meses-de-desplazamiento-forzado\/\" target=\"_blank\" rel=\"noreferrer noopener\">\u201cQueremos el retorno a nuestras tierras\u201d: Campamento de Laguna Larga a 28 meses de desplazamiento forzado<\/a><\/p>\n<p>En 2017, la Comisi\u00f3n Interamericana de los Derechos Humanos (CIDH) emiti\u00f3 medidas cautelares para la comunidad que el Estado guatemalteco, presidido entonces por Jimmy Morales, no acat\u00f3. A partir del 2018 les ofrecieron fincas ganaderas que los propios desplazados deb\u00edan pagar en abonos.<\/p>\n<p>La situaci\u00f3n no es diferente con Alejandro Giammattei. Su gobierno tambi\u00e9n propuso fincas de tierras que no son f\u00e9rtiles para los campesinos desplazados. Los ind\u00edgenas no aceptaron, consideran que no existe verdadera voluntad para solucionar el problema de la comunidad.<\/p>\n<figure class=\"wp-block-embed is-type-video is-provider-youtube wp-block-embed-youtube wp-embed-aspect-16-9 wp-has-aspect-ratio\">\n<div class=\"wp-block-embed__wrapper\"><iframe loading=\"lazy\" title=\"Guatemala: Familias desplazadas en Laguna Larga exigen retorno a sus tierras\" src=\"https:\/\/www.youtube.com\/embed\/kV5xrHNq9Xs?feature=oembed\" width=\"100%\" height=\"392\" frameborder=\"0\" allowfullscreen=\"allowfullscreen\" data-mce-fragment=\"1\"><\/iframe><\/div>\n<\/figure>\n<p>Este a\u00f1o, la CIDH actualiz\u00f3 las medidas cautelares 412-17, por la falta de efectividad del Estado guatemalteco para proteger la vida de las m\u00e1s 500 personas desplazadas forzadamente de la comunidad Laguna Larga.<\/p>\n<p>Por estas recomendaciones, el gobierno de Guatemala envi\u00f3 12 raciones mensuales de arroz, cereal, harina de ma\u00edz, aceite y avena para todas las familias como una sentencia para permanecer un a\u00f1o m\u00e1s sin respuestas ni reubicaci\u00f3n.<\/p>\n<h3 class=\"has-black-color has-text-color\"><strong>Las muertes<\/strong><\/h3>\n<p>\u201cAs\u00ed como hemos visto nacer a seres queridos tambi\u00e9n los vemos morir\u201d, dijeron las voces de las mujeres que bordan memoria y resistencia en el acampamento.<\/p>\n<p>Luis Emanuel Hermosilla Suchite de dos meses de edad falleci\u00f3 en el campamento. Su muerte se suma a otras 12 que se suscitaron durante estos cinco a\u00f1os en la tierra de nadie.<\/p>\n<figure class=\"wp-block-gallery has-nested-images columns-2 is-cropped\">\n<figure class=\"wp-block-image size-large\"><a class=\"td-modal-image\" href=\"https:\/\/avispa.org\/wp-content\/uploads\/2022\/06\/LagunaLarga-5anos-4.jpg\"><img loading=\"lazy\" decoding=\"async\" class=\"wp-image-86070\" src=\"https:\/\/avispa.org\/wp-content\/uploads\/2022\/06\/LagunaLarga-5anos-4.jpg\" sizes=\"auto, (max-width: 1080px) 100vw, 1080px\" srcset=\"https:\/\/avispa.org\/wp-content\/uploads\/2022\/06\/LagunaLarga-5anos-4.jpg 1080w, https:\/\/avispa.org\/wp-content\/uploads\/2022\/06\/LagunaLarga-5anos-4-300x200.jpg 300w, https:\/\/avispa.org\/wp-content\/uploads\/2022\/06\/LagunaLarga-5anos-4-1024x683.jpg 1024w, https:\/\/avispa.org\/wp-content\/uploads\/2022\/06\/LagunaLarga-5anos-4-768x512.jpg 768w, https:\/\/avispa.org\/wp-content\/uploads\/2022\/06\/LagunaLarga-5anos-4-696x464.jpg 696w, https:\/\/avispa.org\/wp-content\/uploads\/2022\/06\/LagunaLarga-5anos-4-1068x712.jpg 1068w\" alt=\"\" width=\"1080\" height=\"720\" data-id=\"86070\" \/><\/a><\/figure>\n<figure class=\"wp-block-image size-large\"><a class=\"td-modal-image\" href=\"https:\/\/avispa.org\/wp-content\/uploads\/2022\/06\/LagunaLarga-5anos-2.jpg\"><img loading=\"lazy\" decoding=\"async\" class=\"wp-image-86068\" src=\"https:\/\/avispa.org\/wp-content\/uploads\/2022\/06\/LagunaLarga-5anos-2.jpg\" sizes=\"auto, (max-width: 1080px) 100vw, 1080px\" srcset=\"https:\/\/avispa.org\/wp-content\/uploads\/2022\/06\/LagunaLarga-5anos-2.jpg 1080w, https:\/\/avispa.org\/wp-content\/uploads\/2022\/06\/LagunaLarga-5anos-2-300x193.jpg 300w, https:\/\/avispa.org\/wp-content\/uploads\/2022\/06\/LagunaLarga-5anos-2-1024x659.jpg 1024w, https:\/\/avispa.org\/wp-content\/uploads\/2022\/06\/LagunaLarga-5anos-2-768x494.jpg 768w, https:\/\/avispa.org\/wp-content\/uploads\/2022\/06\/LagunaLarga-5anos-2-696x448.jpg 696w, https:\/\/avispa.org\/wp-content\/uploads\/2022\/06\/LagunaLarga-5anos-2-1068x687.jpg 1068w\" alt=\"\" width=\"1080\" height=\"695\" data-id=\"86068\" \/><\/a><\/figure>\n<figure class=\"wp-block-image size-large\"><a class=\"td-modal-image\" href=\"https:\/\/avispa.org\/wp-content\/uploads\/2022\/06\/LagunaLarga-5anos-1.jpg\"><img loading=\"lazy\" decoding=\"async\" class=\"wp-image-86067\" src=\"https:\/\/avispa.org\/wp-content\/uploads\/2022\/06\/LagunaLarga-5anos-1.jpg\" sizes=\"auto, (max-width: 1080px) 100vw, 1080px\" srcset=\"https:\/\/avispa.org\/wp-content\/uploads\/2022\/06\/LagunaLarga-5anos-1.jpg 1080w, https:\/\/avispa.org\/wp-content\/uploads\/2022\/06\/LagunaLarga-5anos-1-300x190.jpg 300w, https:\/\/avispa.org\/wp-content\/uploads\/2022\/06\/LagunaLarga-5anos-1-1024x648.jpg 1024w, https:\/\/avispa.org\/wp-content\/uploads\/2022\/06\/LagunaLarga-5anos-1-768x486.jpg 768w, https:\/\/avispa.org\/wp-content\/uploads\/2022\/06\/LagunaLarga-5anos-1-696x440.jpg 696w, https:\/\/avispa.org\/wp-content\/uploads\/2022\/06\/LagunaLarga-5anos-1-1068x675.jpg 1068w\" alt=\"\" width=\"1080\" height=\"683\" data-id=\"86067\" \/><\/a><\/figure><figcaption class=\"blocks-gallery-caption\"><em><sup>Fotos: Xolotl Salazar \/ Voces Mesoamericanas<\/sup><\/em><\/figcaption><\/figure>\n<p>El 18 de mayo, el ni\u00f1o Luis Emanuel fue atendido por la brigada de salud de M\u00e9xico que acude cada 15 d\u00edas para identificar los padecimientos de los 500 pobladores que viven bajo techos de palma y nylon para protegerse de las constantes lluvias y de las altas temperaturas.<\/p>\n<p>El peque\u00f1o present\u00f3 fiebre y los m\u00e9dicos le dieron medicamento para controlarla. \u201cPero no fue posible\u201d, dijeron Alfonso y Darlyn, padres de Luis Manuel. Las autoridades de Laguna Larga pidieron permiso a la Polic\u00eda Nacional Civil, a la Conanp y al Ej\u00e9rcito para entrar al pante\u00f3n a enterrar al beb\u00e9.<\/p>\n<p>Marvin P\u00e9rez, vocero de la comunidad, ya casi no recuerda el n\u00famero de muertos, incluso de abortos que sufren las mujeres por las condiciones insalubres y la alimentaci\u00f3n basada s\u00f3lo en arroz, frijoles, avena y harina.<\/p>\n<p>\u201cTodo es por falta de atenci\u00f3n m\u00e9dica y nosotros hacemos responsables al Estado de Guatemala. Es incumplimiento en todos los sentidos: en alimentaci\u00f3n, educaci\u00f3n, salud. Mis hijos estudian en el suelo, es algo que desespera, que preocupa, pero estamos dispuestos a seguir en la lucha y resistir hasta que se haga justicia\u201d.<\/p>\n<p>La brigada m\u00e9dica de Guatemala llega dos o tres veces al a\u00f1o. La diarrea y las enfermedades en la piel son casi permanentes entre las ni\u00f1as y ni\u00f1os. Actualmente se propaga la varicela, virus que temen se convierta en epidemia como el paludismo que padecieron en el 2021.<\/p>\n<p>El caso de Laguna Larga representa una de las grandes injusticias que se perpetran en los l\u00edmites de Guatemala con M\u00e9xico, dijo Aldo Led\u00f3n Pereyra de la organizaci\u00f3n Voces Mesoamericanas que brinda acompa\u00f1amiento a las familias.<\/p>\n<figure class=\"wp-block-image size-large\"><a class=\"td-modal-image\" href=\"https:\/\/avispa.org\/wp-content\/uploads\/2022\/06\/CampamentoLagunaLarga-5anos-1-1024x576.jpeg\"><img loading=\"lazy\" decoding=\"async\" class=\"wp-image-86076\" src=\"https:\/\/avispa.org\/wp-content\/uploads\/2022\/06\/CampamentoLagunaLarga-5anos-1-1024x576.jpeg\" sizes=\"auto, (max-width: 1024px) 100vw, 1024px\" srcset=\"https:\/\/avispa.org\/wp-content\/uploads\/2022\/06\/CampamentoLagunaLarga-5anos-1-1024x576.jpeg 1024w, https:\/\/avispa.org\/wp-content\/uploads\/2022\/06\/CampamentoLagunaLarga-5anos-1-300x169.jpeg 300w, https:\/\/avispa.org\/wp-content\/uploads\/2022\/06\/CampamentoLagunaLarga-5anos-1-768x432.jpeg 768w, https:\/\/avispa.org\/wp-content\/uploads\/2022\/06\/CampamentoLagunaLarga-5anos-1-1536x864.jpeg 1536w, https:\/\/avispa.org\/wp-content\/uploads\/2022\/06\/CampamentoLagunaLarga-5anos-1-696x391.jpeg 696w, https:\/\/avispa.org\/wp-content\/uploads\/2022\/06\/CampamentoLagunaLarga-5anos-1-1068x600.jpeg 1068w, https:\/\/avispa.org\/wp-content\/uploads\/2022\/06\/CampamentoLagunaLarga-5anos-1.jpeg 1599w\" alt=\"\" width=\"1024\" height=\"576\" \/><\/a><figcaption><sup><em>Foto: Xolotl Salazar \/<\/em> <em>Voces Mesoamericanas<\/em><\/sup><\/figcaption><\/figure>\n<p>Las brigadas de salud son insuficientes para la cantidad de personas en el campamento. Aunado a eso est\u00e1n las p\u00e9simas condiciones del camino que conecta el campamento al <em>El Desenga\u00f1o<\/em>, municipio de Candelaria, Campeche, donde los guatemaltecos buscan asistencia.<\/p>\n<p>En los constantes d\u00edas lluviosos, tienen que salir caminando y varias personas enfermas han perdido la vida por no poder buscar atenci\u00f3n m\u00e9dica al ser la \u00fanica v\u00eda de comunicaci\u00f3n.<\/p>\n<p class=\"has-vivid-cyan-blue-color has-text-color\">Te puede interesar \u2013 <a href=\"https:\/\/avispa.org\/exigen-a-guatemala-atender-crisis-humanitaria-en-laguna-larga\/\">Exigen a Guatemala atender crisis humanitaria en Laguna La<\/a><a href=\"https:\/\/avispa.org\/exigen-a-guatemala-atender-crisis-humanitaria-en-laguna-larga\/\" target=\"_blank\" rel=\"noreferrer noopener\">rga<\/a><\/p>\n<p>\u201cReconocemos que el caso de Laguna Larga no es aislado, se une a una estrategia m\u00e1s grande de violencia y de crisis, de violaciones a los derechos humanos, no solo en la regi\u00f3n guatemalteca, tambi\u00e9n del lado mexicano sur-sureste donde cientos de miles de personas est\u00e1n siendo desplazadas con la justificaci\u00f3n de megaproyectos\u201d, agreg\u00f3 Led\u00f3n.<\/p>\n<h3 id=\"h-crisis-humanitaria\" class=\"has-black-color has-text-color\"><strong>Crisis humanitaria<\/strong><\/h3>\n<p>\u201cEs posible afirmar que esta crisis se encuentra en su punto m\u00e1s \u00e1lgido y puede desencadenar consecuencias a\u00fan m\u00e1s graves y lamentables\u201d, coincidieron 12 organizaciones de M\u00e9xico y Guatemala en un comunicado de prensa.<\/p>\n<p>Las comunidades Laguna del Tigre y Sierra de Lacand\u00f3n se unieron a la protesta pac\u00edfica en el asentamiento de los desplazados. Realizaron pancartas y celebraron una asamblea, pues la situaci\u00f3n para estas comunidades tambi\u00e9n se agudiza con los desalojos.<\/p>\n<p>Ante este contexto, exigieron al Estado de Guatemala, la CIDH y la Oficina del Alto Comisionado de las Naciones Unidas para los Derechos Humanos en Guatemala, resolver el problema de Laguna Larga. Asimismo, pidieron a la Comisi\u00f3n una visita <em>in situ<\/em> para verificar las condiciones del campamento, a la vez de solicitar Medidas Provisionales a la Corte IDH por la gravedad en la que se encuentra la vida de las familias y por las muertes que contin\u00faan ocurriendo.<\/p>\n<\/div>\n<p><\/p>","protected":false},"excerpt":{"rendered":"<p>Fuente: Avispa Midia Por Jeny Pascacio Hace cinco a\u00f1os personas campesinas, originarias de los pueblos ind\u00edgenas Maya Q\u2019eqchi, Chuj y poblaci\u00f3n mestiza, fueron desplazadas de la comunidad Laguna Larga, en la Reserva Biosfera Maya, municipio de San Andr\u00e9s, del Departamento de Pet\u00e9n, Guatemala, por mil 500 elementos de las fuerzas estatales, el Ej\u00e9rcito y la [&hellip;]<\/p>\n","protected":false},"author":21,"featured_media":42602,"comment_status":"open","ping_status":"closed","sticky":false,"template":"","format":"standard","meta":{"footnotes":""},"categories":[957,51,1284,826,958,961,960,935],"tags":[79,58,53,1305,567,147,41,23,545,87,148,27,483],"class_list":["post-42601","post","type-post","status-publish","format-standard","has-post-thumbnail","hentry","category-autonomia","category-autor","category-latinoamerica","category-medios-libres-2","category-megaproyectos","category-mujeres","category-ninxs","category-temas","tag-autonomia","tag-derechos-humanos","tag-justicia","tag-latinoamerica","tag-megaproyectos","tag-militarizacion","tag-mujeres","tag-paramilitares","tag-pueblos-indigenas","tag-represion","tag-resistencia","tag-solidaridad","tag-tierra-y-territorio"],"_links":{"self":[{"href":"https:\/\/radiozapatista.org\/index.php?rest_route=\/wp\/v2\/posts\/42601","targetHints":{"allow":["GET"]}}],"collection":[{"href":"https:\/\/radiozapatista.org\/index.php?rest_route=\/wp\/v2\/posts"}],"about":[{"href":"https:\/\/radiozapatista.org\/index.php?rest_route=\/wp\/v2\/types\/post"}],"author":[{"embeddable":true,"href":"https:\/\/radiozapatista.org\/index.php?rest_route=\/wp\/v2\/users\/21"}],"replies":[{"embeddable":true,"href":"https:\/\/radiozapatista.org\/index.php?rest_route=%2Fwp%2Fv2%2Fcomments&post=42601"}],"version-history":[{"count":2,"href":"https:\/\/radiozapatista.org\/index.php?rest_route=\/wp\/v2\/posts\/42601\/revisions"}],"predecessor-version":[{"id":42604,"href":"https:\/\/radiozapatista.org\/index.php?rest_route=\/wp\/v2\/posts\/42601\/revisions\/42604"}],"wp:featuredmedia":[{"embeddable":true,"href":"https:\/\/radiozapatista.org\/index.php?rest_route=\/wp\/v2\/media\/42602"}],"wp:attachment":[{"href":"https:\/\/radiozapatista.org\/index.php?rest_route=%2Fwp%2Fv2%2Fmedia&parent=42601"}],"wp:term":[{"taxonomy":"category","embeddable":true,"href":"https:\/\/radiozapatista.org\/index.php?rest_route=%2Fwp%2Fv2%2Fcategories&post=42601"},{"taxonomy":"post_tag","embeddable":true,"href":"https:\/\/radiozapatista.org\/index.php?rest_route=%2Fwp%2Fv2%2Ftags&post=42601"}],"curies":[{"name":"wp","href":"https:\/\/api.w.org\/{rel}","templated":true}]}}