{"id":42598,"date":"2022-06-07T20:56:49","date_gmt":"2022-06-08T01:56:49","guid":{"rendered":"https:\/\/radiozapatista.org\/?p=42598"},"modified":"2022-06-07T21:59:58","modified_gmt":"2022-06-08T02:59:58","slug":"america-latina-ha-sido-la-region-del-mundo-mas-afectada-por-el-covid-19-fue-la-region-con-mayor-mortalidad-y-con-una-recesion-aguda-la-conclusion-es-de-un-estudio-realizado-por-el-centro-por-los-der","status":"publish","type":"post","link":"https:\/\/radiozapatista.org\/?p=42598","title":{"rendered":"Am\u00e9rica Latina es la regi\u00f3n del mundo m\u00e1s afectada por Covid-19"},"content":{"rendered":"<p>Fuente: <a href=\"https:\/\/avispa.org\/america-latina-es-la-region-del-mundo-mas-afectada-por-covid-19\/\">Avispa Midia<\/a><\/p>\n<p>Por Avispa<\/p>\n<div class=\"tdb-block-inner td-fix-index\">\n<p>Am\u00e9rica Latina ha sido la regi\u00f3n del mundo m\u00e1s afectada por el Covid-19. Fue la regi\u00f3n con mayor mortalidad y con una recesi\u00f3n aguda. La conclusi\u00f3n es de un estudio realizado por el Centro por los Derechos Econ\u00f3micos y Sociales (CESR, por sus siglas en ingl\u00e9s) y Amnist\u00eda Internacional, cuyos resultados fueron presentados en el informe <em>Desigual y Letal<\/em>, con datos de 2021 y 2022.<\/p>\n<p>\u201cNo es sorprendente que la regi\u00f3n m\u00e1s desigual del mundo ha sido una de las m\u00e1s afectadas por la pandemia\u201d, se\u00f1ala el documento.<\/p>\n<p>El an\u00e1lisis se centra en 17 pa\u00edses que representan la mayor\u00eda de la poblaci\u00f3n de la regi\u00f3n y la mayor\u00eda de los casos reportados durante la pandemia en 2020 y hasta febrero de 2022.<\/p>\n<p>Hasta febrero de 2022, 1.6 millones de personas en Am\u00e9rica Latina y el Caribe han muerto a causa de la pandemia, casi un tercio de las muertes a nivel global a pesar de que en la regi\u00f3n vive s\u00f3lo el 8.4% de la poblaci\u00f3n mundial.<\/p>\n<p>De acuerdo con el informe, las desigualdades previas a la pandemia tuvieron como consecuencia que los efectos econ\u00f3micos y de salud fueran desproporcionados y afectaran a los grupos en mayor situaci\u00f3n de vulnerabilidad. \u201cEllas son producto de procesos hist\u00f3ricos de exclusi\u00f3n y de las decisiones discriminatorias de pol\u00edtica p\u00fablica por parte de los gobiernos que han fallado\u201d.<\/p>\n<p>Adem\u00e1s, estos impactos no se han distribuido de manera equitativa en cada pa\u00eds, y han afectado particularmente a poblaciones en situaci\u00f3n de desventaja, exacerbando las desigualdades.<\/p>\n<p>\u201cLa desigualdad socioecon\u00f3mica de la regi\u00f3n, as\u00ed como las otras claves estructurales que explican el impacto devastador que el Covid-19 tuvo en la regi\u00f3n, no son meramente una consecuencia no deseada de la pandemia, son el resultado concreto de acciones discriminatorias e inequitativas, adem\u00e1s de omisiones de los gobiernos durante la pandemia, que no hicieron lo suficiente para proteger a los grupos hist\u00f3ricamente marginados de manera efectiva\u201d, se\u00f1ala el informe.<\/p>\n<p>Un ejemplo mencionado en el informe son los pueblos ind\u00edgenas en Brasil. Entre ellos el Covid-19 se extendi\u00f3, sostiene el informe, debido a que las autoridades no desarrollaron acciones adecuadas, destinadas a protegerlos: no establecieron barreras sanitarias, ni informaci\u00f3n accesible y sensible a las diferencias \u00e9tnicas dentro del pa\u00eds, ni la expulsi\u00f3n de invasores de sus territorios ni otras medidas para asegurarles atenci\u00f3n social ni protecci\u00f3n de la salud.<\/p>\n<p>\u201cLas estructuras sociales desiguales y sist\u00e9micas que permiten y facilitan que ciertas personas sean discriminadas en el acceso a sus derechos y que sostienen la desigualdad econ\u00f3mica y social, no son cat\u00e1strofes naturales: son creadas y sostenidas por decisiones de quienes ocupan posiciones de poder\u201d.<\/p>\n<h3 class=\"has-black-color has-text-color\"><strong>Aumenta pobreza<\/strong><\/h3>\n<p>De acuerdo con la Comisi\u00f3n Econ\u00f3mica para Am\u00e9rica Latina y el Caribe<\/p>\n<p>(Cepal), el n\u00famero estimado de personas en situaci\u00f3n de pobreza en la regi\u00f3n en 2021 sigui\u00f3 siendo 14 millones mayor que antes de la pandemia. Adicionalmente, el n\u00famero de personas en pobreza extrema aument\u00f3 en 16 millones con respecto a 2019.<\/p>\n<p>La Comisi\u00f3n estima que, a ra\u00edz de la pandemia, alrededor de 59 millones de personas pertenecientes a los estratos medios estar\u00eda experimentando un proceso de movilidad social descendente, de las cuales 25 millones habr\u00edan pasado a los estratos bajos y 3 millones habr\u00edan ca\u00eddo por debajo de la l\u00ednea de pobreza.<\/p>\n<p>El 20% m\u00e1s rico en la regi\u00f3n concentra la mitad de los ingresos totales de los hogares mientras que el m\u00e1s pobre s\u00f3lo 5%.<\/p>\n<h3 id=\"h-ineficiencia\" class=\"has-black-color has-text-color\"><strong>Ineficiencia<\/strong><\/h3>\n<p>Aunque los pa\u00edses analizados en la regi\u00f3n implementaron 430 medidas de protecci\u00f3n social de emergencia, sus efectos para mitigar la pobreza fueron limitados, de acuerdo con el estudio. Con excepci\u00f3n del Per\u00fa, el aumento de la cobertura de estos programas en la regi\u00f3n estuvo por debajo del promedio global.<\/p>\n<p>\u201cEl impacto de la pandemia no solo se ha sentido por los n\u00fameros de contagios y v\u00edctimas fatales, sino tambi\u00e9n por las consecuencias inmediatas y futuras con relaci\u00f3n al ejercicio de derechos econ\u00f3micos y sociales, sobre todo de grupos hist\u00f3ricamente discriminados como los Pueblos Ind\u00edgenas y Afrodescendientes, las mujeres y ni\u00f1as, y las personas migrantes y refugiadas\u201d.<\/p>\n<\/div>\n<p><\/p>","protected":false},"excerpt":{"rendered":"<p>Fuente: Avispa Midia Por Avispa Am\u00e9rica Latina ha sido la regi\u00f3n del mundo m\u00e1s afectada por el Covid-19. Fue la regi\u00f3n con mayor mortalidad y con una recesi\u00f3n aguda. La conclusi\u00f3n es de un estudio realizado por el Centro por los Derechos Econ\u00f3micos y Sociales (CESR, por sus siglas en ingl\u00e9s) y Amnist\u00eda Internacional, cuyos [&hellip;]<\/p>\n","protected":false},"author":21,"featured_media":42599,"comment_status":"open","ping_status":"closed","sticky":false,"template":"","format":"standard","meta":{"footnotes":""},"categories":[1284,826,961,935],"tags":[58,53,567,545,87,148,27,483],"class_list":["post-42598","post","type-post","status-publish","format-standard","has-post-thumbnail","hentry","category-latinoamerica","category-medios-libres-2","category-mujeres","category-temas","tag-derechos-humanos","tag-justicia","tag-megaproyectos","tag-pueblos-indigenas","tag-represion","tag-resistencia","tag-solidaridad","tag-tierra-y-territorio"],"_links":{"self":[{"href":"https:\/\/radiozapatista.org\/index.php?rest_route=\/wp\/v2\/posts\/42598","targetHints":{"allow":["GET"]}}],"collection":[{"href":"https:\/\/radiozapatista.org\/index.php?rest_route=\/wp\/v2\/posts"}],"about":[{"href":"https:\/\/radiozapatista.org\/index.php?rest_route=\/wp\/v2\/types\/post"}],"author":[{"embeddable":true,"href":"https:\/\/radiozapatista.org\/index.php?rest_route=\/wp\/v2\/users\/21"}],"replies":[{"embeddable":true,"href":"https:\/\/radiozapatista.org\/index.php?rest_route=%2Fwp%2Fv2%2Fcomments&post=42598"}],"version-history":[{"count":2,"href":"https:\/\/radiozapatista.org\/index.php?rest_route=\/wp\/v2\/posts\/42598\/revisions"}],"predecessor-version":[{"id":42605,"href":"https:\/\/radiozapatista.org\/index.php?rest_route=\/wp\/v2\/posts\/42598\/revisions\/42605"}],"wp:featuredmedia":[{"embeddable":true,"href":"https:\/\/radiozapatista.org\/index.php?rest_route=\/wp\/v2\/media\/42599"}],"wp:attachment":[{"href":"https:\/\/radiozapatista.org\/index.php?rest_route=%2Fwp%2Fv2%2Fmedia&parent=42598"}],"wp:term":[{"taxonomy":"category","embeddable":true,"href":"https:\/\/radiozapatista.org\/index.php?rest_route=%2Fwp%2Fv2%2Fcategories&post=42598"},{"taxonomy":"post_tag","embeddable":true,"href":"https:\/\/radiozapatista.org\/index.php?rest_route=%2Fwp%2Fv2%2Ftags&post=42598"}],"curies":[{"name":"wp","href":"https:\/\/api.w.org\/{rel}","templated":true}]}}