{"id":4258,"date":"2011-09-29T20:22:48","date_gmt":"2011-09-30T01:22:48","guid":{"rendered":"https:\/\/radiozapatista.org\/?p=4258"},"modified":"2011-09-29T20:22:48","modified_gmt":"2011-09-30T01:22:48","slug":"pronunciamiento-de-la-otra-morelia-en-apoyo-a-cheran-y-ostula","status":"publish","type":"post","link":"https:\/\/radiozapatista.org\/?p=4258","title":{"rendered":"<!--:es-->Pronunciamiento de La Otra Morelia en apoyo a Cher\u00e1n y Ostula <!--:--><!--:en-->From The Other Morelia, support to Cher\u00e1n and Ostula <!--:-->"},"content":{"rendered":"<p><!--:es--><\/p>\n<p style=\"text-align: center\">\ufeff<\/p>\n<p style=\"text-align: center\">\n<p style=\"text-align: center\">\n<p style=\"text-align: center\"><strong>\u201cALTO AL EXTERMINIO DE NUESTRA MADRE TIERRA\u201d<\/strong><\/p>\n<p><strong> <\/strong><\/p>\n<p><em>\u201c\u2026nuestros pueblos tienen, en el marco de sus derechos a la libre determinaci\u00f3n y autonom\u00eda, el derecho de organizar su autodefensa del modo que consideren conveniente en tanto no atente contra el respeto de los derechos humanos; por lo que la creaci\u00f3n, en el marco de nuestra cultura y organizaci\u00f3n tradicional, de polic\u00edas comunitarias, guardias comunales u otras formas organizativas comunales para la autodefensa ind\u00edgena, son legales, leg\u00edtimas y, sobre todo, necesarias frente a la profunda corrupci\u00f3n y descomposici\u00f3n de las instancias encargadas de impartir justicia\u2026\u201d<\/em><\/p>\n<p><em> (PRONUNCIAMIENTO SOBRE EL DERECHO A LA AUTODEFENSA IND\u00cdGENA, CONGRESO NACIONAL IND\u00cdGENA, \u00a0\u00a0\u00a0\u00a0\u00a0\u00a0\u00a0\u00a0\u00a0\u00a0STA. MAR\u00cdA OSTULA, 14 DE JUNIO DE 2009).<\/em><\/p>\n<p><em> <\/em><\/p>\n<p><strong>A LOS PUEBLOS DE M\u00c9XICO Y DEL MUNDO <\/strong><\/p>\n<p><strong>A LA OPINI\u00d3N P\u00daBLICA <\/strong><\/p>\n<p><strong>A LOS MEDIOS DE COMUNICACI\u00d3N <\/strong><\/p>\n<p><strong>A LOS ADHERENTES A LA OTRA CAMPA\u00d1A NACIONAL E INTERNACION <\/strong><\/p>\n<p><strong> A LAS PERSONAS DIGNAS Y HONESTAS<\/strong><\/p>\n<p>La agresi\u00f3n en contra del planeta tierra es cada vez m\u00e1s intensa. Esto debido a la voracidad de las empresas que, coludidas \u00a0con el crimen organizado, intimidan, desaparecen y asesinan a quienes se oponen a seguir soportando dicha devastaci\u00f3n mientras, el estado las tolera y encubre para que el saqueo de los recursos naturales en las comunidades ind\u00edgenas se perpet\u00fae de manera abierta y descarada.<\/p>\n<p>En consecuencia en nuestro estado de Michoac\u00e1n, como en el resto del M\u00e9xico de abajo, se lucha\u00a0 contra el despojo y el saqueo de recursos naturales de las comunidades ind\u00edgenas, as\u00ed como en contra de las agresiones que grupos armados llevan a cabo en nuestras comunidades para acallar nuestras protestas.<\/p>\n<p>En la lucha hemos comprendido que a ninguna instancia gubernamental le interesan las demandas del pueblo y que ni ning\u00fan partido pol\u00edtico puede dar una respuesta honesta y eficaz ante el despojo. Por ello tambi\u00e9n en Michoac\u00e1n, comunidades y pueblos han dicho \u201cNO A LOS PARTIDOS POLITICOS\u201d y han comenzado a retomar las experiencias propias de autogobierno y seguridad comunitaria de acuerdo a sus normas, usos y costumbres. Nosotros, los adherentes a la Otra Campa\u00f1a en Morelia, respaldamos estas luchas por un MUNDO DONDE QUEPAN MUCHOS MUNDOS.<\/p>\n<p>Est\u00e1 el caso de la comunidad ind\u00edgena de Santa Mar\u00eda Ostula, en la costa de Michoac\u00e1n, \u00a0donde el 29 de junio \u00a0de 2009, con el apoyo de las comunidades vecinas\u00a0 nahuas de P\u00f3maro y El Coire, se RECUPERARON M\u00c1S DE MIL HECT\u00c1REAS\u00a0 que desde hace m\u00e1s de 40 a\u00f1os hab\u00edan sido arrebatadas por \u00a0grupos de peque\u00f1os propietarios de La Placita, tierras en las\u00a0 que se fundo\u00a0 el nuevo POBLADO Y CAMPAMENTO EN RESISTENCIA\u00a0 \u201cXAYACALAN\u201d.<\/p>\n<p>Desde ese mismo d\u00eda se han\u00a0 sufrido constante\u00a0 agresiones por parte de grupos paramilitares\u00a0 que\u00a0 act\u00faan con plena impunidad. Destacando\u00a0 los casos del compa\u00f1ero FRANCISCO DE AS\u00cdS MANUEL, presidente de bienes comunales de Santa Mar\u00eda Ostula, y de los comuneros JAVIER MART\u00cdNEZ ROBLES y GERARDO VERA ORCINO sumando a esto, en los\u00a0 \u00faltimos meses\u00a0 se tiene cuenta de 16 compa\u00f1eros\u00a0 comuneros muertos o desaparecidos.<\/p>\n<p>La comunidad\u00a0 resolvi\u00f3 cerrar todo su territorio y hacer el ejercicio pleno de la AUTONOM\u00cdA Y LA AUTODEFENSA IND\u00cdGENA a trav\u00e9s de la reconstituci\u00f3n de su polic\u00eda comunitaria tradicional que actualmente resguarda el territorio recuperado. Cabe mencionar, que donde\u00a0 est\u00e1 en pleno funcionamiento la polic\u00eda comunitaria, no hay violencia ni asesinatos.<\/p>\n<p>Hasta el momento el Gobiernos Federal y del Estado no han reconocido la existencia de esta polic\u00eda comunitaria ni de la propiedad comunal del paraje de Xayakalan. En\u00a0 cambio, los gobiernos y los partidos pol\u00edticos \u00a0se han burlado de los acuerdos establecidos\u00a0 y han propiciado\u00a0 el despojo, la explotaci\u00f3n y \u00a0la represi\u00f3n en contra de la comunidad.<\/p>\n<p>En ultimas fechas la comunidad de Ostula ha\u00a0 ratificado\u00a0 el\u00a0 acuerdo tomado el 2 del julio del 2009 en Asamblea General de no participar en cualquier tipo de proceso electoral, por lo que, en esta comunidad no se instalaran casillas este 13 de noviembre de 2011, fecha de\u00a0 las elecciones para gobernador en Michoac\u00e1n.<\/p>\n<p>As\u00ed mismo, desde el a\u00f1o 2008, la comunidad ind\u00edgena de <strong>SAN FRANCISCO CHERAN,<\/strong> situada en el coraz\u00f3n de la meseta pur\u00e9pecha, ha sufrido el saqueo de sus bosques por manos de grupos de talamontes apoyados por el crimen organizado y bajo la absoluta impunidad por parte del mal gobierno, federal y estatal. Como consecuencia, m\u00e1s de 20 mil hect\u00e1reas de bosque comunal han sido devastadas en los \u00faltimos 3 a\u00f1os.<\/p>\n<p>Ante ello, habitantes de la comunidad\u00a0\u00a0ind\u00edgena de SAN FRANCISCO <strong>CHER\u00c1N <\/strong>decidieron decir<strong> \u00a1YA BASTA!<\/strong>. Cansados de ver\u00a0\u00a0como mataban sus bosques y robaban su madera,\u00a0\u00a0el 15 de Abril de 2011, siendo\u00a0\u00a0\u00a0en su mayor\u00eda\u00a0 mujeres\u00a0 y ni\u00f1os, detuvieron\u00a0\u00a0tres carros cargados con madera ilegal, reteniendo a cinco talamontes para consignarlos a las autoridades correspondientes, mismas que, en unas cuantas horas,\u00a0\u00a0les dejaron en libertad.<\/p>\n<p>La incapacidad e indiferencia del mal gobierno hacia los problemas de las comunidades ind\u00edgenas est\u00e1 claro, pues la comunidad de SAN FRANCISCO <strong>CHER\u00c1N <\/strong>ya ven\u00eda denunciando desde tiempo a estos grupos de talamontes que ingresaban a su territorio, intimidando a la poblaci\u00f3n y saqueando cerca de 200 camionetas de madera al d\u00eda.<\/p>\n<p>Como respuesta a esta indiferencia, la comunidad\u00a0\u00a0decidi\u00f3 entrar en un estado de autositio, bloqueando la entrada a toda persona ajena y retomando su \u201cronda comunitaria\u201d para la defensa de su territorio y garantizar la seguridad dentro de la comunidad.\u00a0\u00a0Autorganiz\u00e1ndose han demostrado una vez m\u00e1s, que no hay mejor camino para solucionar nuestros problemas que la unidad y el trabajo en comunidad.<\/p>\n<p>Adem\u00e1s, tambi\u00e9n han decidido no permitir la entrada de ning\u00fan partido pol\u00edtico, ya que, en la lucha se han dado cuenta de que por \u00e9stos se han dividido las comunidades y se ha perdido la manera ancestral de toma de decisiones. Por el momento, la comunidad de SAN FRANSISCO <strong>CHERAN <\/strong>est\u00e1 en el proceso de rescatar los modos en los que se reg\u00eda anteriormente, bajo sus normas, usos y costumbres. Para con ello autogobernarse ejerciendo su derecho a la libre determinaci\u00f3n.<\/p>\n<p>Ante estos acontecimientos, como Otra Campa\u00f1a en Morelia, Michoac\u00e1n:<\/p>\n<ul>\n<li>Manifestamos nuestro apoyo y      solidaridad a las comunidades ind\u00edgenas de <strong>SAN FRANCISCO CHER\u00c1N <\/strong>y <strong>Santa      Mar\u00eda Ostula en su decisi\u00f3n de no permitir que los procesos electorales se      lleven a cabo en sus territorios.<\/strong><\/li>\n<li><strong>Respaldamos sus organizaciones de seguridad comunitaria y su      decisi\u00f3n de regirse por sus usos y costumbres<\/strong>, pues la libre determinaci\u00f3n, es un      derecho de los pueblos y comunidades ind\u00edgenas reconocido en la      legislaci\u00f3n nacional e internacional. Cabe mencionar que, aunque este      derecho no estuviera reconocido en ninguna legislaci\u00f3n actual, es un      DERECHO HIST\u00d3RICO de los pueblos primeros.<\/li>\n<li>Exigimos de inmediato se de      soluci\u00f3n a las demandas de estas comunidades.<\/li>\n<li><strong>Exigimos alto al encubrimiento por parte del gobierno<\/strong> a los grupos, que no solo saquean      los recursos naturales de las comunidades, sino que al mismo tiempo,      intimidan, golpean, asesinan y desaparecen a quienes se oponen a sus pr\u00e1cticas.<\/li>\n<li><strong>Exigimos justicia a los muertos y desaparecidos<\/strong> de las comunidades de SAN      FRANSISCO CHERAN Y SANTA MAR\u00cdA OSTULA.<\/li>\n<li><strong>Responsabilizamos al gobierno del estado<\/strong>, a cargo de Leonel Godoy Rangel<strong>, y al gobierno federal<\/strong> al mando      de Felipe Calder\u00f3n <strong>Hinojosa de      cualquier situaci\u00f3n de violencia<\/strong> que pueda presentarse en contra de      los compa\u00f1eros comuneros de SAN FRANSISCO CHERAN Y SANTA MAR\u00cdA OSTULA.<\/li>\n<li><strong>Respaldamos la naciente Radio Comunitaria de Cher\u00e1n \u201cRadio Fogata\u201d<\/strong> (esc\u00fachenla www.micheran.com),      pues es una iniciativa de los j\u00f3venes por trasmitir la verdad, la rebeld\u00eda      y la esperanza.<\/li>\n<\/ul>\n<p>As\u00ed mismo:<\/p>\n<ul>\n<li><strong>Respaldamos la lucha de la Tribu Yaqui<\/strong> contra uno de los m\u00e1s grandes despojos      de la historia, el \u201cAcueducto independencia\u201d, mediante el cual, el mal      gobierno pretende desviar el agua del R\u00edo Yaqui hacia zonas de inter\u00e9s      privado<strong>. Seguiremos en alerta ante esta      cr\u00edtica situaci\u00f3n.<\/strong><\/li>\n<li><strong>Responsabilizamos a los correspondientes gobiernos\u00a0 estales y      al gobierno federal por\u00a0 las agresiones contra \u00a0\u00a0la      manifestaci\u00f3n \u00a0pacifica de la Tribu Yaqui <\/strong> en defensa del agua \u00a0<strong>y \u00a0por la detenci\u00f3n mediante      enga\u00f1os de la compa\u00f1era \u00a0Roc\u00edo Moreno <\/strong>de la\u00a0 comunidad      coca de Mezcala, Jalisco. <strong> <\/strong><\/li>\n<li><strong>Nos sumamos a la exigencia de liberaci\u00f3n de su liberaci\u00f3n y de      respeto al territorio de la comunidad de Mezcala.<\/strong><\/li>\n<\/ul>\n<p>Casas de estudiante \u00a0independientes \u00a0y \u00a0colectivos adherentes \u00a0a La Otra \u00a0Campa\u00f1a \u00a0en Morelia \u00a0Michoac\u00e1n, \u00a0invitamos a sumarse a una campa\u00f1a \u00a0de \u00a0\u00a0denuncia, difusi\u00f3n \u00a0y apoyo \u00a0en torno a las situaciones que \u00a0viven la comunidades \u00a0ind\u00edgenas nahua de Santa Mar\u00eda \u00a0Ostula \u00a0y \u00a0pur\u00e9pecha de Cher\u00e1n. De hoy a que sean las elecciones en el estado, es decir, del 19 de septiembre al 13 de noviembre de 2011, principalmente. El nombre que proponemos para dicha campa\u00f1a es <strong>\u201cALTO AL EXTERMINIO DE NUESTRA MADRE TIERRA\u201d<\/strong>, pues tenemos claro que \u00e9sta,\u00a0 es una demanda del resto del M\u00e9xico de abajo y es necesario continuemos articulando nuestras luchas y sue\u00f1os.<\/p>\n<p>Entendemos que cada uno de nosotros \u00a0tenemos nuestros \u00a0propios modos \u00a0y \u00a0tiempos, \u00a0por lo que, \u00a0el tipo de actividades que se realicen lo dejamos a su consideraci\u00f3n. Pero sea cual sea el modo, los invitamos a hacer llegar la voz de aliento a las comunidades ind\u00edgenas de SAN FRANSISCO CHERAN Y SANTA MAR\u00cdA OSTULA.<\/p>\n<p>As\u00ed mismo, hacemos un llamado a estar pendientes\u00a0 a partir de hoy al 13 de noviembre de 2011, d\u00eda de las elecciones en el estado de Michoac\u00e1n, puesto que, el estado pretende imponer la instalaci\u00f3n de casillas a pesar de la decisi\u00f3n de estas comunidades de no aceptarlas, por lo que se prev\u00e9 se agudice la situaci\u00f3n\u00a0 de acoso y violencia que vienen sufriendo las comunidades de SAN FRANSISCO CHERAN Y SANTA MAR\u00cdA OSTULA.<\/p>\n<p><strong>\u00a1\u00a1<\/strong>BASTA DE PRORROGAS A LAS EXIGENCIAS DE LAS COMUNIDADES DE SANTA MAR\u00cdA OSTULA Y SAN FRANCISCO CHERAN!<\/p>\n<p>\u00a1\u00a1ALTO AL SAQUEO DE LOS BOSQUES EN LA COMUNIDAD DE CHER\u00c1N!!<\/p>\n<p>\u00a1ALTO AL SECUESTRO Y ASESINATO DE COMUNEROS EN SANTA MAR\u00cdA OSTULA Y SAN FRANCISCO CHERAN!<\/p>\n<p>\u00a1CASTIGO A LOS CULPABLES DE LA REPRESI\u00d3N EN CONTRA DE SANTA MAR\u00cdA OSTULA Y SAN FRANCISCO CHERAN!<\/p>\n<p>\u00a1\u00a1 VIVOS SE LOS LLEVARON Y VIVOS LOS QUEREMOS!!<\/p>\n<p>\u00a1\u00a1RESPETO A LA TOTALIDAD DEL TERRITORIO DE OSTULA!!<\/p>\n<p>\u00a1\u00a1PARTIDOS POLITICOS NO, LIBRE AUTODETERMINACION SI!!<\/p>\n<p><strong>CONVOCAN:<\/strong><\/p>\n<p>Casas del estudiante independientes: Libertadores de Am\u00e9rica, Vladimir Ilich \u00a0Lenin, 16 de Septiembre, Efr\u00e9n Capiz, colectivos: Proyecto Lenin, Puy, Tiendita Zapatista, Utop\u00eda: adherentes a la Otra campa\u00f1a Morelia, Michoac\u00e1n.<\/p>\n<p style=\"text-align: right\"><strong>Morelia, Michoac\u00e1n a 19 de Septiembre de 2011<\/strong><\/p>\n<p><!--:--><!--:en--><\/p>\n<p><!--:--><\/p>\n","protected":false},"excerpt":{"rendered":"<p>\ufeff \u201cALTO AL EXTERMINIO DE NUESTRA MADRE TIERRA\u201d \u201c\u2026nuestros pueblos tienen, en el marco de sus derechos a la libre determinaci\u00f3n y autonom\u00eda, el derecho de organizar su autodefensa del modo que consideren conveniente en tanto no atente contra el respeto de los derechos humanos; por lo que la creaci\u00f3n, en el marco de nuestra [&hellip;]<\/p>\n","protected":false},"author":4,"featured_media":0,"comment_status":"open","ping_status":"open","sticky":false,"template":"","format":"standard","meta":{"footnotes":""},"categories":[183],"tags":[79,54],"class_list":["post-4258","post","type-post","status-publish","format-standard","hentry","category-blog","tag-autonomia","tag-otra-campana"],"_links":{"self":[{"href":"https:\/\/radiozapatista.org\/index.php?rest_route=\/wp\/v2\/posts\/4258","targetHints":{"allow":["GET"]}}],"collection":[{"href":"https:\/\/radiozapatista.org\/index.php?rest_route=\/wp\/v2\/posts"}],"about":[{"href":"https:\/\/radiozapatista.org\/index.php?rest_route=\/wp\/v2\/types\/post"}],"author":[{"embeddable":true,"href":"https:\/\/radiozapatista.org\/index.php?rest_route=\/wp\/v2\/users\/4"}],"replies":[{"embeddable":true,"href":"https:\/\/radiozapatista.org\/index.php?rest_route=%2Fwp%2Fv2%2Fcomments&post=4258"}],"version-history":[{"count":0,"href":"https:\/\/radiozapatista.org\/index.php?rest_route=\/wp\/v2\/posts\/4258\/revisions"}],"wp:attachment":[{"href":"https:\/\/radiozapatista.org\/index.php?rest_route=%2Fwp%2Fv2%2Fmedia&parent=4258"}],"wp:term":[{"taxonomy":"category","embeddable":true,"href":"https:\/\/radiozapatista.org\/index.php?rest_route=%2Fwp%2Fv2%2Fcategories&post=4258"},{"taxonomy":"post_tag","embeddable":true,"href":"https:\/\/radiozapatista.org\/index.php?rest_route=%2Fwp%2Fv2%2Ftags&post=4258"}],"curies":[{"name":"wp","href":"https:\/\/api.w.org\/{rel}","templated":true}]}}