{"id":4255,"date":"2011-09-28T15:09:36","date_gmt":"2011-09-28T20:09:36","guid":{"rendered":"https:\/\/radiozapatista.org\/?p=4255"},"modified":"2011-09-28T15:09:36","modified_gmt":"2011-09-28T20:09:36","slug":"atacan-escuela-de-educacion-alternativa-en-guaquitepec-chilon-chiapas","status":"publish","type":"post","link":"https:\/\/radiozapatista.org\/?p=4255","title":{"rendered":"Atacan escuela de educaci\u00f3n alternativa en Guaquitepec, Chil\u00f3n, Chiapas"},"content":{"rendered":"<p>Guaquitepec, Chil\u00f3n, Chiapas a 25 de septiembre del 2011<\/p>\n<p><strong> Compartimos el siguiente comunicado<\/strong><\/p>\n<p><strong> <\/strong><\/p>\n<p>A todas las Organizaciones Sociales y Pol\u00edticas<\/p>\n<p>A todos los Defensores de los Derechos Humanos<\/p>\n<p>A la prensa Nacional e Internacional.<\/p>\n<p>A la Sociedad Civil<\/p>\n<p>A la Opini\u00f3n P\u00fablica<\/p>\n<p><strong> <\/strong><\/p>\n<p><strong> <\/strong><\/p>\n<p><strong>El  d\u00eda de ayer 24 de septiembre del 2011, en la comunidad de Guaquitepec,  municipio de Chil\u00f3n, Chiapas un grupo de 100 campesinos dirigidos por  los caciques Juan P\u00e9rez Guti\u00e9rrez (con orden de aprensi\u00f3n), Antonio  Mazariegos L\u00f3pez (con orden de aprensi\u00f3n), Tom\u00e1s G\u00f3mez V\u00e1zquez y  Alejandro L\u00f3pez G\u00f3mez entraron de forma violenta en las instalaciones  pertenecientes al proyecto de Desarrollo Comunitario del Patronato Pro  Educaci\u00f3n Mexicano A.C.: la secundaria biling\u00fce Emiliano Zapata, el  bachillerato intercultural Bartolom\u00e9 de Las Casas, el laboratorio de  an\u00e1lisis cl\u00ednicos y el centro comunitario de computo; generando un  enfrentamiento entre la gente del proyecto y su grupo con un saldo de 4  heridos, 2 de nuestros compa\u00f1eros y 2 de parte de ellos, adem\u00e1s de la  destrucci\u00f3n parcial de las escuelas, el laboratorio y casi total del  centro de c\u00f3mputo. <\/strong><\/p>\n<p><strong>Posteriormente  se dirigieron a la casa de Don Antonio Jim\u00e9nez \u00c1lvarez y a la casa de  Don Juan P\u00e9rez Hern\u00e1ndez, principales de la comunidad y promotores del  proyecto educativo y de desarrollo en la regi\u00f3n desde su fundaci\u00f3n; \u00a0fueron sacados a la fuerza de sus casas, golpeados y hasta la 1 de la ma\u00f1ana se encontraban retenidos por la fuerza\u00a0 por el grupo invasor amarrados en un poste de la plaza central de la comunidad.<\/strong><\/p>\n<p><span style=\"text-decoration: underline;\">Desarrollo del conflicto <\/span><\/p>\n<p>El  pasado 17 de enero un grupo de personas encabezadas por los caciques  Antonio Mazariegos L\u00f3pez \u201cEl Azul\u201d, Juan P\u00e9rez Guti\u00e9rrez, con \u00f3rdenes de  aprensi\u00f3n en su contra y Diego Hern\u00e1ndez Gonz\u00e1lez\u00a0 y Pedro  G\u00f3mez V\u00e1zquez, ya consignados, invadieron la parcela escolar de la  escuela secundaria Emiliano Zapata, perteneciente al proyecto de  Desarrollo Comunitario del Patronato.<\/p>\n<p>A  partir de esa fecha se inici\u00f3 un proceso de negociaci\u00f3n con la  intervenci\u00f3n de la Secretar\u00eda de Gobierno del Estado. A pesar de los  esfuerzos por resolver pac\u00edficamente el conflicto, el grupo invasor  nunca cedi\u00f3 para desalojar la parcela. Ante dicha situaci\u00f3n se procedi\u00f3 a  levantar una denuncia penal por el delito de despojo agravado en contra  de los l\u00edderes invasores.<\/p>\n<p>El  d\u00eda 22 del presente la polic\u00eda judicial del Estado ejecut\u00f3 la orden de  aprensi\u00f3n y procedi\u00f3 a la detenci\u00f3n de dos de estos l\u00edderes, los C.C.  Diego Hern\u00e1ndez Gonz\u00e1lez\u00a0 y Pedro G\u00f3mez V\u00e1zquez. Como represalia a esta acci\u00f3n de las autoridades, el 23 de septiembre a las 9:30 horas los invasores,\u00a0 liderados  por los C.C. Antonio Mazariegos L\u00f3pez y Juan P\u00e9rez Guti\u00e9rrez quienes  tambi\u00e9n tienen una orden de aprensi\u00f3n en su contra, secuestraron a un  compa\u00f1ero de trabajo de nombre Marco Antonio L\u00f3pez L\u00f3pez a quien  trasladaron fuera de la comunidad\u00a0 con direcci\u00f3n a la ciudad de Palenque y fue liberado en Ocosingo m\u00e1s de 24 horas despu\u00e9s.\u00a0 El d\u00eda 24 la tensi\u00f3n entre los grupos de la comunidad fue en aumento, lo que culmin\u00f3 en un enfrentamiento entre los grupos por la tarde.<\/p>\n<p>En  el transcurso de la noche llegaron cerca de 50 polic\u00edas y hasta las 4  de la ma\u00f1ana de hoy no hab\u00edan intervenido para no causar m\u00e1s tensi\u00f3n en  la comunidad, pero se encontraban ah\u00ed para evitar nuevos  enfrentamientos.<\/p>\n<p>Todos los maestros y personas que trabajan en el proyecto del Patronato Pro Educaci\u00f3n Mexicano A.C.\u00a0 est\u00e1n  amenazadas y en algunos casos han tenido que abandonar la comunidad y  est\u00e1 en riesgo la integridad f\u00edsica de estas personas y sus familias.<\/p>\n<p>A  pesar de los esfuerzos de las instancias gubernamentales para  solucionar de manera legal el conflicto, nos preocupa que la tardanza en  ejecutar las \u00f3rdenes de aprensi\u00f3n ya liberadas y la restauraci\u00f3n del  orden y la seguridad en la comunidad se traduzca en una escalada de  violencia y tensi\u00f3n, lo cual ha ocasionado ya que el total de las  escuelas de la comunidad suspendieran sus actividades afectando a los  ni\u00f1os, ni\u00f1as y j\u00f3venes de la regi\u00f3n.<\/p>\n<p>Nos  preocupa de igual manera la actitud parcial del delegado de gobierno  C.P Antonio Moreno L\u00f3pez quien no es la primera vez que tiene nexos con  el principal l\u00edder invasor Antonio Mazariegos\u00a0 L\u00f3pez \u201cEl Azul\u201d como se hace notar en la siguiente nota publicada por el diario Cuarto Poder\u00a0 el 23 de mayo del 2011:<\/p>\n<p><em>\u201cTras  las \u00faltimas retenciones de regidores y personal de Ayuntamiento por  parte de comunidades de este municipio de Chil\u00f3n, quienes han resultado  agraviados, se\u00f1alan como \u00fanico responsable al ex alcalde Antonio Moreno  L\u00f3pez, a quien involucran en los procesos de negociaci\u00f3n para la  liberaci\u00f3n de los secuestrados y el pago de fuertes sumas de dinero.<\/em><\/p>\n<p><em>El  primer caso ocurri\u00f3 en el ejido Guaquitepec el 28 de marzo, en donde  los regidores Anselmo Solorio Aguilar y Hermenegildo S\u00e1nchez G\u00f3mez, as\u00ed  como Crist\u00f3bal P\u00e9rez Hern\u00e1ndez y Eugenio Sebasti\u00e1n \u00c1lvarez L\u00f3pez,  auxiliares del Departamento de Obras P\u00fablicas, fueron secuestrados y  liberados luego del pago de 10 mil pesos; en esa ocasi\u00f3n el il\u00edcito fue  encabezado por Antonio Mazariegos, alias &#8220;el Azul&#8221;.<\/p>\n<p><\/em><\/p>\n<p><strong>Acci\u00f3n Urgente<\/strong><\/p>\n<p>Denunciamos los hechos violentos, las agresiones\u00a0 y amenazas a las personas \u00a0y\u00a0 el  allanamiento y destrucci\u00f3n de las instalaciones de nuestras escuelas y  dem\u00e1s \u00e1reas del proyecto del Patronato Pro Educaci\u00f3n Mexicano.<\/p>\n<p>Exigimos  la inmediata actuaci\u00f3n de las autoridades competentes para evitar una  escalada del conflicto y m\u00e1s enfrentamientos entre las personas de la  comunidad donde haya m\u00e1s consecuencias que lamentar.<\/p>\n<p>Exigimos  la detenci\u00f3n de los l\u00edderes invasores, Antonio Mazariegos L\u00f3pez y Juan  P\u00e9rez Guti\u00e9rrez, as\u00ed como de las dem\u00e1s personas responsables del  secuestro de nuestro compa\u00f1ero y del allanamiento y destrucci\u00f3n de  nuestras instalaciones.<\/p>\n<p>Exigimos  la restituci\u00f3n del inmueble despojado a la escuela Emiliano Zapata y la  reparaci\u00f3n de da\u00f1os y perjuicios ocasionados a las instalaciones y  equipos de todas las \u00e1reas del Patronato.<\/p>\n<p>Responsabilizamos  a los invasores por cualquier atentado a la seguridad de los miembros  del Patronato y sus familias y a las personas de la comunidad que  colaboran en \u00e9l.<\/p>\n<p>Invitamos a las organizaciones y a la sociedad civil nacional e internacional a apoyarnos en la exigencia de justicia.<\/p>\n<p>FRATERNALMENTE<\/p>\n<p>EQUIPO DE MAESTRAS, MAESTROS Y COLABORADORES<\/p>\n<p>PATRONATO PRO EDUCACI\u00d3N MEXICANO A.C.<\/p>","protected":false},"excerpt":{"rendered":"<p>Guaquitepec, Chil\u00f3n, Chiapas a 25 de septiembre del 2011 Compartimos el siguiente comunicado A todas las Organizaciones Sociales y Pol\u00edticas A todos los Defensores de los Derechos Humanos A la prensa Nacional e Internacional. A la Sociedad Civil A la Opini\u00f3n P\u00fablica El d\u00eda de ayer 24 de septiembre del 2011, en la comunidad de [&hellip;]<\/p>\n","protected":false},"author":1,"featured_media":0,"comment_status":"open","ping_status":"open","sticky":false,"template":"","format":"standard","meta":{"footnotes":""},"categories":[183],"tags":[917,57,87],"class_list":["post-4255","post","type-post","status-publish","format-standard","hentry","category-blog","tag-chiapas","tag-educacion","tag-represion"],"_links":{"self":[{"href":"https:\/\/radiozapatista.org\/index.php?rest_route=\/wp\/v2\/posts\/4255","targetHints":{"allow":["GET"]}}],"collection":[{"href":"https:\/\/radiozapatista.org\/index.php?rest_route=\/wp\/v2\/posts"}],"about":[{"href":"https:\/\/radiozapatista.org\/index.php?rest_route=\/wp\/v2\/types\/post"}],"author":[{"embeddable":true,"href":"https:\/\/radiozapatista.org\/index.php?rest_route=\/wp\/v2\/users\/1"}],"replies":[{"embeddable":true,"href":"https:\/\/radiozapatista.org\/index.php?rest_route=%2Fwp%2Fv2%2Fcomments&post=4255"}],"version-history":[{"count":0,"href":"https:\/\/radiozapatista.org\/index.php?rest_route=\/wp\/v2\/posts\/4255\/revisions"}],"wp:attachment":[{"href":"https:\/\/radiozapatista.org\/index.php?rest_route=%2Fwp%2Fv2%2Fmedia&parent=4255"}],"wp:term":[{"taxonomy":"category","embeddable":true,"href":"https:\/\/radiozapatista.org\/index.php?rest_route=%2Fwp%2Fv2%2Fcategories&post=4255"},{"taxonomy":"post_tag","embeddable":true,"href":"https:\/\/radiozapatista.org\/index.php?rest_route=%2Fwp%2Fv2%2Ftags&post=4255"}],"curies":[{"name":"wp","href":"https:\/\/api.w.org\/{rel}","templated":true}]}}