{"id":42498,"date":"2022-05-27T22:51:16","date_gmt":"2022-05-28T03:51:16","guid":{"rendered":"https:\/\/radiozapatista.org\/?p=42498"},"modified":"2022-05-27T22:51:16","modified_gmt":"2022-05-28T03:51:16","slug":"comunicado-de-azqueltan-sumandose-a-la-caravana-y-a-las-exigencias-de-san-sebastian-teponahuaxtlan","status":"publish","type":"post","link":"https:\/\/radiozapatista.org\/?p=42498","title":{"rendered":"Comunicado de Azqueltan sum\u00e1ndose a la caravana y a las exigencias de San Sebasti\u00e1n Teponahuaxtl\u00e1n"},"content":{"rendered":"<p><\/p>\n<div class=\"post-content-container\">\n<div class=\"post-content entry-content cf\">\n<p><strong>A la comunidad Wix\u00e1rika de Waut+a- San Sebasti\u00e1n Teponahuaxtl\u00e1n<\/strong><\/p>\n<p><strong>Al pueblo y gobierno de M\u00e9xico<\/strong><\/p>\n<p>La comunidad ind\u00edgena tepehuana y wix\u00e1rika de San Lorenzo de Azquelt\u00e1n, en el municipio de Villa Guerrero, Jalisco, anunciamos que por acuerdo de la asamblea general, nuestras autoridades tradicionales y agrarias se suman a la marcha por la Dignidad y la Conciencia Wix\u00e1rika, que luego de m\u00e1s de 900 kil\u00f3metros, arriba a la Ciudad de M\u00e9xico y exigimos al gobierno federal que se d\u00e9 una soluci\u00f3n integral y definitiva al conflicto agrario en Huajimic, Nayarit.<\/p>\n<p>Los pueblos ind\u00edgenas no tenemos porqu\u00e9 mendigar la justicia, como si ganar un juicio no fuera algo que se nos tenga permitido a los que somos originarios de este pa\u00eds M\u00e9xico, como si las leyes no hubieran sido hechas para nosotros, excepto las que est\u00e1n dirigidas al saqueo, a la privatizaci\u00f3n y al despojo.<\/p>\n<p>Como comunidad de Azquelt\u00e1n sabemos que no puede haber peque\u00f1as propiedades sobre los terrenos comunales, pues para eso hay leyes que nos protegen, hay tratados internacionales y est\u00e1 la constituci\u00f3n mexicana.<\/p>\n<p>Reconocemos la larga lucha de la comunidad de San Sebasti\u00e1n Teponahuaxtl\u00e1n por el territorio ancestral que le fue reconocido tanto en su t\u00edtulo virreinal como en su resoluci\u00f3n presidencial. Sabemos, porque hemos sido testigos, de las invasiones causadas por la ambici\u00f3n y por las pol\u00edticas de los gobiernos, que buscan siempre privilegiar a la propiedad privada sobre la propiedad colectiva para hacer la tierra una mercanc\u00eda. Con m\u00e1s raz\u00f3n cuando reconocemos esos territorios como sagrados, donde se manifiesta nuestras deidades y nuestra madre que es la tierra.<\/p>\n<p>Hemos sido testigos tambi\u00e9n de la larga lucha de San Sebasti\u00e1n por defender y cuidar, como nuestra madre sagrada, a la tierra, que es su territorio ancestral, lo que es digno de admiraci\u00f3n, respeto y un ejemplo para toda la regi\u00f3n y para nuestro pa\u00eds.<\/p>\n<p>Nos sumamos a la exigencia de que el Gobierno Federal haga valer las leyes, las sentencias emitidas por el Tribunal unitario Agrario del Distrito 16 y se\u00f1ale con precisi\u00f3n los pasos a seguir para la restituci\u00f3n inmediata de las tierras comunales, sin falsas mesas de negociaci\u00f3n y sin pretextos que lleven a alargar el regreso de las tierras a sus verdaderos due\u00f1os.<\/p>\n<p><strong>Atentamente<\/strong><\/p>\n<p><strong>A 26 de mayo de 2022<\/strong><\/p>\n<p><strong>Comunidad Ind\u00edgena de San Lorenzo Azquelt\u00e1n, municipio de Villa Guerrero, Jalisco\u00a0<\/strong><\/p>\n<\/div>\n<\/div>\n<p><\/p>","protected":false},"excerpt":{"rendered":"<p>A la comunidad Wix\u00e1rika de Waut+a- San Sebasti\u00e1n Teponahuaxtl\u00e1n Al pueblo y gobierno de M\u00e9xico La comunidad ind\u00edgena tepehuana y wix\u00e1rika de San Lorenzo de Azquelt\u00e1n, en el municipio de Villa Guerrero, Jalisco, anunciamos que por acuerdo de la asamblea general, nuestras autoridades tradicionales y agrarias se suman a la marcha por la Dignidad y [&hellip;]<\/p>\n","protected":false},"author":21,"featured_media":42499,"comment_status":"open","ping_status":"closed","sticky":false,"template":"","format":"standard","meta":{"footnotes":""},"categories":[957,51,826,958,954,935],"tags":[79,58,53,567,147,23,545,87,148,27,483],"class_list":["post-42498","post","type-post","status-publish","format-standard","has-post-thumbnail","hentry","category-autonomia","category-autor","category-medios-libres-2","category-megaproyectos","category-mexico","category-temas","tag-autonomia","tag-derechos-humanos","tag-justicia","tag-megaproyectos","tag-militarizacion","tag-paramilitares","tag-pueblos-indigenas","tag-represion","tag-resistencia","tag-solidaridad","tag-tierra-y-territorio"],"_links":{"self":[{"href":"https:\/\/radiozapatista.org\/index.php?rest_route=\/wp\/v2\/posts\/42498","targetHints":{"allow":["GET"]}}],"collection":[{"href":"https:\/\/radiozapatista.org\/index.php?rest_route=\/wp\/v2\/posts"}],"about":[{"href":"https:\/\/radiozapatista.org\/index.php?rest_route=\/wp\/v2\/types\/post"}],"author":[{"embeddable":true,"href":"https:\/\/radiozapatista.org\/index.php?rest_route=\/wp\/v2\/users\/21"}],"replies":[{"embeddable":true,"href":"https:\/\/radiozapatista.org\/index.php?rest_route=%2Fwp%2Fv2%2Fcomments&post=42498"}],"version-history":[{"count":1,"href":"https:\/\/radiozapatista.org\/index.php?rest_route=\/wp\/v2\/posts\/42498\/revisions"}],"predecessor-version":[{"id":42500,"href":"https:\/\/radiozapatista.org\/index.php?rest_route=\/wp\/v2\/posts\/42498\/revisions\/42500"}],"wp:featuredmedia":[{"embeddable":true,"href":"https:\/\/radiozapatista.org\/index.php?rest_route=\/wp\/v2\/media\/42499"}],"wp:attachment":[{"href":"https:\/\/radiozapatista.org\/index.php?rest_route=%2Fwp%2Fv2%2Fmedia&parent=42498"}],"wp:term":[{"taxonomy":"category","embeddable":true,"href":"https:\/\/radiozapatista.org\/index.php?rest_route=%2Fwp%2Fv2%2Fcategories&post=42498"},{"taxonomy":"post_tag","embeddable":true,"href":"https:\/\/radiozapatista.org\/index.php?rest_route=%2Fwp%2Fv2%2Ftags&post=42498"}],"curies":[{"name":"wp","href":"https:\/\/api.w.org\/{rel}","templated":true}]}}