{"id":42460,"date":"2022-05-20T08:24:03","date_gmt":"2022-05-20T13:24:03","guid":{"rendered":"https:\/\/radiozapatista.org\/?p=42460"},"modified":"2022-05-20T09:36:12","modified_gmt":"2022-05-20T14:36:12","slug":"desde-las-montanas-de-guerrero-para-el-pueblo-wixarika","status":"publish","type":"post","link":"https:\/\/radiozapatista.org\/?p=42460","title":{"rendered":"Desde las monta\u00f1as de Guerrero para el pueblo Wix\u00e1rika"},"content":{"rendered":"<p>Para los pueblos que resisten.<br \/>\nPara nuestros y nuestras hermanas<br \/>\nPara la Caravana de la Dignidad y Conciencia Wix\u00e1rika<\/p>\n<p style=\"text-align: right;\">19 de mayo de 2022.<\/p>\n<p>Como Concejo Ind\u00edgena y Popular de Guerrero-Emiliano Zapata les queremos decir, hermanos y hermanas Wix\u00e1rikas, que acompa\u00f1amos y respaldamos su caminar, que los seguimos y que los abrazamos en esta y en todas sus luchas, pues sobre todo y ante todo, la tierra, que es vida, se defiende.<\/p>\n<p>Hoy los cobijamos con un abrazo desde las comunidades en resistencia del estado de Guerrero, sabemos que no es f\u00e1cil dejar su hogar en busca de soluciones para el pueblo esperando respuesta de un gobierno fallido, no es f\u00e1cil resistir ante el despojo de sus tierras y por supuesto no es sencillo continuar con la organizaci\u00f3n despu\u00e9s del silencio y complicidad de los malos gobiernos.<\/p>\n<p>En este abrazo a distancia, tambi\u00e9n recordamos que en cada uno de nosotros y nosotras corre la sangre de los que se mantuvieron en pie ante el despojo colonialista y que hoy en d\u00eda seguimos de pie resistiendo al ahora despojo capitalista.<\/p>\n<p>Las comunidades del CIPOG-EZ les mandamos fuerza y nuestro reconocimiento, y mientras haya pueblos en lucha defendiendo la vida entonces siempre ser\u00e1 posible caminar hacia un mundo mejor, puesto que es y ser\u00e1 la organizaci\u00f3n de los pueblos lo que hace y har\u00e1 temblar a los que est\u00e1n a favor de la guerra y la muerte.<\/p>\n<p style=\"text-align: center;\">ATENTAMENTE<br \/>\nConcejo Ind\u00edgena y Popular de Guerrero-Emiliano Zapata<\/p>\n<p>&nbsp;<\/p>\n<p><small>Foto de portada: <a href=\"https:\/\/itsgoingdown.org\/indigenous-resistance-in-guerrero-an-interview-with-cipog-ez\/\">It&#8217;s Going Down<\/a><\/small><\/p>","protected":false},"excerpt":{"rendered":"<p>Para los pueblos que resisten. Para nuestros y nuestras hermanas Para la Caravana de la Dignidad y Conciencia Wix\u00e1rika 19 de mayo de 2022. Como Concejo Ind\u00edgena y Popular de Guerrero-Emiliano Zapata les queremos decir, hermanos y hermanas Wix\u00e1rikas, que acompa\u00f1amos y respaldamos su caminar, que los seguimos y que los abrazamos en esta y [&hellip;]<\/p>\n","protected":false},"author":1,"featured_media":42461,"comment_status":"open","ping_status":"closed","sticky":false,"template":"","format":"standard","meta":{"footnotes":""},"categories":[1024,943,954],"tags":[79,1269,63,545,148,483,254],"class_list":["post-42460","post","type-post","status-publish","format-standard","has-post-thumbnail","hentry","category-cni-temas","category-cni","category-mexico","tag-autonomia","tag-cipog-ez","tag-cni","tag-pueblos-indigenas","tag-resistencia","tag-tierra-y-territorio","tag-wixarika"],"_links":{"self":[{"href":"https:\/\/radiozapatista.org\/index.php?rest_route=\/wp\/v2\/posts\/42460","targetHints":{"allow":["GET"]}}],"collection":[{"href":"https:\/\/radiozapatista.org\/index.php?rest_route=\/wp\/v2\/posts"}],"about":[{"href":"https:\/\/radiozapatista.org\/index.php?rest_route=\/wp\/v2\/types\/post"}],"author":[{"embeddable":true,"href":"https:\/\/radiozapatista.org\/index.php?rest_route=\/wp\/v2\/users\/1"}],"replies":[{"embeddable":true,"href":"https:\/\/radiozapatista.org\/index.php?rest_route=%2Fwp%2Fv2%2Fcomments&post=42460"}],"version-history":[{"count":1,"href":"https:\/\/radiozapatista.org\/index.php?rest_route=\/wp\/v2\/posts\/42460\/revisions"}],"predecessor-version":[{"id":42462,"href":"https:\/\/radiozapatista.org\/index.php?rest_route=\/wp\/v2\/posts\/42460\/revisions\/42462"}],"wp:featuredmedia":[{"embeddable":true,"href":"https:\/\/radiozapatista.org\/index.php?rest_route=\/wp\/v2\/media\/42461"}],"wp:attachment":[{"href":"https:\/\/radiozapatista.org\/index.php?rest_route=%2Fwp%2Fv2%2Fmedia&parent=42460"}],"wp:term":[{"taxonomy":"category","embeddable":true,"href":"https:\/\/radiozapatista.org\/index.php?rest_route=%2Fwp%2Fv2%2Fcategories&post=42460"},{"taxonomy":"post_tag","embeddable":true,"href":"https:\/\/radiozapatista.org\/index.php?rest_route=%2Fwp%2Fv2%2Ftags&post=42460"}],"curies":[{"name":"wp","href":"https:\/\/api.w.org\/{rel}","templated":true}]}}