{"id":42355,"date":"2022-05-10T11:14:59","date_gmt":"2022-05-10T16:14:59","guid":{"rendered":"https:\/\/radiozapatista.org\/?p=42355"},"modified":"2022-05-10T12:05:54","modified_gmt":"2022-05-10T17:05:54","slug":"cipog-ez-frente-a-la-muerte-que-recorre-a-nuestras-comunidades-mas-organizacion-y-nuestra-digna-rebeldia","status":"publish","type":"post","link":"https:\/\/radiozapatista.org\/?p=42355","title":{"rendered":"[:es]CIPOG-EZ: Frente a la muerte que recorre a nuestras comunidades, m\u00e1s organizaci\u00f3n y nuestra digna rebeld\u00eda[:]"},"content":{"rendered":"<p>[:es]Escucha y\/o descarga aqu\u00ed: [podcast]https:\/\/radiozapatista.org\/wp-content\/uploads\/2022\/05\/cipog-frente-a-la-muerte.mp3[\/podcast]<\/p>\n<div style=\"width: 640px;\" class=\"wp-video\"><video class=\"wp-video-shortcode\" id=\"video-42355-1\" width=\"640\" height=\"360\" preload=\"metadata\" controls=\"controls\"><source type=\"video\/mp4\" src=\"https:\/\/radiozapote.org\/wp-content\/uploads\/2022\/05\/VID-20220509-WA0042.mp4?_=1\" \/><a href=\"https:\/\/radiozapote.org\/wp-content\/uploads\/2022\/05\/VID-20220509-WA0042.mp4\">https:\/\/radiozapote.org\/wp-content\/uploads\/2022\/05\/VID-20220509-WA0042.mp4<\/a><\/video><\/div>\n<p>Al Ej\u00e9rcito Zapatista de Liberaci\u00f3n Nacional<br \/>\nAl Congreso Nacional Ind\u00edgena<br \/>\nAl Concejo Ind\u00edgena de Gobierno<br \/>\nA la Sexta Nacional e Internacional<br \/>\nA las Redes de Resistencia y Rebeld\u00eda<br \/>\nA la Red contra la Represi\u00f3n y por la Solidaridad<br \/>\nA las Organizaciones de Derechos Humanos<br \/>\nA los medios de comunicaci\u00f3n<\/p>\n<p>\u00bfQui\u00e9nes ponemos a los muertos?<\/p>\n<p>9 de mayo de 2022.<\/p>\n<p>La ma\u00f1ana del 6 de mayo aproximadamente a las 9 de la ma\u00f1ana, dos de nuestros hermanos, de las comunidades que integran al CIPOG-EZ, fueron desaparecidos. Marcos Campos Ahuejote de la comunidad de Xicotl\u00e1n y Lorenza Chantzin Paxacuasingo de Acahuehuetl\u00e1n fueron detenidos y desaparecidos. Nos quieren hacer creer \u201cque su camioneta se sali\u00f3 de la carretera y murieron por un accidente automovil\u00edstico\u201d, concluy\u00f3 el gobierno. Fueron encontrados muertos con se\u00f1ales de tortura, la ma\u00f1ana del 7 de mayo en un lugar en el que los familiares y miembros de la organizaci\u00f3n ya hab\u00edamos buscado, sobre la carretera en un tramo con topes, por la ma\u00f1ana y sin que nadie lo notara, as\u00ed de absurda la forma en la que el gobierno calla la verdad y protege a quienes nos han perseguido por a\u00f1os, asesinando, secuestrando y torturando a quienes pertenecemos a las 26 comunidades de la Monta\u00f1a Baja de Guerrero y que formamos parte del CIPOG-EZ. La violencia sistem\u00e1tica, guerra de exterminio, el mal gobierno la transforma en accidentes automovil\u00edsticos.<\/p>\n<p>Hoy como una escena cotidiana, recibimos los cuerpos de nuestros hermanos Marcos Campos Ahuejote y Lorenza Chantzin Pochacuacingo. Hoy las familias y nuestras comunidades lloran y honran a sus muertos.<\/p>\n<p>Hoy mismo los malos gobiernos hacen como si no pasara nada, para ellos, para ellas, no representamos nada, s\u00f3lo se incrementan las cifras de muertos, pero mientras no superen el n\u00famero de muertos de la administraci\u00f3n pasada, todo est\u00e1 bien, podr\u00e1n presumir que en esta administraci\u00f3n hubo menos muertos que en la pasada, el n\u00famero de votantes permanece.<\/p>\n<p>Hoy le decimos a los malos gobiernos que sabemos que ellos son los delincuentes, por acto o por omisi\u00f3n, pues saben que quienes nos matan \u201cLos Ardillos\u201d, est\u00e1n dentro de sus propias instituciones, son parte de la fiscal\u00eda, de las polic\u00edas municipales y del gobierno de Guerrero. Ese grupo narco-paramilitar opera con total impunidad, instala retenes y asesina a nuestros hermanos y hermanas y eso lo sabe la gobernadora Evelyn Salgado, pero no solamente, pues el gobierno federal tambi\u00e9n guarda silencio frente a la muerte que recorre a nuestro estado y al pa\u00eds.<\/p>\n<p>Hacemos responsable al mal gobierno Federal, al de Evelyn Salgado y a los gobiernos municipales por lo que nos pueda suceder a los coordinadores y promotores del CIPOG-EZ Jes\u00fas Pl\u00e1cido, Nic\u00e9foro Nava, Delfino S\u00e1nchez, Sixto Mendoza, Benjam\u00edn S\u00e1nchez, Prisco Rodr\u00edguez, Ad\u00e1n Linares, Guillermo Morales Hilario, as\u00ed como a los ni\u00f1os y ni\u00f1as, mujeres, hombres, abuelos y abuelas de nuestras 26 comunidades, pues se sabe de sobra que \u201cLos Ardillos\u00bb se mueven y controlan los tramos que van de Tlapa a Chilapa, de Chilapa a Chilpancingo, de Chilapa a Jos\u00e9 Joaqu\u00edn de Herrera. Los nombres de quienes han generado la violencia en la regi\u00f3n son de sobra conocidos, \u201cLos Ardillos\u201d, Celso Ortega y la gente que integra al grupo narco-paramilitar, particularmente Audencio Lucas Rosario.<\/p>\n<p>Llamamos a la ONU, a las Organizaciones de Derechos Humanos, a que denuncien los cr\u00edmenes que el Estado Mexicano permite que ocurran a los habitantes de nuestras comunidades. Llamamos tambi\u00e9n a las organizaciones solidarias, a nuestros hermanos y hermanas de la Sexta, a seguir al pendiente de nuestra situaci\u00f3n, tal como lo han venido haciendo.<\/p>\n<p>No aceptaremos nunca que la tortura, la desaparici\u00f3n, los asesinatos, sean nuestro destino, por m\u00e1s que los malos gobiernos normalicen y oculten esos cr\u00edmenes. Seguiremos en lucha por la vida de nuestras comunidades.<\/p>\n<p style=\"text-align: center;\">ATENTAMENTE:<\/p>\n<p style=\"text-align: center;\">CONCEJO IND\u00cdGENA Y POPULAR DE GUERRERO-EMILIANO ZAPATA<\/p>\n<p>[:]<\/p>\n","protected":false},"excerpt":{"rendered":"<p>[:es]Escucha y\/o descarga aqu\u00ed: [podcast]https:\/\/radiozapatista.org\/wp-content\/uploads\/2022\/05\/cipog-frente-a-la-muerte.mp3[\/podcast] Al Ej\u00e9rcito Zapatista de Liberaci\u00f3n Nacional Al Congreso Nacional Ind\u00edgena Al Concejo Ind\u00edgena de Gobierno A la Sexta Nacional e Internacional A las Redes de Resistencia y Rebeld\u00eda A la Red contra la Represi\u00f3n y por la Solidaridad A las Organizaciones de Derechos Humanos A los medios de comunicaci\u00f3n \u00bfQui\u00e9nes [&hellip;]<\/p>\n","protected":false},"author":1,"featured_media":42356,"comment_status":"open","ping_status":"closed","sticky":false,"template":"","format":"standard","meta":{"footnotes":""},"categories":[1,957,1024,943,954,222],"tags":[1269,63,1061,77,912],"class_list":["post-42355","post","type-post","status-publish","format-standard","has-post-thumbnail","hentry","category-audio","category-autonomia","category-cni-temas","category-cni","category-mexico","category-video","tag-cipog-ez","tag-cni","tag-crimen-organizado","tag-guerrero","tag-narcoestado"],"_links":{"self":[{"href":"https:\/\/radiozapatista.org\/index.php?rest_route=\/wp\/v2\/posts\/42355","targetHints":{"allow":["GET"]}}],"collection":[{"href":"https:\/\/radiozapatista.org\/index.php?rest_route=\/wp\/v2\/posts"}],"about":[{"href":"https:\/\/radiozapatista.org\/index.php?rest_route=\/wp\/v2\/types\/post"}],"author":[{"embeddable":true,"href":"https:\/\/radiozapatista.org\/index.php?rest_route=\/wp\/v2\/users\/1"}],"replies":[{"embeddable":true,"href":"https:\/\/radiozapatista.org\/index.php?rest_route=%2Fwp%2Fv2%2Fcomments&post=42355"}],"version-history":[{"count":3,"href":"https:\/\/radiozapatista.org\/index.php?rest_route=\/wp\/v2\/posts\/42355\/revisions"}],"predecessor-version":[{"id":42379,"href":"https:\/\/radiozapatista.org\/index.php?rest_route=\/wp\/v2\/posts\/42355\/revisions\/42379"}],"wp:featuredmedia":[{"embeddable":true,"href":"https:\/\/radiozapatista.org\/index.php?rest_route=\/wp\/v2\/media\/42356"}],"wp:attachment":[{"href":"https:\/\/radiozapatista.org\/index.php?rest_route=%2Fwp%2Fv2%2Fmedia&parent=42355"}],"wp:term":[{"taxonomy":"category","embeddable":true,"href":"https:\/\/radiozapatista.org\/index.php?rest_route=%2Fwp%2Fv2%2Fcategories&post=42355"},{"taxonomy":"post_tag","embeddable":true,"href":"https:\/\/radiozapatista.org\/index.php?rest_route=%2Fwp%2Fv2%2Ftags&post=42355"}],"curies":[{"name":"wp","href":"https:\/\/api.w.org\/{rel}","templated":true}]}}