{"id":4235,"date":"2011-09-25T22:55:14","date_gmt":"2011-09-26T03:55:14","guid":{"rendered":"https:\/\/radiozapatista.org\/?p=4235"},"modified":"2012-01-11T10:39:33","modified_gmt":"2012-01-11T16:39:33","slug":"alto-al-hostigamiento-a-las-comunidades-zapatistas-y-a-la-construccion-de-su-autonomia","status":"publish","type":"post","link":"https:\/\/radiozapatista.org\/?p=4235","title":{"rendered":"Alto al hostigamiento a las comunidades zapatistas y a la construcci\u00f3n de su autonom\u00eda"},"content":{"rendered":"<p>Es necesario que todas y todos nos solidaricemos ante\u00a0 la campa\u00f1a actual de los tres niveles de gobierno contra las comunidades zapatistas.<\/p>\n<p>En esta c\u00e1psula se ejemplifican los hostigamientos contra las comunidades a trav\u00e8s de organizaciones y campesinos organizados por el mal gobierno.[podcast]http:\/\/www.radiozapatista.org\/Audios\/Hostagimiento_Comunidades_Zapatistas.MP3[\/podcast]<\/p>\n<p>Con audios provenientes de la Caravana de apoyo y solidaridad con las comunidades zapatistas que concluy\u00f2 el 13 de Septiembre de 2011.<\/p>","protected":false},"excerpt":{"rendered":"<p>Es necesario que todas y todos nos solidaricemos ante\u00a0 la campa\u00f1a actual de los tres niveles de gobierno contra las comunidades zapatistas. En esta c\u00e1psula se ejemplifican los hostigamientos contra las comunidades a trav\u00e8s de organizaciones y campesinos organizados por el mal gobierno.[podcast]http:\/\/www.radiozapatista.org\/Audios\/Hostagimiento_Comunidades_Zapatistas.MP3[\/podcast] Con audios provenientes de la Caravana de apoyo y solidaridad con las [&hellip;]<\/p>\n","protected":false},"author":1,"featured_media":0,"comment_status":"open","ping_status":"open","sticky":false,"template":"","format":"standard","meta":{"footnotes":""},"categories":[1,6,190],"tags":[917,36,57,154,96],"class_list":["post-4235","post","type-post","status-publish","format-standard","hentry","category-audio","category-chiapas","category-radiozapatista","tag-chiapas","tag-comunidades-zapatistas","tag-educacion","tag-jbg","tag-tierra"],"_links":{"self":[{"href":"https:\/\/radiozapatista.org\/index.php?rest_route=\/wp\/v2\/posts\/4235","targetHints":{"allow":["GET"]}}],"collection":[{"href":"https:\/\/radiozapatista.org\/index.php?rest_route=\/wp\/v2\/posts"}],"about":[{"href":"https:\/\/radiozapatista.org\/index.php?rest_route=\/wp\/v2\/types\/post"}],"author":[{"embeddable":true,"href":"https:\/\/radiozapatista.org\/index.php?rest_route=\/wp\/v2\/users\/1"}],"replies":[{"embeddable":true,"href":"https:\/\/radiozapatista.org\/index.php?rest_route=%2Fwp%2Fv2%2Fcomments&post=4235"}],"version-history":[{"count":0,"href":"https:\/\/radiozapatista.org\/index.php?rest_route=\/wp\/v2\/posts\/4235\/revisions"}],"wp:attachment":[{"href":"https:\/\/radiozapatista.org\/index.php?rest_route=%2Fwp%2Fv2%2Fmedia&parent=4235"}],"wp:term":[{"taxonomy":"category","embeddable":true,"href":"https:\/\/radiozapatista.org\/index.php?rest_route=%2Fwp%2Fv2%2Fcategories&post=4235"},{"taxonomy":"post_tag","embeddable":true,"href":"https:\/\/radiozapatista.org\/index.php?rest_route=%2Fwp%2Fv2%2Ftags&post=4235"}],"curies":[{"name":"wp","href":"https:\/\/api.w.org\/{rel}","templated":true}]}}