{"id":42349,"date":"2022-05-10T11:00:00","date_gmt":"2022-05-10T16:00:00","guid":{"rendered":"https:\/\/radiozapatista.org\/?p=42349"},"modified":"2022-05-10T11:00:00","modified_gmt":"2022-05-10T16:00:00","slug":"sexto-aniversario-de-radio-tlanixco-manantial-de-libertad-2","status":"publish","type":"post","link":"https:\/\/radiozapatista.org\/?p=42349","title":{"rendered":"[:es]Sexto aniversario de Radio Tlanixco, Manantial de Libertad[:]"},"content":{"rendered":"<p>[:es]A las tribus, pueblos, barrios y naciones del Congreso Nacional Ind\u00edgena<br \/>\nAl Concejo Ind\u00edgena de Gobierno<br \/>\nAl Ejercito Zapatista de Liberaci\u00f3n Nacional<br \/>\nA la Red contra la Represi\u00f3n y por la Solidaridad<br \/>\nA la Sexta Nacional e Internacional<br \/>\nA los medios libres, aut\u00f3nomos, alternativos o como se llamen<br \/>\nA los dignos pueblos que luchan, resisten y se rebelan<br \/>\nA las organizaciones y compa\u00f1er@ solidarias que nos acompa\u00f1aron en nuestro caminar<\/p>\n<p>El 1\u00b0 de mayo de hace seis a\u00f1os nace este esfuerzo colectivo, resultado de la organizaci\u00f3n, acompa\u00f1amiento y disposici\u00f3n para la creaci\u00f3n de otro mundo posible.<\/p>\n<p>Radio Tlanixco es una radio comunitaria que busca construir una comunicaci\u00f3n diferente, desde el pueblo, su objetivo principal es servir a la comunidad, crear un espacio para sentirnos nuestros, fomentando nuestra identidad, reconociendo nuestras costumbres y tradiciones, as\u00ed como disfrutando los diferentes ritmos que nos gustan a los pueblos.<\/p>\n<p>Cre\u00e1ndose tambi\u00e9n como una oportunidad de mejorar como movimiento y para tejer comunicaci\u00f3n con la comunidad y crear una conciencia de lucha por nuestros recursos y por la libertad de nuestros compa\u00f1eros presos, su nombre y la frecuencia son parte de nuestra historia, pues en Radio Tlanixco manantial de libertad en el 96.2 fm, el 9 es por la frecuencia que se utiliza aqu\u00ed regularmente, 6 es por los 5 compa\u00f1eros y la compa\u00f1era que estuvieron presos por defender el agua de Tlanixco y el 2 por los dos compa\u00f1eros de la comunidad que tienen orden de aprehensi\u00f3n. El logotipo est\u00e1 inspirado en la misma historia del pueblo, lo componen un c\u00edrculo en\u00a0el lleva en nombre de la radio \u201cRadio Tlanixco manantial de Libertad\u201d, en el interior en la parte superior se encuentra el Volc\u00e1n Xinantecatl o Nevado de Toluca, y al costado un rio que emerge de las monta\u00f1as, en la parte inferior\u00a0la imagen de un\u00a0Tecolote un animal parecido al B\u00faho que es s\u00edmbolo de nuestra identidad. \u00a0Y por \u00faltimo una estrella de cinco puntas de color rojo dentro de un c\u00edrculo verde que simboliza nuestra lucha desde abajo y a la izquierda por la defensa del agua y por la libertad de nuestros compas y dentro de esa estrella el emblema de la casa de todos los pueblos del Congreso Nacional Ind\u00edgena con quienes caminamos desde el 2001.<\/p>\n<p>Radio Tlanixco adem\u00e1s de ser una radio comunitaria tiene principios que se desprenden y que hemos aprendido de los compas zapatistas y de nuestro caminar dentro del Congreso Nacional Ind\u00edgena y que a partir del an\u00e1lisis colectivo se ampl\u00edan:<\/p>\n<p>Construir y no destruir<br \/>\nConvencer y no vencer<br \/>\nRepresentar y no suplantar<br \/>\nCaminar hacia la autonom\u00eda<br \/>\nMantener la independencia frente a la pol\u00edtica partidista y gubernamental<br \/>\nServir a la comunidad y no servirse de la comunidad<br \/>\nCrear conciencia anticapitalista<br \/>\nSaber\/aprender a escuchar<br \/>\nNo claudicar<br \/>\nNo rendirse<br \/>\nNo venderse<br \/>\nSolidaridad con otras luchas y\/o pueblos<br \/>\nLuchar contra la injusticia y la represi\u00f3n<br \/>\nRespetar y promover la igualdad y equidad de g\u00e9nero, edad, clase.<\/p>\n<p>Desde su creaci\u00f3n y hasta entonces seguimos ejerciendo los principios, as\u00ed como la convicci\u00f3n de cumplirlos siempre, reconocemos la importante tarea de nuestra radio comunitaria y seguimos comprometidos con la comunidad, en la mejora de la programaci\u00f3n y creaci\u00f3n de contenido nuestro.<\/p>\n<p>Reconocemos y saludamos a las radios comunitarias que est\u00e1n resistiendo y creciendo en medio de esta guerra del capital contra toda organizaci\u00f3n de abajo, animamos a todos los pueblos que quieren seguir formando radios comunitarias pues son una herramienta importante en la construcci\u00f3n de la autonom\u00eda.<\/p>\n<p style=\"text-align: center;\">Agradecemos est\u00e9n con nosotros en este nuestro sexto aniversario<br \/>\nDesde las faldas del nevado de Toluca<br \/>\nRadio Tlanixco, Manantial de Libertad<\/p>\n<p>[:]<\/p>\n","protected":false},"excerpt":{"rendered":"<p>[:es]A las tribus, pueblos, barrios y naciones del Congreso Nacional Ind\u00edgena Al Concejo Ind\u00edgena de Gobierno Al Ejercito Zapatista de Liberaci\u00f3n Nacional A la Red contra la Represi\u00f3n y por la Solidaridad A la Sexta Nacional e Internacional A los medios libres, aut\u00f3nomos, alternativos o como se llamen A los dignos pueblos que luchan, resisten [&hellip;]<\/p>\n","protected":false},"author":1,"featured_media":0,"comment_status":"open","ping_status":"closed","sticky":false,"template":"","format":"standard","meta":{"footnotes":""},"categories":[954,183],"tags":[591],"class_list":["post-42349","post","type-post","status-publish","format-standard","hentry","category-mexico","category-blog","tag-medios-libres"],"_links":{"self":[{"href":"https:\/\/radiozapatista.org\/index.php?rest_route=\/wp\/v2\/posts\/42349","targetHints":{"allow":["GET"]}}],"collection":[{"href":"https:\/\/radiozapatista.org\/index.php?rest_route=\/wp\/v2\/posts"}],"about":[{"href":"https:\/\/radiozapatista.org\/index.php?rest_route=\/wp\/v2\/types\/post"}],"author":[{"embeddable":true,"href":"https:\/\/radiozapatista.org\/index.php?rest_route=\/wp\/v2\/users\/1"}],"replies":[{"embeddable":true,"href":"https:\/\/radiozapatista.org\/index.php?rest_route=%2Fwp%2Fv2%2Fcomments&post=42349"}],"version-history":[{"count":1,"href":"https:\/\/radiozapatista.org\/index.php?rest_route=\/wp\/v2\/posts\/42349\/revisions"}],"predecessor-version":[{"id":42350,"href":"https:\/\/radiozapatista.org\/index.php?rest_route=\/wp\/v2\/posts\/42349\/revisions\/42350"}],"wp:attachment":[{"href":"https:\/\/radiozapatista.org\/index.php?rest_route=%2Fwp%2Fv2%2Fmedia&parent=42349"}],"wp:term":[{"taxonomy":"category","embeddable":true,"href":"https:\/\/radiozapatista.org\/index.php?rest_route=%2Fwp%2Fv2%2Fcategories&post=42349"},{"taxonomy":"post_tag","embeddable":true,"href":"https:\/\/radiozapatista.org\/index.php?rest_route=%2Fwp%2Fv2%2Ftags&post=42349"}],"curies":[{"name":"wp","href":"https:\/\/api.w.org\/{rel}","templated":true}]}}