{"id":42241,"date":"2022-04-26T18:40:14","date_gmt":"2022-04-26T23:40:14","guid":{"rendered":"https:\/\/radiozapatista.org\/?p=42241"},"modified":"2022-04-26T18:40:14","modified_gmt":"2022-04-26T23:40:14","slug":"mujeres-de-mexico-se-movilizan-en-alerta-nacional-nos-estan-matando","status":"publish","type":"post","link":"https:\/\/radiozapatista.org\/?p=42241","title":{"rendered":"Mujeres de M\u00e9xico se movilizan en alerta nacional: \u201cnos est\u00e1n matando\u201d"},"content":{"rendered":"<p>Fuente: <a href=\"https:\/\/avispa.org\/mujeres-de-mexico-se-movilizan-en-alerta-nacional-nos-estan-matando\/\">Avispa Midia<\/a><\/p>\n<p>Por Jeny Pascacio<\/p>\n<div class=\"tdb-block-inner td-fix-index\">\n<p>\u201cNos est\u00e1n matando, violando, mutilando, torturando, empalando, embolsando, desapareciendo, \u2018suicidando\u2019, enterrando vivas, vendiendo, y que la Justicia no llega, que la Justicia no se ve, que la Justicia no existe\u201d.<\/p>\n<p>Lo anterior es parte de un comunicado difundido por las redes, colectivas y organizaciones que el domingo (24) salieron a las calles de diferentes entidades para alertar sobre la imparable violencia feminicida que enfrentan en las mujeres en M\u00e9xico.<\/p>\n<p class=\"has-vivid-cyan-blue-color has-text-color\"><a href=\"https:\/\/avispa.org\/en-chiapas-mujeres-exigen-alto-a-la-violencia-institucional-y-justicia-por-feminicidios\/\" target=\"_blank\" rel=\"noreferrer noopener\">Te puede interesar \u2192 En Chiapas, mujeres exigen alto a la violencia institucional y justicia por feminicidios<\/a><\/p>\n<p>En las protestas de Yucat\u00e1n, Oaxaca, Guerrero, Chiapas, Ciudad de M\u00e9xico, Veracruz, Baja California, Nuevo Le\u00f3n, por mencionar solo algunos estados, las cartulinas y lonas mostraron nuevamente los nombres y rostros de mujeres v\u00edctimas de feminicidio y desaparici\u00f3n. Miles de casos que permanecen en la impunidad.<\/p>\n<p>La movilizaci\u00f3n fue convocada a nivel nacional por la indignaci\u00f3n derivada del caso de Debanhi y el hallazgo de m\u00e1s v\u00edctimas de feminicidio en Nuevo L\u00e9on, al norte del pa\u00eds. \u201cLa desolaci\u00f3n, inseguridad y violencia va en aumento\u201d, reclamaron las mujeres.<\/p>\n<h3 id=\"h-el-panorama-es-desolador\" class=\"has-black-color has-text-color\"><strong>\u201cEl panorama es desolador\u201d<\/strong><\/h3>\n<p>De enero a marzo de 2022, el Sistema Nacional de Seguridad P\u00fablica tiene el registro de 229 casos de feminicidios: 78 en enero, 81 en febrero y 70 en marzo. Seg\u00fan la dependencia federal estos n\u00fameros reflejan una disminuci\u00f3n de 34%.<\/p>\n<figure class=\"wp-block-image size-large\"><a class=\"td-modal-image\" href=\"https:\/\/avispa.org\/wp-content\/uploads\/2022\/04\/MarchavsFeminicidios1-1024x577.jpeg\"><img loading=\"lazy\" decoding=\"async\" class=\"wp-image-50389\" src=\"https:\/\/avispa.org\/wp-content\/uploads\/2022\/04\/MarchavsFeminicidios1-1024x577.jpeg\" sizes=\"auto, (max-width: 1024px) 100vw, 1024px\" srcset=\"https:\/\/avispa.org\/wp-content\/uploads\/2022\/04\/MarchavsFeminicidios1-1024x577.jpeg 1024w, https:\/\/avispa.org\/wp-content\/uploads\/2022\/04\/MarchavsFeminicidios1-300x169.jpeg 300w, https:\/\/avispa.org\/wp-content\/uploads\/2022\/04\/MarchavsFeminicidios1-768x432.jpeg 768w, https:\/\/avispa.org\/wp-content\/uploads\/2022\/04\/MarchavsFeminicidios1-1536x865.jpeg 1536w, https:\/\/avispa.org\/wp-content\/uploads\/2022\/04\/MarchavsFeminicidios1-696x392.jpeg 696w, https:\/\/avispa.org\/wp-content\/uploads\/2022\/04\/MarchavsFeminicidios1-1068x601.jpeg 1068w, https:\/\/avispa.org\/wp-content\/uploads\/2022\/04\/MarchavsFeminicidios1.jpeg 1600w\" alt=\"\" width=\"1024\" height=\"577\" \/><\/a><\/figure>\n<p>La lista la encabeza el Estado de M\u00e9xico con 39 feminicidios, Nuevo Le\u00f3n con 21 y Veracruz 21; le siguen la Ciudad de M\u00e9xico, Oaxaca, Chihuahua, Jalisco, Morelos, Chiapas y Tabasco.\u00a0El riesgo feminicida en el Estado de M\u00e9xico es tan grave que Amnist\u00eda Internacional mantiene una petici\u00f3n en su plataforma por cuatro feminicidios, \u201cla mayor\u00eda de los asesinatos quedan impunes\u201d, recalca.<\/p>\n<p class=\"has-vivid-cyan-blue-color has-text-color\"><a href=\"https:\/\/avispa.org\/mariana-un-ano-sin-justicia-en-chiapas\/\" target=\"_blank\" rel=\"noreferrer noopener\">Te puede interesar \u2192 Mariana, un a\u00f1o sin justicia en Chiapas<\/a><\/p>\n<p>En cada demarcaci\u00f3n la petici\u00f3n es una sola: justicia. Las mujeres solicitaron a las Fiscal\u00edas del pa\u00eds, as\u00ed como al Poder Judicial atender la situaci\u00f3n jur\u00eddica de las mujeres, incluso las que est\u00e1n privadas de su libertad injustamente.<\/p>\n<p>En las pancartas demandaron que feminicidas, golpeadores, violadores, acosadores, ped\u00f3filos y hostigadores sexuales dejen de pisar las calles y se les dicte auto de formal prisi\u00f3n.<\/p>\n<h3 class=\"has-black-color has-text-color\"><strong>Nadie volvi\u00f3 a pronunciar su nombre\u00a0<\/strong><\/h3>\n<p>\u201cLa Fiscal\u00eda de Chiapas no hace su trabajo\u201d, dijo Margarita Zenteno, mam\u00e1 de Paulina G\u00f3mez Zenteno, asesinada en Tuxtla Guti\u00e9rrez, al tomar el micr\u00f3fono en el m\u00edtin frente a Palacio de Gobierno de Chiapas. Desde entonces, la b\u00fasqueda de justicia de Margarita se convirti\u00f3 en un calvario por la falta de perspectiva de g\u00e9nero en las Fiscal\u00edas y discriminaci\u00f3n por parte de derechos humanos.<\/p>\n<p>\u201cHace seis a\u00f1os mataron a mi hermana Yuri Lisseth M\u00e9ndez Trejo, enfermera de 21 a\u00f1os. Necesitamos que el Estado haga su trabajo, hoy la Alerta de G\u00e9nero nos sigue debiendo\u201d, dijo Itzel Molina Trejo.<\/p>\n<figure class=\"wp-block-gallery has-nested-images columns-default is-cropped\">\n<figure class=\"wp-block-image size-large\"><a class=\"td-modal-image\" href=\"https:\/\/avispa.org\/wp-content\/uploads\/2022\/04\/MarchavsFeminicidios2.jpeg\"><img loading=\"lazy\" decoding=\"async\" class=\"wp-image-50390\" src=\"https:\/\/avispa.org\/wp-content\/uploads\/2022\/04\/MarchavsFeminicidios2.jpeg\" sizes=\"auto, (max-width: 1600px) 100vw, 1600px\" srcset=\"https:\/\/avispa.org\/wp-content\/uploads\/2022\/04\/MarchavsFeminicidios2.jpeg 1600w, https:\/\/avispa.org\/wp-content\/uploads\/2022\/04\/MarchavsFeminicidios2-300x169.jpeg 300w, https:\/\/avispa.org\/wp-content\/uploads\/2022\/04\/MarchavsFeminicidios2-1024x576.jpeg 1024w, https:\/\/avispa.org\/wp-content\/uploads\/2022\/04\/MarchavsFeminicidios2-768x432.jpeg 768w, https:\/\/avispa.org\/wp-content\/uploads\/2022\/04\/MarchavsFeminicidios2-1536x864.jpeg 1536w, https:\/\/avispa.org\/wp-content\/uploads\/2022\/04\/MarchavsFeminicidios2-696x392.jpeg 696w, https:\/\/avispa.org\/wp-content\/uploads\/2022\/04\/MarchavsFeminicidios2-1068x601.jpeg 1068w\" alt=\"\" width=\"1600\" height=\"900\" data-id=\"50390\" \/><\/a><\/figure>\n<figure class=\"wp-block-image size-large\"><a class=\"td-modal-image\" href=\"https:\/\/avispa.org\/wp-content\/uploads\/2022\/04\/MarchavsFeminicidios3.jpeg\"><img loading=\"lazy\" decoding=\"async\" class=\"wp-image-50391\" src=\"https:\/\/avispa.org\/wp-content\/uploads\/2022\/04\/MarchavsFeminicidios3.jpeg\" sizes=\"auto, (max-width: 1600px) 100vw, 1600px\" srcset=\"https:\/\/avispa.org\/wp-content\/uploads\/2022\/04\/MarchavsFeminicidios3.jpeg 1600w, https:\/\/avispa.org\/wp-content\/uploads\/2022\/04\/MarchavsFeminicidios3-300x169.jpeg 300w, https:\/\/avispa.org\/wp-content\/uploads\/2022\/04\/MarchavsFeminicidios3-1024x577.jpeg 1024w, https:\/\/avispa.org\/wp-content\/uploads\/2022\/04\/MarchavsFeminicidios3-768x432.jpeg 768w, https:\/\/avispa.org\/wp-content\/uploads\/2022\/04\/MarchavsFeminicidios3-1536x865.jpeg 1536w, https:\/\/avispa.org\/wp-content\/uploads\/2022\/04\/MarchavsFeminicidios3-696x392.jpeg 696w, https:\/\/avispa.org\/wp-content\/uploads\/2022\/04\/MarchavsFeminicidios3-1068x601.jpeg 1068w\" alt=\"\" width=\"1600\" height=\"901\" data-id=\"50391\" \/><\/a><\/figure>\n<\/figure>\n<p>El 24 de noviembre de 2016, Yuri fue hallada sin vida en el interior de una bolsa negra. Uno de los feminicidas fue detenido por la lucha incansable de la familia que acompa\u00f1a todas las marchas contra la violencia hacia las mujeres que se realizan en la capital de Chiapas.<\/p>\n<p>El 27 de agosto de 2021, la activista animalista Adriana Vera, fue asesinada a golpes por su pareja en Chiapa de Corzo. Compa\u00f1eras activistas de Adriana se\u00f1alaron que la Fiscal\u00eda General de Chiapas dio carpetazo a la investigaci\u00f3n por posible \u201csuicidio\u201d.<\/p>\n<p>\u201cNadie volvi\u00f3 a pronunciar su nombre. Exigimos que la recuerden porque ese tipo (el feminicida de Adriana) est\u00e1 con su nueva novia por ah\u00ed y ella puede ser la siguiente\u201d.<\/p>\n<p>La movilizaci\u00f3n a nivel nacional se dio a partir de los seis hallazgos en Nuevo Le\u00f3n y la presentaci\u00f3n del informe del Comit\u00e9 de la ONU Contra las Desapariciones Forzadas. El estudio dice que uno de cada cuatro desaparecidos en M\u00e9xico es mujer.<\/p>\n<p class=\"has-vivid-cyan-blue-color has-text-color\"><a href=\"https:\/\/avispa.org\/exigen-colectivas-feministas-la-aparacion-con-vida-de-la-defensora-irma-galindo-barrios\/\">Te puede interesar \u2192 Exigen colectivas feministas la aparaci\u00f3n con vida de la defensora Ir<\/a><a href=\"https:\/\/avispa.org\/exigen-colectivas-feministas-la-aparacion-con-vida-de-la-defensora-irma-galindo-barrios\/\" target=\"_blank\" rel=\"noreferrer noopener\">ma Galindo Barrios<\/a><\/p>\n<p>La media nacional de 25% de desaparici\u00f3n de mujeres es superada por Campeche con 67 % y m\u00e1s del 60 % en Chiapas, Tabasco y Yucat\u00e1n; en su mayor\u00eda, casos de ni\u00f1as y adolescentes de entre 10 a 19 a\u00f1os.<\/p>\n<\/div>\n<p><\/p>","protected":false},"excerpt":{"rendered":"<p>Fuente: Avispa Midia Por Jeny Pascacio \u201cNos est\u00e1n matando, violando, mutilando, torturando, empalando, embolsando, desapareciendo, \u2018suicidando\u2019, enterrando vivas, vendiendo, y que la Justicia no llega, que la Justicia no se ve, que la Justicia no existe\u201d. Lo anterior es parte de un comunicado difundido por las redes, colectivas y organizaciones que el domingo (24) salieron [&hellip;]<\/p>\n","protected":false},"author":21,"featured_media":42242,"comment_status":"open","ping_status":"closed","sticky":false,"template":"","format":"standard","meta":{"footnotes":""},"categories":[51,826,954,961],"tags":[58,497,53,147,41,87,148,27],"class_list":["post-42241","post","type-post","status-publish","format-standard","has-post-thumbnail","hentry","category-autor","category-medios-libres-2","category-mexico","category-mujeres","tag-derechos-humanos","tag-feminicidios","tag-justicia","tag-militarizacion","tag-mujeres","tag-represion","tag-resistencia","tag-solidaridad"],"_links":{"self":[{"href":"https:\/\/radiozapatista.org\/index.php?rest_route=\/wp\/v2\/posts\/42241","targetHints":{"allow":["GET"]}}],"collection":[{"href":"https:\/\/radiozapatista.org\/index.php?rest_route=\/wp\/v2\/posts"}],"about":[{"href":"https:\/\/radiozapatista.org\/index.php?rest_route=\/wp\/v2\/types\/post"}],"author":[{"embeddable":true,"href":"https:\/\/radiozapatista.org\/index.php?rest_route=\/wp\/v2\/users\/21"}],"replies":[{"embeddable":true,"href":"https:\/\/radiozapatista.org\/index.php?rest_route=%2Fwp%2Fv2%2Fcomments&post=42241"}],"version-history":[{"count":1,"href":"https:\/\/radiozapatista.org\/index.php?rest_route=\/wp\/v2\/posts\/42241\/revisions"}],"predecessor-version":[{"id":42243,"href":"https:\/\/radiozapatista.org\/index.php?rest_route=\/wp\/v2\/posts\/42241\/revisions\/42243"}],"wp:featuredmedia":[{"embeddable":true,"href":"https:\/\/radiozapatista.org\/index.php?rest_route=\/wp\/v2\/media\/42242"}],"wp:attachment":[{"href":"https:\/\/radiozapatista.org\/index.php?rest_route=%2Fwp%2Fv2%2Fmedia&parent=42241"}],"wp:term":[{"taxonomy":"category","embeddable":true,"href":"https:\/\/radiozapatista.org\/index.php?rest_route=%2Fwp%2Fv2%2Fcategories&post=42241"},{"taxonomy":"post_tag","embeddable":true,"href":"https:\/\/radiozapatista.org\/index.php?rest_route=%2Fwp%2Fv2%2Ftags&post=42241"}],"curies":[{"name":"wp","href":"https:\/\/api.w.org\/{rel}","templated":true}]}}