{"id":42216,"date":"2022-04-24T21:45:58","date_gmt":"2022-04-25T02:45:58","guid":{"rendered":"https:\/\/radiozapatista.org\/?p=42216"},"modified":"2022-04-24T21:45:58","modified_gmt":"2022-04-25T02:45:58","slug":"desapariciones-en-mexico-aumentan-entre-la-impunidad-y-eufemismos-onu","status":"publish","type":"post","link":"https:\/\/radiozapatista.org\/?p=42216","title":{"rendered":"Desapariciones en M\u00e9xico aumentan entre la impunidad y eufemismos: ONU"},"content":{"rendered":"<p>Fuente: <a href=\"https:\/\/avispa.org\/desapariciones-en-mexico-aumentan-entre-la-impunidad-y-eufemismos-onu\/\">Avispa Midia<\/a><\/p>\n<p>Por Jeny Pascacio<\/p>\n<div class=\"tdb-block-inner td-fix-index\">\n<p>Hasta noviembre de 2021, entre el 2% y el 6% de casos de desaparici\u00f3n de personas en M\u00e9xico fueron judicializados y s\u00f3lo se emitieron 36 sentencias a nivel nacional. De acuerdo al Informe del Comit\u00e9 contra la Desaparici\u00f3n Forzada de la ONU, funcionarios p\u00fablicos y la delincuencia organizada son los responsables de las desapariciones.<\/p>\n<p>El informe se basa en la documentaci\u00f3n realizada por la representaci\u00f3n que visit\u00f3 M\u00e9xico en el \u00faltimo trimestre de 2021, pues la situaci\u00f3n generalizada de desapariciones en gran parte del territorio nacional impera en la impunidad casi absoluta y la revictimizaci\u00f3n.<\/p>\n<p class=\"has-vivid-cyan-blue-color has-text-color\"><a href=\"https:\/\/avispa.org\/no-vamos-a-permitir-que-no-seamos-escuchados-planton-de-familiares-de-desaparecidas-y-desaparecidos-en-mexico\/\">Te puede interesar \u2192 \u201cNo vamos a permitir que no seamos escuchados\u201d: Plant\u00f3n de Familiares de Desaparecidas y Desaparecidos en M\u00e9xico<\/a><\/p>\n<p>Las desapariciones tuvieron un aumento en el 2006, cuando Felipe Calder\u00f3n ocupaba presidencia de M\u00e9xico. Afectaron mayoritariamente a hombres de entre 15 y 40 a\u00f1os, aunque tambi\u00e9n existe un alza en desapariciones de ni\u00f1ez de 12 a\u00f1os, as\u00ed como de adolescentes y mujeres, tendencia que se agudiz\u00f3 durante la pandemia por la Covid-19.<\/p>\n<p>En algunas entidades la desaparici\u00f3n de mujeres supera ampliamente el promedio nacional de 25%. En Campeche alcanza el 67 % y m\u00e1s del 60 % en Chiapas, Tabasco y Yucat\u00e1n; en su mayor\u00eda, casos de ni\u00f1as y adolescentes de entre 10 a 19 a\u00f1os.<\/p>\n<p>En el caso de las desapariciones forzadas, a\u00fan son cometidas directamente por agentes p\u00fablicos del \u00e1mbito federal, estatal y municipal y la delincuencia organizada se considera perpetradora central de estos cr\u00edmenes.<\/p>\n<p>La impunidad es un rasgo estructural que favorece la reproducci\u00f3n y el encubrimiento; pone en peligro y causa zozobra a las v\u00edctimas, dice la ONU. Pero el presidente de M\u00e9xico, Andr\u00e9s Manuel L\u00f3pez Obrador enfatiz\u00f3, tras la presentaci\u00f3n del informe, que ning\u00fan organismo internacional \u201cva ponernos en el banquillo de los acusados\u201d y asegur\u00f3 que su gobierno trabaja con humanismo en esos casos, \u201cellos no tienen toda la informaci\u00f3n y no est\u00e1n actuando con apego con la verdad\u201d, respondi\u00f3 negando los datos de Naciones Unidas.<\/p>\n<h3 id=\"h-sectores\" class=\"has-black-color has-text-color\"><strong>Sectores<\/strong><\/h3>\n<p>Durante su visita en noviembre del a\u00f1o pasado, los representantes de la ONU encabezaron reuniones con organizaciones, grupos, familiares de v\u00edctimas y autoridades de 31 entidades en el recorrido que hicieron por Chihuahua, Ciudad de M\u00e9xico, Coahuila, Estado de M\u00e9xico, Guanajuato, Guerrero, Jalisco, Morelos, Nayarit, Nuevo Le\u00f3n, Sinaloa, Tamaulipas y Veracruz.<\/p>\n<figure class=\"wp-block-image size-full\"><a class=\"td-modal-image\" href=\"https:\/\/avispa.org\/wp-content\/uploads\/2022\/04\/Margarito-Pe\u0301rez_Cuartoscuro.jpg\"><img loading=\"lazy\" decoding=\"async\" class=\"wp-image-50332 td-animation-stack-type0-2\" src=\"https:\/\/avispa.org\/wp-content\/uploads\/2022\/04\/Margarito-Pe\u0301rez_Cuartoscuro.jpg\" sizes=\"auto, (max-width: 837px) 100vw, 837px\" srcset=\"https:\/\/avispa.org\/wp-content\/uploads\/2022\/04\/Margarito-Pe\u0301rez_Cuartoscuro.jpg 837w, https:\/\/avispa.org\/wp-content\/uploads\/2022\/04\/Margarito-Pe\u0301rez_Cuartoscuro-300x203.jpg 300w, https:\/\/avispa.org\/wp-content\/uploads\/2022\/04\/Margarito-Pe\u0301rez_Cuartoscuro-768x518.jpg 768w, https:\/\/avispa.org\/wp-content\/uploads\/2022\/04\/Margarito-Pe\u0301rez_Cuartoscuro-696x470.jpg 696w\" alt=\"\" width=\"837\" height=\"565\" \/><\/a><\/figure>\n<p>Ahora, en el estudio, el Comit\u00e9 menciona las desapariciones por la labor de defensores de los derechos humanos, las ocurridas en el contexto carcelario, as\u00ed como las detenciones de personas migrantes en estaciones migratorias que son difundidas como \u201crescates humanitarios\u201d, en los que reconocen la falta de informaci\u00f3n, lo que constituye desaparici\u00f3n forzada en virtud del art\u00edculo 2 de la Convenci\u00f3n.<\/p>\n<p class=\"has-vivid-cyan-blue-color has-text-color\"><a href=\"https:\/\/avispa.org\/lucha-contra-el-olvido-de-migrantes-desaparecidos-en-mexico\/\">Te puede interesar \u2192 Lucha contra el olvido de migrantes desaparecidos en M\u00e9xico<\/a><\/p>\n<p>Desde 2016 se han interpuesto 124 denuncias por desaparici\u00f3n de personas migrantes, a trav\u00e9s de los consulados de M\u00e9xico en Guatemala, El Salvador y Honduras. Al 21 de octubre de 2021, el Registro Nacional de Personas Desaparecidas y No Localizadas inclu\u00eda a 2,522 personas extranjeras, pero \u201cno refleja de manera fidedigna los casos\u201d, pues las personas en contexto de movilidad por lo general no reportan las desapariciones por temor a ser detenidas.<\/p>\n<p>En cuanto a las comunidades ind\u00edgenas tambi\u00e9n se han visto afectadas por desapariciones, principalmente en el contexto de conflictos sociales y territoriales vinculados con el desarrollo de megaproyectos de \u00edndole minera o energ\u00e9tica o tras el despojo o acaparamiento de tierras para explotaci\u00f3n econ\u00f3mica por parte de grupos del crimen organizado u otros actores privados.<\/p>\n<p>En el reporte, se se\u00f1ala que las desapariciones de personas LGBTIQ+ fueron cometidas por fuerzas de seguridad, o por la delincuencia organizada con distintos niveles de connivencia de las autoridades.<\/p>\n<p>En algunas entidades federativas existen patrones de desaparici\u00f3n, independientemente del perfil de las v\u00edctimas. Por mencionar los casos de feminicidios de Nuevo Le\u00f3n y un importante n\u00famero de desapariciones relacionadas con el tr\u00e1fico de combustibles en el norte del pa\u00eds.<\/p>\n<h3 class=\"has-black-color has-text-color\"><strong>Crisis forense<\/strong><\/h3>\n<p>\u201cNo se han creado un banco nacional de datos forenses, un registro nacional de personas fallecidas no identificadas y no reclamadas, ni un registro nacional de fosas, y que tampoco se haya emitido el Programa Nacional de Exhumaciones\u201d, detalla el informe de la ONU.<\/p>\n<p>Para el Comit\u00e9, la crisis forense es una realidad de profunda preocupaci\u00f3n por las m\u00e1s de 52,000 personas fallecidas sin identificar que yacen actualmente en fosas comunes, instalaciones de los servicios forenses, universidades y centros de resguardo forense.<\/p>\n<p>\u201cEsta cifra, a pesar de su magnitud, no incluye los cuerpos todav\u00eda no localizados, ni los miles de fragmentos de restos humanos que las familias y comisiones de b\u00fasqueda recogen semanalmente en las fosas clandestinas\u201d, contextualiza sobre las estad\u00edsticas.<\/p>\n<p>Seg\u00fan varios expertos entrevistados por el Comit\u00e9 de la ONU, en las actuales condiciones ser\u00edan necesarios 120 a\u00f1os para identificarlos, sin contar los nuevos cuerpos que se van sumando cada d\u00eda.<\/p>\n<figure class=\"wp-block-image size-large\"><a class=\"td-modal-image\" href=\"https:\/\/avispa.org\/wp-content\/uploads\/2022\/04\/Integrantes-de-la-Caravana-Internacional-de-Bu\u0301squeda-de-Desaparecidos-AC-y-familiares-de-vi\u0301ctimas-de-los-estados-de-Jalisco-Guanajuato-Coahuila-y-estado-de-Me\u0301xico-durante-una-marcha-en-Guadalajara-1024x682.jpg\"><img loading=\"lazy\" decoding=\"async\" class=\"wp-image-50333 td-animation-stack-type0-2\" src=\"https:\/\/avispa.org\/wp-content\/uploads\/2022\/04\/Integrantes-de-la-Caravana-Internacional-de-Bu\u0301squeda-de-Desaparecidos-AC-y-familiares-de-vi\u0301ctimas-de-los-estados-de-Jalisco-Guanajuato-Coahuila-y-estado-de-Me\u0301xico-durante-una-marcha-en-Guadalajara-1024x682.jpg\" sizes=\"auto, (max-width: 1024px) 100vw, 1024px\" srcset=\"https:\/\/avispa.org\/wp-content\/uploads\/2022\/04\/Integrantes-de-la-Caravana-Internacional-de-Bu\u0301squeda-de-Desaparecidos-AC-y-familiares-de-vi\u0301ctimas-de-los-estados-de-Jalisco-Guanajuato-Coahuila-y-estado-de-Me\u0301xico-durante-una-marcha-en-Guadalajara-1024x682.jpg 1024w, https:\/\/avispa.org\/wp-content\/uploads\/2022\/04\/Integrantes-de-la-Caravana-Internacional-de-Bu\u0301squeda-de-Desaparecidos-AC-y-familiares-de-vi\u0301ctimas-de-los-estados-de-Jalisco-Guanajuato-Coahuila-y-estado-de-Me\u0301xico-durante-una-marcha-en-Guadalajara-300x200.jpg 300w, https:\/\/avispa.org\/wp-content\/uploads\/2022\/04\/Integrantes-de-la-Caravana-Internacional-de-Bu\u0301squeda-de-Desaparecidos-AC-y-familiares-de-vi\u0301ctimas-de-los-estados-de-Jalisco-Guanajuato-Coahuila-y-estado-de-Me\u0301xico-durante-una-marcha-en-Guadalajara-768x512.jpg 768w, https:\/\/avispa.org\/wp-content\/uploads\/2022\/04\/Integrantes-de-la-Caravana-Internacional-de-Bu\u0301squeda-de-Desaparecidos-AC-y-familiares-de-vi\u0301ctimas-de-los-estados-de-Jalisco-Guanajuato-Coahuila-y-estado-de-Me\u0301xico-durante-una-marcha-en-Guadalajara-696x464.jpg 696w, https:\/\/avispa.org\/wp-content\/uploads\/2022\/04\/Integrantes-de-la-Caravana-Internacional-de-Bu\u0301squeda-de-Desaparecidos-AC-y-familiares-de-vi\u0301ctimas-de-los-estados-de-Jalisco-Guanajuato-Coahuila-y-estado-de-Me\u0301xico-durante-una-marcha-en-Guadalajara-1068x711.jpg 1068w, https:\/\/avispa.org\/wp-content\/uploads\/2022\/04\/Integrantes-de-la-Caravana-Internacional-de-Bu\u0301squeda-de-Desaparecidos-AC-y-familiares-de-vi\u0301ctimas-de-los-estados-de-Jalisco-Guanajuato-Coahuila-y-estado-de-Me\u0301xico-durante-una-marcha-en-Guadalajara.jpg 1117w\" alt=\"\" width=\"1024\" height=\"682\" \/><\/a><figcaption><em><sup>Integrantes de la Caravana Internacional de Bu\u0301squeda de Desaparecidos AC y familiares de vi\u0301ctimas de los estados de Jalisco, Guanajuato, Coahuila y estado de Me\u0301xico, durante una marcha en Guadalajara<\/sup><\/em><\/figcaption><\/figure>\n<p>Baja California, Ciudad de M\u00e9xico, Estado de M\u00e9xico, Jalisco, Chihuahua, Tamaulipas y Nuevo Le\u00f3n concentran el 71,73% de los cuerpos no identificados; y los servicios forenses son insuficientes.<\/p>\n<p>Esta crisis fue reconocida por el Estado debido al alza de los niveles de violencia desde el a\u00f1o de 2020, cuando se registraron 27,8 homicidios por cada 100,000 habitantes y en el gran n\u00famero de personas desaparecidas. En fosas comunes en los panteones de la Ciudad de M\u00e9xico, Puebla, Sonora y Veracruz, el 47,2% de las personas inhumadas son no identificadas.<\/p>\n<p class=\"has-vivid-cyan-blue-color has-text-color\"><a href=\"https:\/\/avispa.org\/el-peligro-de-buscar-a-desaparecidos-en-mexico\/\">Te puede interesar \u2192 El peligro de buscar a los desaparecidos en M\u00e9xico<\/a><\/p>\n<p>Por ello, insiste la ONU en la necesidad de una Pol\u00edtica Nacional de Prevenci\u00f3n y Erradicaci\u00f3n de las Desapariciones Forzadas que aborde el conjunto de las observaciones y recomendaciones presentadas. Debe ser integral, atender y combatir las causas de las desapariciones forzadas y apuntar a su no repetici\u00f3n.<\/p>\n<p>\u201cTomando en cuenta el car\u00e1cter continuo de las desapariciones, su fecha de inicio no precluye las responsabilidades actuales del Estado parte conforme a la Convenci\u00f3n\u201d. Para lo que cita algunos criterios a valorar como la responsabilidad de servidores p\u00fablicos y erradicar la impunidad.<\/p>\n<h3 class=\"has-black-color has-text-color\"><strong>Abandonar la militarizaci\u00f3n\u00a0<\/strong><\/h3>\n<p>Naciones Unidas se remonta a los noventa para recordar el enfoque de seguridad p\u00fablica adoptado por el Estado, fomentado por la reforma legislativa del 2006 y caracterizado por la militarizaci\u00f3n.<\/p>\n<p>Entre 2006 y 2021 se produce un crecimiento exponencial con el 98% de las desapariciones en el pa\u00eds, que evidencian la estrecha relaci\u00f3n entre el incremento de las desapariciones y el inicio de la llamada \u201cguerra contra el narcotr\u00e1fico\u201d durante el sexenio de Felipe Calder\u00f3n Hinojosa.<\/p>\n<p>Pero el informe expone, al igual, la adopci\u00f3n de recientes reformas normativas y operacionales al respecto como el Decreto de 26 marzo de 2019, que reforma el art\u00edculo 21 de la Constituci\u00f3n y crea la Guardia Nacional; el Acuerdo Presidencial publicado en mayo de 2020, que ordena a la Fuerza Armada permanecer en las funciones de seguridad p\u00fablica; la Ley de la Guardia Nacional, Ley Nacional de Uso de la Fuerza y Ley Nacional del Registro de Detenciones, adoptadas en 2019.<\/p>\n<p>La Guardia Nacional se integra por 101,182 elementos, el 58% provienen de la Secretar\u00eda de la Defensa Nacional (Sedena), 26% de la ex Polic\u00eda Federal y 16% de la Secretar\u00eda de Marina (Semar).<\/p>\n<p>Entre 2007 y 2021, la Comisi\u00f3n Nacional de los Derechos Humanos emiti\u00f3 un total de 162 recomendaciones a la Sedena y la Semar por violaciones graves a los derechos humanos, 15 de ellas relacionadas con casos de desaparici\u00f3n forzada.<\/p>\n<p><a href=\"https:\/\/avispa.org\/en-un-pais-militarizado-quien-vigila-a-la-guardia-nacional\/\">Te puede interesar \u2192 En un pa\u00eds militarizado, \u00bfQui\u00e9n vigila a la Guardia Nacional?<\/a><\/p>\n<p>En 2021, la Sedena y la Guardia Nacional se colocaron entre las diez autoridades m\u00e1s mencionadas en expedientes de presuntas violaciones a los derechos humanos registrados por la Comisi\u00f3n Nacional de los Derechos Humanos (CNDH). La Sedena y la Semar tambi\u00e9n est\u00e1n entre las cinco con mayor n\u00famero de recomendaciones en tr\u00e1mite.<\/p>\n<h3 class=\"has-black-color has-text-color\"><strong>Registro<\/strong><\/h3>\n<p>El Comit\u00e9 se\u00f1ala que recibi\u00f3 informaci\u00f3n, tanto de autoridades como de v\u00edctimas, sobre la existencia de diversos patrones en la comisi\u00f3n de desapariciones forzadas que afectan a la gran mayor\u00eda de las entidades federativas.<\/p>\n<div class=\"wp-block-image\">\n<figure class=\"aligncenter size-large\"><a class=\"td-modal-image\" href=\"https:\/\/avispa.org\/wp-content\/uploads\/2022\/04\/Desaparecidos-1140x760-1-1024x683.jpg\"><img loading=\"lazy\" decoding=\"async\" class=\"wp-image-50331 td-animation-stack-type0-2\" src=\"https:\/\/avispa.org\/wp-content\/uploads\/2022\/04\/Desaparecidos-1140x760-1-1024x683.jpg\" sizes=\"auto, (max-width: 1024px) 100vw, 1024px\" srcset=\"https:\/\/avispa.org\/wp-content\/uploads\/2022\/04\/Desaparecidos-1140x760-1-1024x683.jpg 1024w, https:\/\/avispa.org\/wp-content\/uploads\/2022\/04\/Desaparecidos-1140x760-1-300x200.jpg 300w, https:\/\/avispa.org\/wp-content\/uploads\/2022\/04\/Desaparecidos-1140x760-1-768x512.jpg 768w, https:\/\/avispa.org\/wp-content\/uploads\/2022\/04\/Desaparecidos-1140x760-1-696x464.jpg 696w, https:\/\/avispa.org\/wp-content\/uploads\/2022\/04\/Desaparecidos-1140x760-1-1068x712.jpg 1068w, https:\/\/avispa.org\/wp-content\/uploads\/2022\/04\/Desaparecidos-1140x760-1.jpg 1140w\" alt=\"\" width=\"1024\" height=\"683\" \/><\/a><\/figure>\n<\/div>\n<p>Por ello, se\u00f1ala la urgencia de implementar los puntos tratados en el informe, tanto para los casos que se iniciaron en el pasado, como para los perpetrados recientemente, debido a los reportes preocupantes de las personas entrevistadas por la ONU en cuanto a las duplicaciones, errores en los datos registrados o informaci\u00f3n incompleta y las dificultades existentes para solicitar correcciones o actualizaciones.<\/p>\n<p>El Registro Nacional de Personas Desaparecidas y No Localizadas, por otro lado, no permite una visi\u00f3n clara sobre la proporci\u00f3n de casos registrados que podr\u00edan corresponder a desapariciones forzadas, por lo que recomend\u00f3 la actualizado constante.<\/p>\n<p>En esto, el Comit\u00e9 resalta la riqueza de las herramientas existentes en M\u00e9xico para abordar las desapariciones, pero lamenta las graves deficiencias encontradas en su implementaci\u00f3n. Despu\u00e9s de cuatro a\u00f1os de la entrada en vigor de la Ley General en Materia de Desaparici\u00f3n Forzada de personas, Desaparici\u00f3n Cometida por Particulares y del Sistema Nacional de B\u00fasqueda, su reglamento todav\u00eda no ha sido publicado.<\/p>\n<p>La mayor\u00eda de entidades mexicanas carecen de pol\u00edtica p\u00fablica en materia de desaparici\u00f3n de personas. Solo Coahuila, Guerrero y Estado de M\u00e9xico, Nayarit, San Luis Potos\u00ed, Tamaulipas, Veracruz, cuentan con Fiscal\u00edas especializadas.<\/p>\n<p>Seg\u00fan las cifras oficiales disponibles al 26 de noviembre de 2021 se encontraban registradas 95,121 personas desaparecidas, de las cuales 112 desaparecieron durante la visita del Comit\u00e9. El Registro Nacional, administrado por la Comisi\u00f3n Nacional de B\u00fasqueda de la Secretar\u00eda de Gobernaci\u00f3n (Segob), es el \u00fanico en funcionamiento de los previstos por la Ley General.<\/p>\n<p>Y son las propias autoridades las que siguen se\u00f1aladas, adem\u00e1s, por dilaciones injustificables en la ejecuci\u00f3n de diligencias, exigiendo que hayan pasado 72 horas despu\u00e9s de una desaparici\u00f3n para recibir una denuncia, \u201cimpidiendo as\u00ed que se busque a la persona desaparecida de forma inmediata\u201d, dice la ONU.<\/p>\n<p>La Comisi\u00f3n Nacional de B\u00fasqueda carece frecuentemente de los recursos necesarios para su funcionamiento y las comisiones tienen que anular las actividades programadas o buscar formas alternativas de financiamiento.<\/p>\n<p>El Comit\u00e9 asegura que los registros de huellas dactilares constituyen una herramienta esencial para la b\u00fasqueda e identificaci\u00f3n de las personas desaparecidas, pero dicho sistema no es aplicable a los menores de edad, por lo que las recomendaciones son valoradas por las diferentes organizaciones de la sociedad civil que documentan casos de desaparici\u00f3n en M\u00e9xico.<\/p>\n<\/div>\n<p><\/p>","protected":false},"excerpt":{"rendered":"<p>Fuente: Avispa Midia Por Jeny Pascacio Hasta noviembre de 2021, entre el 2% y el 6% de casos de desaparici\u00f3n de personas en M\u00e9xico fueron judicializados y s\u00f3lo se emitieron 36 sentencias a nivel nacional. De acuerdo al Informe del Comit\u00e9 contra la Desaparici\u00f3n Forzada de la ONU, funcionarios p\u00fablicos y la delincuencia organizada son [&hellip;]<\/p>\n","protected":false},"author":21,"featured_media":42217,"comment_status":"open","ping_status":"closed","sticky":false,"template":"","format":"standard","meta":{"footnotes":""},"categories":[51,826,954,961,935],"tags":[53,147,41,23,545,87,148,27],"class_list":["post-42216","post","type-post","status-publish","format-standard","has-post-thumbnail","hentry","category-autor","category-medios-libres-2","category-mexico","category-mujeres","category-temas","tag-justicia","tag-militarizacion","tag-mujeres","tag-paramilitares","tag-pueblos-indigenas","tag-represion","tag-resistencia","tag-solidaridad"],"_links":{"self":[{"href":"https:\/\/radiozapatista.org\/index.php?rest_route=\/wp\/v2\/posts\/42216","targetHints":{"allow":["GET"]}}],"collection":[{"href":"https:\/\/radiozapatista.org\/index.php?rest_route=\/wp\/v2\/posts"}],"about":[{"href":"https:\/\/radiozapatista.org\/index.php?rest_route=\/wp\/v2\/types\/post"}],"author":[{"embeddable":true,"href":"https:\/\/radiozapatista.org\/index.php?rest_route=\/wp\/v2\/users\/21"}],"replies":[{"embeddable":true,"href":"https:\/\/radiozapatista.org\/index.php?rest_route=%2Fwp%2Fv2%2Fcomments&post=42216"}],"version-history":[{"count":1,"href":"https:\/\/radiozapatista.org\/index.php?rest_route=\/wp\/v2\/posts\/42216\/revisions"}],"predecessor-version":[{"id":42218,"href":"https:\/\/radiozapatista.org\/index.php?rest_route=\/wp\/v2\/posts\/42216\/revisions\/42218"}],"wp:featuredmedia":[{"embeddable":true,"href":"https:\/\/radiozapatista.org\/index.php?rest_route=\/wp\/v2\/media\/42217"}],"wp:attachment":[{"href":"https:\/\/radiozapatista.org\/index.php?rest_route=%2Fwp%2Fv2%2Fmedia&parent=42216"}],"wp:term":[{"taxonomy":"category","embeddable":true,"href":"https:\/\/radiozapatista.org\/index.php?rest_route=%2Fwp%2Fv2%2Fcategories&post=42216"},{"taxonomy":"post_tag","embeddable":true,"href":"https:\/\/radiozapatista.org\/index.php?rest_route=%2Fwp%2Fv2%2Ftags&post=42216"}],"curies":[{"name":"wp","href":"https:\/\/api.w.org\/{rel}","templated":true}]}}