{"id":421,"date":"2009-10-15T14:33:27","date_gmt":"2009-10-15T19:33:27","guid":{"rendered":"https:\/\/radiozapatista.org\/wp\/?p=421"},"modified":"2026-02-08T11:43:11","modified_gmt":"2026-02-08T17:43:11","slug":"la-justicia-autonoma","status":"publish","type":"post","link":"https:\/\/radiozapatista.org\/?p=421","title":{"rendered":"DOCUMENTAL ESPECIAL: La justicia aut\u00f3noma"},"content":{"rendered":"<p><em>Por Alejandro Reyes &#8211; Radio Zapatista<\/em><\/p>\n<p>Intelectuales, acad\u00e9micos, abogados, representantes ind\u00edgenas y campesinos y luchadores sociales debaten sobre el estado de la justicia en Am\u00e9rica Latina y la construcci\u00f3n de una justicia aut\u00f3noma. (La mayor\u00eda de las voces de este documental provienen de entrevistas realizadas en el <a href=\"http:\/\/www.contralaimpunidad.org\/index.php\" target=\"_blank\">Encuentro Continental contra la Impunidad y por la Justicia Aut\u00f3noma<\/a> (20-21 de junio de 2009) en el Caracol de Morelia, Chiapas.) <\/p>\n<p><a href=\"http:\/\/www.radiozapatista.org\/Audios\/Justicia_Autonoma.mp3\">(Descarga aqu\u00ed)<\/a><br \/>\n<figure class=\"wp-block-audio\"><audio controls src=\"http:\/\/www.radiozapatista.org\/Audios\/Justicia_Autonoma.mp3\"><\/audio><\/figure>\n<\/p>\n<p>Con la participaci\u00f3n de:<\/p>\n<p><!--more--><\/p>\n<ul>\n<li><strong>Luis Villoro<\/strong>, doctor en filosof\u00eda e investigador em\u00e9rito de la Universidad Nacional Aut\u00f3noma de M\u00e9xico, miembro del Colegio Nacional desde 1978, Premio Nacional de Ciencias Sociales, Historia y Filosof\u00eda, y Premio Universidad Nacional en Investigaci\u00f3n en Humanidades.<\/li>\n<li><strong>Carlos Fazio<\/strong>, periodista y analista internacional uruguayo radicado en M\u00e9xico. Colabora en el diario mexicano La Jornada y en el semanario Brecha, de Uruguay.<\/li>\n<li><strong>Mart\u00edn Almada<\/strong>, educador, activista y abogado de derechos humanos nacido en Paraguay. L\u00edder del movimiento Un Techo para cada educador y descubridor de los Archivos de Terror que pusieron al descubierto la Operaci\u00f3n C\u00f3ndor en Am\u00e9rica del Sur. Premio Nobel Alternativo.<\/li>\n<li><strong>Mar\u00eda Teresa Contreras<\/strong>, viuda de uno de los 65 mineros muertos en 2006 en la mina Pasta de Conchos, en Coahuila. Actualmente lucha por la recuperaci\u00f3n de los cuerpos que permanecen enterrados.<\/li>\n<li><strong>Juan Ch\u00e1vez Alonso<\/strong>, representante del pueblo pur\u00e9pecha, de Michoac\u00e1n, y miembro del Congreso Nacional Ind\u00edgena (CNI), espacio en red convocado en 1996 por el Ej\u00e9rcito Zapatista de Liberaci\u00f3n Nacional.<\/li>\n<li><strong>B\u00e1rbara Zamora<\/strong>, abogada y luchadora social mexicana galardonada con el Premio Nacional de Derechos Humanos Don Sergio Mendez Arceo por su trabajo en el bufete jur\u00eddico Tierra y Libertad.<\/li>\n<li><strong>Hugo Blanco<\/strong>, militante campesino y ex guerrillero peruano, dirigente de la Federaci\u00f3n de Campesinos de Cuzco y director de la revista Lucha Ind\u00edgena.<\/li>\n<li><strong>Francisco Javier Monroy Hern\u00e1ndez<\/strong>, activista de los derechos humanos en el estado de Guerrero, M\u00e9xico y actual coordinador del Taller de Desarrollo Comunitario (Tadeco).<\/li>\n<li><strong>Edwin Paraison<\/strong>, ex C\u00f3nsul General de Hait\u00ed en Santo Domingo, activista de los derechos de los migrantes haitianos en Rep\u00fablica Dominicana y director de la organizaci\u00f3n Zile.<\/li>\n<li><strong>Silvia Marcos<\/strong>, activa participante del movimiento feminista en M\u00e9xico y Estados Unidos durante m\u00e1s de 30 a\u00f1os. Fundadora del Seminario Permanente de G\u00e9nero y Antropolog\u00eda del Instituto de Investigaciones Antropol\u00f3gicas de la Universidad Nacional Aut\u00f3noma de M\u00e9xico.<\/li>\n<li><strong>Cirino Pl\u00e1cido Valerio<\/strong>, mixteco de la Costa Chica de Guerrero, miembro de la Polic\u00eda Comunitaria de la Costa Chica y Monta\u00f1a de Guerrero.<\/li>\n<li><strong>Emilio Cano Casta\u00f1eda<\/strong>, representante ind\u00edgena de Malinaltepec, Guerrero, coordinador regional de la Polic\u00eda Comunitaria de la Costa Chica y Monta\u00f1a de Guerrero.<\/li>\n<li><strong>Apolonia Pl\u00e1cido Valerio<\/strong>, miembro de la Polic\u00eda Comunitaria de Guerrero.<\/li>\n<li><strong>Camilo da Silva<\/strong>, integrante del Movimiento de los Trabajadores Rurales Sin Tierra, de Brasil.<\/li>\n<\/ul>\n<p>La m\u00fasica es de:<\/p>\n<ul>\n<li>Mar\u00eda In\u00e9s Ochoa<\/li>\n<li>Hamza El Din<\/li>\n<li>To\u00f1o Canica<\/li>\n<li>Nan\u00e1 Vasconcelos<\/li>\n<li>Zakir Hussain<\/li>\n<li>Tom Z\u00e9<\/li>\n<li>Angelino de Oliveira<\/li>\n<\/ul>\n<p>Este documental fue realizado originalmente por Radio Zapatista para Desinform\u00e9monos.<\/p>\n\n\n<figure class=\"wp-block-audio\"><audio controls src=\"http:\/\/www.radiozapatista.org\/Audios\/Justicia_Autonoma.mp3\"><\/audio><\/figure>","protected":false},"excerpt":{"rendered":"<p>Por Alejandro Reyes &#8211; Radio Zapatista Intelectuales, acad\u00e9micos, abogados, representantes ind\u00edgenas y campesinos y luchadores sociales debaten sobre el estado de la justicia en Am\u00e9rica Latina y la construcci\u00f3n de una justicia aut\u00f3noma. (La mayor\u00eda de las voces de este documental provienen de entrevistas realizadas en el Encuentro Continental contra la Impunidad y por la [&hellip;]<\/p>\n","protected":false},"author":1,"featured_media":0,"comment_status":"open","ping_status":"open","sticky":false,"template":"","format":"standard","meta":{"footnotes":""},"categories":[1,957,6,1284,953,190],"tags":[79,53],"class_list":["post-421","post","type-post","status-publish","format-standard","hentry","category-audio","category-autonomia","category-chiapas","category-latinoamerica","category-mundo","category-radiozapatista","tag-autonomia","tag-justicia"],"_links":{"self":[{"href":"https:\/\/radiozapatista.org\/index.php?rest_route=\/wp\/v2\/posts\/421","targetHints":{"allow":["GET"]}}],"collection":[{"href":"https:\/\/radiozapatista.org\/index.php?rest_route=\/wp\/v2\/posts"}],"about":[{"href":"https:\/\/radiozapatista.org\/index.php?rest_route=\/wp\/v2\/types\/post"}],"author":[{"embeddable":true,"href":"https:\/\/radiozapatista.org\/index.php?rest_route=\/wp\/v2\/users\/1"}],"replies":[{"embeddable":true,"href":"https:\/\/radiozapatista.org\/index.php?rest_route=%2Fwp%2Fv2%2Fcomments&post=421"}],"version-history":[{"count":8,"href":"https:\/\/radiozapatista.org\/index.php?rest_route=\/wp\/v2\/posts\/421\/revisions"}],"predecessor-version":[{"id":53485,"href":"https:\/\/radiozapatista.org\/index.php?rest_route=\/wp\/v2\/posts\/421\/revisions\/53485"}],"wp:attachment":[{"href":"https:\/\/radiozapatista.org\/index.php?rest_route=%2Fwp%2Fv2%2Fmedia&parent=421"}],"wp:term":[{"taxonomy":"category","embeddable":true,"href":"https:\/\/radiozapatista.org\/index.php?rest_route=%2Fwp%2Fv2%2Fcategories&post=421"},{"taxonomy":"post_tag","embeddable":true,"href":"https:\/\/radiozapatista.org\/index.php?rest_route=%2Fwp%2Fv2%2Ftags&post=421"}],"curies":[{"name":"wp","href":"https:\/\/api.w.org\/{rel}","templated":true}]}}