{"id":42077,"date":"2022-04-07T20:15:37","date_gmt":"2022-04-08T01:15:37","guid":{"rendered":"https:\/\/radiozapatista.org\/?p=42077"},"modified":"2022-04-07T20:16:15","modified_gmt":"2022-04-08T01:16:15","slug":"carta-de-la-organizacion-viniketik-en-resistencia-en-el-marco-de-la-caravana-por-el-agua-y-la-vida-en-su-paso-por-toluca","status":"publish","type":"post","link":"https:\/\/radiozapatista.org\/?p=42077","title":{"rendered":"Carta de la organizaci\u00f2n Viniketik en resistencia en el marco de la caravana por el agua y la vida en su paso por Toluca"},"content":{"rendered":"<p>CERESO N\u00daMERO 10 COMIT\u00c1N CHIAPAS M\u00c9XICO<\/p>\n<p>COMUNICADO DE PRESOS IND\u00cdGENAS EN LUCHA<\/p>\n<p>ORGANIZACI\u00d3N VINIKETIK EN RESISTENCIA, ADHRENTES A LA SEXTA DECLARACI\u00d3N DE LA SELVA LACANDONA DEL EZLN<\/p>\n<p>AL EJ\u00c9RCITO ZAPATISTA DE LIBERACI\u00d3N NACIONAL<br \/>\nA LA SOCIEDAD CIVIL NACIONAL E INTERNACIONAL<br \/>\nA LOS DEFENSORES DE DERECHOS HUMANOS<br \/>\nA LA SEXTA NACIONAL E INTERNACIONAL<br \/>\nAL CONGRESO NACIONAL IND\u00cdGENA<br \/>\nAL CONCEJO IND\u00cdGENA DE GOBIERNO<br \/>\nA LOS MEDIOS DE COMUNICACI\u00d3N<br \/>\nAL PUEBLO CREYENTE<br \/>\nAL PUEBLO DE M\u00c9XICO Y AL MUNDO<br \/>\nA LA CARAVANA POR LA DEFENSA DEL AGUA Y DE LA VIDA<\/p>\n<p>HERMANAS, HERMANOS, HERMANOAS<\/p>\n<p>Compa\u00f1eros que luchan por la vida y el agua, la libertad y la justicia, resivan un saludo cari\u00f1oso y rebelde.<\/p>\n<p>Desde nuestras trincheras de lucha y resistencia como presos ind\u00edgenas en lucha, los acompa\u00f1amos con nuestro esp\u00edritu rebelde y nuestra palabra en esta caravana por la vida y por el agua.<\/p>\n<p>Seguimos resistiendo a los opresores, represores y genocidas, ya que como sabemos esto no es nuevo, llevamos m\u00e1s de 500 a\u00f1os de resistencia ind\u00edgena ante el proyecto colonial que ha continuado con el saqueo, la extracci\u00f3n, y la contaminaci\u00f3n de nuestros r\u00edos.<\/p>\n<p>Guiados por la codicia santurrona, explotan nuestras tierras, nuestras aguas. Poni\u00e9ndoles precio con el fin de enriquecerse a costa de la vida de nuestros pueblos.<\/p>\n<p>El Estado ha visto y les hemos demostrado la resistencia ind\u00edgena que ha llevado a resurgir nuestra resistencia, a pesar de las represiones, de las intimidaciones, el encarcelamiento y los asesinatos, no hemos dejado de luchar por la justicia, la dignidad, la libertad y por la vida.<\/p>\n<p>As\u00ed como nosotros, los ind\u00edgenas presos tzotziles en lucha hemos vivido en carne propia las barbaridades del sistema opresor y las injusticias del mal gobierno, hemos sufrido la tortura de esta encarcelaci\u00f3n injusta, y la separaci\u00f3n de nuestras familias que tambi\u00e9n han resistido las represiones y las injusticias, pero no hemos dejado de luchar, porque tenemos un sue\u00f1o de un mundo mejor, un mundo con justicia de igualdad y libertad. Seguiremos sembrando las semillas de un despertar de conciencia y seguir tejiendo la solidaridad con todos los pueblos oprimidos, esa es la semilla que nos han dejado nuestros ancestros, proteger las tierras sagradas y seguir resistiendo el siniestro sistema pol\u00edtico capitalista.<\/p>\n<p>Al mismo tiempo exijo la libertad de nuestros hermanos y compa\u00f1eros presos pol\u00edticos de Eloxochitl\u00e1n de Flores Mag\u00f3n.<\/p>\n<p>Exigimos la libertad a nuestro hermano y compa\u00f1ero Fidencio Aldama de la Tribu Yaqui.<\/p>\n<p>Exigimos nuestra libertad Abraham L\u00f3pez Montejo, Germ\u00e1n L\u00f3pez Montejo y Marcelino Ruiz G\u00f3mez, presos ind\u00edgenas tzotziles en lucha.<\/p>\n<p>\u00a1LIBERTAD INMEDIATA E INCONDICIONAL!<br \/>\n\u00a1EL AGUA ES LA VIDA, SE DEFIENDE! \u00a1NO SE VENDE!<br \/>\n\u00a1JUSTICIA PARA SAMIR!<br \/>\n\u00a1JUSTICIA PARA SIM\u00d3N PEDRO!<br \/>\n\u00a1JUSTICIA PARA AYOTZINAPA!<br \/>\n\u00a1LIBERTAD A TODOS LOS PRESOS POL\u00cdITCOS EN LUCHA!<\/p>\n<p>\u00a1HASTA QUE TODOS SEAMOS LIBRES!<\/p>\n<p>ATENTAMENTE<br \/>\nORGANIZACI\u00d3N VINIKETIK EN RESISTENCIA<br \/>\nMARCELINO RUIZ G\u00d3MEZ<\/p>","protected":false},"excerpt":{"rendered":"<p>CERESO N\u00daMERO 10 COMIT\u00c1N CHIAPAS M\u00c9XICO COMUNICADO DE PRESOS IND\u00cdGENAS EN LUCHA ORGANIZACI\u00d3N VINIKETIK EN RESISTENCIA, ADHRENTES A LA SEXTA DECLARACI\u00d3N DE LA SELVA LACANDONA DEL EZLN AL EJ\u00c9RCITO ZAPATISTA DE LIBERACI\u00d3N NACIONAL A LA SOCIEDAD CIVIL NACIONAL E INTERNACIONAL A LOS DEFENSORES DE DERECHOS HUMANOS A LA SEXTA NACIONAL E INTERNACIONAL AL CONGRESO NACIONAL [&hellip;]<\/p>\n","protected":false},"author":21,"featured_media":42078,"comment_status":"open","ping_status":"closed","sticky":false,"template":"","format":"standard","meta":{"footnotes":""},"categories":[957,51,6,826,958,962,935],"tags":[79,58,53,567,147,37,545,87,148,27,483],"class_list":["post-42077","post","type-post","status-publish","format-standard","has-post-thumbnail","hentry","category-autonomia","category-autor","category-chiapas","category-medios-libres-2","category-megaproyectos","category-presos","category-temas","tag-autonomia","tag-derechos-humanos","tag-justicia","tag-megaproyectos","tag-militarizacion","tag-presos-politicos","tag-pueblos-indigenas","tag-represion","tag-resistencia","tag-solidaridad","tag-tierra-y-territorio"],"_links":{"self":[{"href":"https:\/\/radiozapatista.org\/index.php?rest_route=\/wp\/v2\/posts\/42077","targetHints":{"allow":["GET"]}}],"collection":[{"href":"https:\/\/radiozapatista.org\/index.php?rest_route=\/wp\/v2\/posts"}],"about":[{"href":"https:\/\/radiozapatista.org\/index.php?rest_route=\/wp\/v2\/types\/post"}],"author":[{"embeddable":true,"href":"https:\/\/radiozapatista.org\/index.php?rest_route=\/wp\/v2\/users\/21"}],"replies":[{"embeddable":true,"href":"https:\/\/radiozapatista.org\/index.php?rest_route=%2Fwp%2Fv2%2Fcomments&post=42077"}],"version-history":[{"count":2,"href":"https:\/\/radiozapatista.org\/index.php?rest_route=\/wp\/v2\/posts\/42077\/revisions"}],"predecessor-version":[{"id":42080,"href":"https:\/\/radiozapatista.org\/index.php?rest_route=\/wp\/v2\/posts\/42077\/revisions\/42080"}],"wp:featuredmedia":[{"embeddable":true,"href":"https:\/\/radiozapatista.org\/index.php?rest_route=\/wp\/v2\/media\/42078"}],"wp:attachment":[{"href":"https:\/\/radiozapatista.org\/index.php?rest_route=%2Fwp%2Fv2%2Fmedia&parent=42077"}],"wp:term":[{"taxonomy":"category","embeddable":true,"href":"https:\/\/radiozapatista.org\/index.php?rest_route=%2Fwp%2Fv2%2Fcategories&post=42077"},{"taxonomy":"post_tag","embeddable":true,"href":"https:\/\/radiozapatista.org\/index.php?rest_route=%2Fwp%2Fv2%2Ftags&post=42077"}],"curies":[{"name":"wp","href":"https:\/\/api.w.org\/{rel}","templated":true}]}}