{"id":42053,"date":"2022-04-06T15:23:06","date_gmt":"2022-04-06T20:23:06","guid":{"rendered":"https:\/\/radiozapatista.org\/?p=42053"},"modified":"2022-04-06T15:23:35","modified_gmt":"2022-04-06T20:23:35","slug":"guardia-nacional-reprime-viacrucis-migrante-que-salio-de-tapachula-el-vierne","status":"publish","type":"post","link":"https:\/\/radiozapatista.org\/?p=42053","title":{"rendered":"[:es]Guardia Nacional reprime \u2018viacrucis migrante\u2019 que sali\u00f3 de Tapachula el viernes[:]"},"content":{"rendered":"<p>[:es]Fuente: <a href=\"https:\/\/avispa.org\/guardia-nacional-reprime-viacrucis-migrante-que-salio-de-tapachula-el-viernes\/\">Avispa Midia<\/a><\/p>\n<p>Por Jeny Pascacio<\/p>\n<div class=\"tdb-block-inner td-fix-index\">\n<p>\u201cFue una embestida por parte del Instituto Nacional de Migraci\u00f3n [INM] y la Guardiana Nacional, gritaban: \u00a1violencia, violencia!\u201d, relat\u00f3 Luis Garc\u00eda Villagr\u00e1n, defensor de los derechos humanos y acompa\u00f1ante del viacrucis migrante que el pasado viernes (1) sali\u00f3 de Tapachula, Chiapas.<\/p>\n<p>El 18 de marzo cerraron las oficinas de regulaci\u00f3n migratoria del INM despu\u00e9s de un disturbio y destrozos provocados por las mismos migrantes que hace meses esperan una respuesta a sus tr\u00e1mites en Tapachula, frontera sur de M\u00e9xico, una ciudad que no conocen, sin empleo ni acceso a derechos b\u00e1sicos. Adem\u00e1s enfrentan discriminaci\u00f3n desde las redes sociales, hasta en las aceras de las calles.<\/p>\n<p>El tenor oblig\u00f3 a los extranjeros a organizarse para salir en grupo hacia a la frontera norte de M\u00e9xico, previo a la Semana Santa. Antes de partir, junto a defensores de derechos humanos, hicieron p\u00fablica la solicitud de di\u00e1logo con las autoridades migratorias; y directamente al Comisionado del INM, Francisco Gardu\u00f1o Y\u00e1\u00f1ez. Pero no hubo retroalimentaci\u00f3n.<\/p>\n<p>En esta petici\u00f3n buscaban que se respetara la minuta que representantes federales signaron en diciembre de 2021 y que los compromete a respetar los derechos humanos de personas con necesidades de protecci\u00f3n internacional.<\/p>\n<p><strong>Salida<\/strong><\/p>\n<p>Con alrededor de 700 amparos interpuestos ante un juez federal, acompa\u00f1ados por organizaciones de la sociedad civil y defensores de los derechos humanos, como Luis Garc\u00eda Villagr\u00e1n, el viernes 1 de abril el \u2018viacrucis migrante\u2019 se puso en marcha.<\/p>\n<p>Las personas originarias de Venezuela, Nicaragua, Cuba y Honduras caminaron 18 kil\u00f3metros, precedidos por una cruz blanca de madera y la bandera de Venezuela. En el camino ya hab\u00edan logrado pasar un muro de las fuerzas federales en el paso a desnivel conocido como Viva M\u00e9xico.<\/p>\n<p>Pero en el cruce del poblado \u00c1lvaro Obreg\u00f3n, la Guardia Nacional con equipo antimotines se despleg\u00f3 otra vez, para frenar el objetivo del \u00e9xodo.<\/p>\n<p>Con la misma cruz de madera y al grito repetido de \u00a1libertad!, el \u00e9xodo se abri\u00f3 paso entre la valla de escudos, cuerpos humanos, macanas y gases que hirieron al menos a 30 personas, entre ellos varios menores de edad.<\/p>\n<p>En la persecuci\u00f3n, muchos dejaron tirados objetos personales y mochilas completas. Al menos 90 personas fueron detenidas y trasladadas a estaciones migratorias en Oaxaca, mientras otras corrieron entre la maleza para esconderse de los uniformados, \u201chay personas desaparecidas y familias separadas\u201d, asegur\u00f3 Luis Garc\u00eda Villagr\u00e1n.<\/p>\n<p>El operativo fue coordinado personalmente por la delegada del INM en Chiapas, Paola L\u00f3pez Rodas, agreg\u00f3 Villagr\u00e1n. \u201cUna mujer de Venezuela de tres meses de embarazo estuvo con complicaciones; mucha gente da\u00f1ada en este intento de detenci\u00f3n y criminalizaci\u00f3n\u201d.<\/p>\n<p>Las m\u00e1s de 20 organizaciones que integran el Colectivo de Observaci\u00f3n y Monitoreo de Derechos Humanos, en el Sureste Mexicano, evidenciaron que el operativo migratorio se realiz\u00f3 con violencia, con el uso de gases lacrim\u00f3genos, la detenci\u00f3n de personas y el hostigamiento e intento de detenci\u00f3n de defensores de derechos humanos.<\/p>\n<p>Durante el despliegue militar, el grupo del viacrucis corri\u00f3 y se resguard\u00f3 en la parroquia de \u00c1lvaro Obreg\u00f3n, donde recibieron atenci\u00f3n m\u00e9dica por parte de Protecci\u00f3n Civil. Durante dos d\u00edas se refugiaron en ese espacio.<\/p>\n<p>Feligreses y habitantes de la comunidad les proporcionaron alimentaci\u00f3n. Por otro lado, medios locales publicaron declaraciones del obispo de Tapachula, Jaime Calder\u00f3n Calder\u00f3n, en las que desacredita el viacrucis y a los defensores acompa\u00f1antes de la causa.<\/p>\n<p>\u201cEl obispo crispa m\u00e1s la atenci\u00f3n y el odio que hay en contra de la poblaci\u00f3n migrante. Nosotros estamos solicitando di\u00e1logo desde antes de salir\u201d, a\u00f1adi\u00f3 Villagr\u00e1n cuando record\u00f3 las violencias que enfrentan en \u201cla ciudad c\u00e1rcel\u201d, como llaman los migrantes a Tapachula.<\/p>\n<p>Estos repetidos actos de violencia por parte de las fuerzas federales se ejercieron, seg\u00fan el defensor, a pesar de las medidas cautelares que les otorg\u00f3 la Comisi\u00f3n Nacional de los Derechos Humanos antes de iniciar la traves\u00eda.<\/p>\n<figure class=\"wp-block-image size-large\"><a class=\"td-modal-image\" href=\"https:\/\/avispa.org\/wp-content\/uploads\/2022\/04\/Migrante2-1024x768.jpg\"><img loading=\"lazy\" decoding=\"async\" class=\"wp-image-49726 td-animation-stack-type0-2\" src=\"https:\/\/avispa.org\/wp-content\/uploads\/2022\/04\/Migrante2-1024x768.jpg\" sizes=\"auto, (max-width: 1024px) 100vw, 1024px\" srcset=\"https:\/\/avispa.org\/wp-content\/uploads\/2022\/04\/Migrante2-1024x768.jpg 1024w, https:\/\/avispa.org\/wp-content\/uploads\/2022\/04\/Migrante2-300x225.jpg 300w, https:\/\/avispa.org\/wp-content\/uploads\/2022\/04\/Migrante2-768x576.jpg 768w, https:\/\/avispa.org\/wp-content\/uploads\/2022\/04\/Migrante2-1536x1152.jpg 1536w, https:\/\/avispa.org\/wp-content\/uploads\/2022\/04\/Migrante2-696x522.jpg 696w, https:\/\/avispa.org\/wp-content\/uploads\/2022\/04\/Migrante2-1068x801.jpg 1068w, https:\/\/avispa.org\/wp-content\/uploads\/2022\/04\/Migrante2.jpg 1600w\" alt=\"\" width=\"1024\" height=\"768\" \/><\/a><\/figure>\n<p><strong>Ciudad c\u00e1rcel<\/strong><\/p>\n<p>Las personas en contexto de movilidad humana acamparon por varios meses en el Parque Bicentenario de Tapachula. En un tubo de agua se aseaban todos y la ni\u00f1ez dorm\u00eda en el piso. \u201cSon condiciones infrahumanas\u201d, explic\u00f3 Villagr\u00e1n.<\/p>\n<p>Despu\u00e9s de varias semanas de protestas contra la administraci\u00f3n del INM, el 11 de marzo, cerca de 800 personas lograron hacerse visibles en la conferencia matutina del presidente Andr\u00e9s Manuel L\u00f3pez Obrador en su visita a Tapachula.<\/p>\n<h5 id=\"h-te-puede-interesar-en-medio-de-protestas-mexico-y-eeuu-anuncian-mas-infraestructura-fronteriza\"><sup>Te puede interesar: <a href=\"https:\/\/avispa.org\/en-medio-de-protestas-mexico-y-eeuu-anuncian-mas-infraestructura-fronteriza\/\">En medio de protestas, M\u00e9xico y EEUU anuncian m\u00e1s infraestructura fronteriza\u00a0<\/a><\/sup><\/h5>\n<p>Para callar sus voces les entregaron visas humanitarias en Ciudad Hidalgo, raz\u00f3n que motiv\u00f3 a m\u00e1s personas a exigir tambi\u00e9n la regulaci\u00f3n migratoria para poder salir de Chiapas. Pero sin la presencia de L\u00f3pez Obrador, no hubo respuesta y la desesperaci\u00f3n desencaden\u00f3 nuevas protestas y reclamos entre migrantes.<\/p>\n<p>El Colectivo de Observaci\u00f3n y Monitoreo de Derechos Humanos en el Sureste Mexicano alert\u00f3, entonces, sobre la falta de transparencia en las promesas de regularizar a la poblaci\u00f3n migrantes. \u201cEstos conflictos son resultado de las acciones de las autoridades\u201d, y sum\u00f3 que, de esta manera, se promueve un trato diferenciado entre nacionalidades que generan tensi\u00f3n entre los grupos.<\/p>\n<p><strong>De ra\u00edz<\/strong><\/p>\n<p>Alrededor de las 15h de este domingo (3), el Instituto Nacional de Migraci\u00f3n emiti\u00f3 un comunicado de prensa, que difundi\u00f3 en redes sociales, para llamar al \u00e9xodo de migrantes a no autolesionarse, \u201cni a convertirse en rehenes de intereses de terceros\u201d.<\/p>\n<p>Migraci\u00f3n se\u00f1al\u00f3 a los defensores de promover acciones que da\u00f1an la integridad f\u00edsica y psicol\u00f3gica de los extranjeros, en referencia a la protesta en la que de nueva cuenta se costuraron los labios y a la huelga de hambre que iniciaron en la comunidad \u00c1lvaro Obreg\u00f3n, donde fueron reprimidos por las fuerzas federales.<\/p>\n<p>La situaci\u00f3n coloc\u00f3 r\u00e1pidamente a Chiapas a la vista del mundo y la respuesta del INM tampoco demor\u00f3. Dos horas m\u00e1s tarde, de la publicaci\u00f3n de su comunicado, lleg\u00f3 a un acuerdo con el grupo de migrantes.<\/p>\n<p>Al menos 600 personas en contexto de movilidad aceptaron y comenzaron ser trasladadas en autobuses de la comunidad \u00c1lvaro Obreg\u00f3n a Tabasco y Oaxaca, para que puedan avanzar sus tr\u00e1mites de regularizaci\u00f3n migratoria.<\/p>\n<p>En la documentaci\u00f3n del Centro de Dignificaci\u00f3n Humana, se detect\u00f3 la presencia de infiltrados dentro del grupo de migrantes, as\u00ed como en medios de comunicaci\u00f3n, que contribuyen a un contexto de tensi\u00f3n.<\/p>\n<p>\u201cEl Estado mexicano no tiene ninguna intenci\u00f3n de hacer las cosas conforme a la ley sino todo lo contrario y ha gastado mucho dinero en estas actividades; por ello es responsable de lo que pueda ocurrirnos\u201d, dijo VIllagr\u00e1n.<\/p>\n<p>Para el defensor, estas violencias que se ejercen son normalizadas por las mismas autoridades, que env\u00eda un mensaje err\u00f3neo a la sociedad, sin importar que se trate de un grupo vulnerable.<\/p>\n<p>Los defensores de los derechos humanos coincidieron que, adem\u00e1s de medidas inmediatas, se necesita mayor capacidad de atenci\u00f3n del INM con base en el respeto de los derechos humanos y con conocimiento de leyes y acuerdos internacionales.<\/p>\n<p>En el \u00faltimo comunicado del Colectivo Observaci\u00f3n hizo un en\u00e9rgico llamado para que las autoridades mexicanas detengan la violencia y los operativos. Asimismo, demandaron a la Secretar\u00eda de Gobernaci\u00f3n, el INM y GN respeto y garant\u00eda de la integridad f\u00edsica y emocional de todas las personas que se desplazan.<\/p>\n<p>Al mismo tiempo, las organizaciones pidieron al INM y a la Comisi\u00f3n Mexicana de Ayuda a Refugiados (Comar) dar debida respuesta a los procedimientos migratorios.<\/p>\n<\/div>\n<p>[:]<\/p>\n","protected":false},"excerpt":{"rendered":"<p>[:es]Fuente: Avispa Midia Por Jeny Pascacio \u201cFue una embestida por parte del Instituto Nacional de Migraci\u00f3n [INM] y la Guardiana Nacional, gritaban: \u00a1violencia, violencia!\u201d, relat\u00f3 Luis Garc\u00eda Villagr\u00e1n, defensor de los derechos humanos y acompa\u00f1ante del viacrucis migrante que el pasado viernes (1) sali\u00f3 de Tapachula, Chiapas. El 18 de marzo cerraron las oficinas de [&hellip;]<\/p>\n","protected":false},"author":21,"featured_media":42054,"comment_status":"open","ping_status":"closed","sticky":false,"template":"","format":"standard","meta":{"footnotes":""},"categories":[51,1284,826,183],"tags":[58,572,53,1305,30,147,23,545,87,148,27],"class_list":["post-42053","post","type-post","status-publish","format-standard","has-post-thumbnail","hentry","category-autor","category-latinoamerica","category-medios-libres-2","category-blog","tag-derechos-humanos","tag-desplazados","tag-justicia","tag-latinoamerica","tag-migracion","tag-militarizacion","tag-paramilitares","tag-pueblos-indigenas","tag-represion","tag-resistencia","tag-solidaridad"],"_links":{"self":[{"href":"https:\/\/radiozapatista.org\/index.php?rest_route=\/wp\/v2\/posts\/42053","targetHints":{"allow":["GET"]}}],"collection":[{"href":"https:\/\/radiozapatista.org\/index.php?rest_route=\/wp\/v2\/posts"}],"about":[{"href":"https:\/\/radiozapatista.org\/index.php?rest_route=\/wp\/v2\/types\/post"}],"author":[{"embeddable":true,"href":"https:\/\/radiozapatista.org\/index.php?rest_route=\/wp\/v2\/users\/21"}],"replies":[{"embeddable":true,"href":"https:\/\/radiozapatista.org\/index.php?rest_route=%2Fwp%2Fv2%2Fcomments&post=42053"}],"version-history":[{"count":2,"href":"https:\/\/radiozapatista.org\/index.php?rest_route=\/wp\/v2\/posts\/42053\/revisions"}],"predecessor-version":[{"id":42056,"href":"https:\/\/radiozapatista.org\/index.php?rest_route=\/wp\/v2\/posts\/42053\/revisions\/42056"}],"wp:featuredmedia":[{"embeddable":true,"href":"https:\/\/radiozapatista.org\/index.php?rest_route=\/wp\/v2\/media\/42054"}],"wp:attachment":[{"href":"https:\/\/radiozapatista.org\/index.php?rest_route=%2Fwp%2Fv2%2Fmedia&parent=42053"}],"wp:term":[{"taxonomy":"category","embeddable":true,"href":"https:\/\/radiozapatista.org\/index.php?rest_route=%2Fwp%2Fv2%2Fcategories&post=42053"},{"taxonomy":"post_tag","embeddable":true,"href":"https:\/\/radiozapatista.org\/index.php?rest_route=%2Fwp%2Fv2%2Ftags&post=42053"}],"curies":[{"name":"wp","href":"https:\/\/api.w.org\/{rel}","templated":true}]}}