{"id":41855,"date":"2022-03-17T11:00:17","date_gmt":"2022-03-17T17:00:17","guid":{"rendered":"https:\/\/radiozapatista.org\/?p=41855"},"modified":"2022-03-17T11:00:17","modified_gmt":"2022-03-17T17:00:17","slug":"de-pueblo-magico-a-centro-de-reclutamiento-de-ninos-ninas-y-adolescentes-indigenas","status":"publish","type":"post","link":"https:\/\/radiozapatista.org\/?p=41855","title":{"rendered":"[:es]De \u201cpueblo m\u00e1gico\u201d a centro de reclutamiento de ni\u00f1os, ni\u00f1as y adolescentes ind\u00edgenas[:]"},"content":{"rendered":"<p>[:es]<\/p>\n<h4>Por Rodolfo Flores | <a href=\"https:\/\/www.chiapasparalelo.com\/author\/borderhub\/\" target=\"_blank\" rel=\"noopener\">Border Hub<\/a> | <a href=\"https:\/\/www.chiapasparalelo.com\/noticias\/chiapas\/2022\/03\/de-pueblo-magico-a-centro-de-reclutamiento-de-ninos-ninas-y-adolescentes-indigenas\/\" target=\"_blank\" rel=\"noopener\">Chiapas Paralelo<\/a><\/h4>\n<p><strong>En San Crist\u00f3bal de Las Casas, Chiapas\u00a0<\/strong><\/p>\n<p><em>En Chiapas el <\/em><a href=\"https:\/\/www.youtube.com\/watch?v=y-yAJmcXVJQ\"><em>8.1% de los ni\u00f1os, ni\u00f1as y adolescentes (NNyA) se encuentra en riesgo de ser reclutada por el crimen organizado<\/em><\/a><em>, inform\u00f3 en noviembre de 2021 la Red por los Derechos de las Infancias y Adolescencias (REDIAS); este diagn\u00f3stico pas\u00f3 de las cifras a la realidad en San Crist\u00f3bal de Las Casas, el \u201cpueblo m\u00e1gico\u201d, la principal ciudad tur\u00edstica del estado; donde ahora grupos de j\u00f3venes se pasean en pandillas motorizadas, vendiendo droga, robando veh\u00edculos, atacando y retando a la autoridad. \u00bfQu\u00e9 les hizo vulnerables, la pobreza, el racismo, la desesperanza, la impunidad, la narcocultura o avance del crimen organizado? \u00bfO la suma de todas estas razones?<\/em><\/p>\n<p style=\"text-align: center;\"><a href=\"https:\/\/radiozapatista.org\/wp-content\/uploads\/2022\/03\/sc.jpg\"><img loading=\"lazy\" decoding=\"async\" class=\"aligncenter wp-image-41857 size-full\" src=\"https:\/\/radiozapatista.org\/wp-content\/uploads\/2022\/03\/sc.jpg\" alt=\"\" width=\"800\" height=\"560\" srcset=\"https:\/\/radiozapatista.org\/wp-content\/uploads\/2022\/03\/sc.jpg 800w, https:\/\/radiozapatista.org\/wp-content\/uploads\/2022\/03\/sc-350x245.jpg 350w, https:\/\/radiozapatista.org\/wp-content\/uploads\/2022\/03\/sc-768x538.jpg 768w\" sizes=\"auto, (max-width: 800px) 100vw, 800px\" \/><\/a><br \/>\n<small>Ilustraci\u00f3n: Carlos Mendoza<\/small><\/p>\n<p>San Crist\u00f3bal de Las Casas, Chiapas. Martin y su hermano eran buenos estudiantes, eran del cuadro del honor, bien chambeadores, ayudaban a su pap\u00e1 en la carpinter\u00eda; pero se metieron a las drogas y las pandillas. Al rato, Mart\u00edn andaba con un arma en la cintura y un kilo de mariguana. Se ahorc\u00f3 cuando ten\u00eda 17, ya era l\u00edder de una pandilla, no s\u00e9 si busc\u00f3 la salida o simplemente no la encontr\u00f3. A su hermano Agust\u00edn lo detuvo la polic\u00eda y lo mataron a golpes, ten\u00eda como 18 a\u00f1os. Sus padres son de Chanal -municipio ubicado en Los Altos de Chiapas-, migraron a San Crist\u00f3bal de Las Casas, estudiaban en la Jos\u00e9 Mar\u00eda Morelos y Pav\u00f3n, la escuela m\u00e1s \u201ccabrona\u201d de la zona norte de esa ciudad.<\/p>\n<p><!--more-->San Crist\u00f3bal de Las Casas fue fundado en 1528, durante la \u00e9poca de la Colonia, por Diego de Mazariegos, el conquistador de ind\u00edgenas. Esa ciudad se convirti\u00f3 en el centro de la opresi\u00f3n y el racismo hacia los pueblos originarios, quienes han sido considerados forasteros en sus propias tierras.<\/p>\n<p>\u201cMis seis hermanos, mi madre y yo tuvimos que ir de servidumbre (servicio dom\u00e9stico) a San Crist\u00f3bal, es el peor recuerdo de mi vida, cuando dejamos Zinacant\u00e1n -municipio vecino de San Crist\u00f3bal de Las Casas-.\u00a0 Llegamos a la casa de un se\u00f1or de apellido Lescieur, su casa ocupaba toda una cuadra. El hijo del due\u00f1o me agarraba a patadas, yo ten\u00eda 6 a\u00f1os, una vez no le aguante y le di un golpe, su pap\u00e1 me peg\u00f3 una golpiza. Pens\u00e9: voy a crecer y lo voy a matar\u201d, recuerda Jes\u00fas, compa\u00f1ero de escuela de Mart\u00edn y Agust\u00edn.<\/p>\n<p>\u201cNosotros vivimos en la galera en el patio trasero de la casa, el piso era de tierra, mi mam\u00e1 guisaba en anafre y cuando llov\u00eda, entraba m\u00e1s agua adentro que afuera. Yo ten\u00eda que ir de noche a la escuela\u2026Sent\u00eda divisi\u00f3n de clases muy culera, eran ellos contra nosotros\u201d.<\/p>\n<p>Al igual que Jes\u00fas, Mart\u00edn y Agust\u00edn, viv\u00edan en la periferia de San Crist\u00f3bal de Las Casas, particularmente la zona norte, lugar que se fue poblando con ind\u00edgenas de los municipios cercanos, quienes buscaban mejores condiciones de vida en esa ciudad.<\/p>\n<p>El censo de poblaci\u00f3n y vivienda de 2020 indica que en esa ciudad colonial el <a href=\"https:\/\/datamexico.org\/es\/profile\/geo\/san-cristobal-de-las-casas?redirect=true\">32.7 por ciento del cuarto de mill\u00f3n de personas que la habitan, son ind\u00edgenas tsotsiles y tseltales<\/a>; 6 de cada 10 viven en situaci\u00f3n de pobreza.<\/p>\n<h4>\u201cMiren ese chamula\u201d<\/h4>\n<p>Juan G\u00f3mez tambi\u00e9n lleg\u00f3 a San Crist\u00f3bal de Las Casas siendo un ni\u00f1o, expulsado, junto a su familia, del municipio de San Juan Chamula. \u201cMe fui de servidumbre, a hacer aseo, me emplearon tambi\u00e9n a vender algunos productos en la calle, algo que no me agradaba. Ten\u00eda verg\u00fcenza, me discriminaban, se\u00f1alaban \u2018miren a ese chamula\u2019, dec\u00edan. A m\u00ed me daba pena, negaba mis ra\u00edces, mi pueblo, yo dec\u00eda que era de San Crist\u00f3bal\u201d.<\/p>\n<p>Al ingresar en la preparatoria, recuerda, \u201calgo pas\u00f3, hab\u00eda otros compa\u00f1eros de diferentes comunidades, de Chanal, de Oxchuc, Ocosingo, ya no me sent\u00eda s\u00f3lo, me sent\u00eda como una manada de compa\u00f1eros, pero la visi\u00f3n de las personas mestizas es cabrona, porque las burlas son directamente hac\u00eda los chamulas, sobre los indios. As\u00ed fuimos pasando los semestres, nos empezamos a juntar, a tomar, echar trago, fumar y consumir otras cosas\u201d.<\/p>\n<p>\u201cEn ese momento pens\u00e9 que ten\u00eda dos caminos: unirme a mis t\u00edos a ser pollero o traficante, o irme al norte, a Estados Unidos\u201d, recuerda Juan. Se decidi\u00f3 por lo primero. Juan fue empleado de vendedor de droga, de ayudante en el tr\u00e1fico de migrantes, y de ah\u00ed pas\u00f3 al reclutamiento de otros j\u00f3venes.<\/p>\n<p>En el informe <a href=\"https:\/\/issuu.com\/infanciacuenta\/docs\/reclutamiento.v.digital-6_sept-final\">Reclutamiento y utilizaci\u00f3n de ni\u00f1as, ni\u00f1os y adolescentes por grupos delictivos en M\u00e9xico<\/a>, publicado en septiembre de 2021, de la Red por los Derechos de la Infancia en M\u00e9xico (REDIM), refiere que a nivel nacional, en M\u00e9xico para 2018 hab\u00eda m\u00e1s de 460 mil, \u201cy detr\u00e1s de cada uno de ellos, hay una serie de condiciones estructurales y sociales desatendidas por el Estado mexicano, que son utilizadas por grupos familiares, pandillas y organizaciones delincuenciales en su beneficio\u201d.<\/p>\n<p>Juanita Zebad\u00faa tiene 30 a\u00f1os de maestra en comunidades ind\u00edgenas. \u201cA las escuelas donde impartimos llegan j\u00f3venes que no tienen ni para comer, algunos con una bolsa de pan y una coca pasan todo el d\u00eda; empezamos a poner comedores, pero vimos que empezaron a consumir grandes cantidades de alcohol, despu\u00e9s empez\u00f3 el consumo de droga, de suicidios (\u2026) poco a poco ha llegado a niveles que no imaginamos\u201d, refiere.<\/p>\n<p>En Chiapas la poblaci\u00f3n ind\u00edgena es muy vulnerable, el 84% de los ni\u00f1os vive en situaci\u00f3n de pobreza, se\u00f1ala Jennifer Haza Guti\u00e9rrez, directora de la organizaci\u00f3n Melel Xojobal, una asociaci\u00f3n que desde hace 25 a\u00f1os trabaja a favor de los derechos de ni\u00f1os, ni\u00f1as y adolescentes en San Crist\u00f3bal de Las Casas.<\/p>\n<p>\u201cAl no poder desarrollar los propios proyectos de vida y enfrentar las violencias estructurales y sociales, las ni\u00f1as, ni\u00f1os y familias tienen que buscar otras opciones, algunas de estas son migrar o vincularse a actividades il\u00edcitas (\u2026) el surgimiento de grupos armados en San Crist\u00f3bal de Las Casas y la llegada de grupos delincuenciales a la entidad se vuelven una alternativa para esta poblaci\u00f3n que busca resolver de una manera inmediata algunas situaciones inmediatas\u201d, explica.<\/p>\n<p>El resultado de estas condiciones, destaca \u201cLa Infancia Cuenta Chiapas 2021\u201d, es que en el estado el 8.1% de los NNyA est\u00e1 en situaci\u00f3n de vulnerabilidad para ser reclutado por el crimen organizado, por su entorno familiar, por la pobreza, el abandono, la falta de oportunidades, la exclusi\u00f3n, la discriminaci\u00f3n social y \u00a0la cercan\u00eda a zonas con presencia de grupos delictivos.<\/p>\n<p>\u201cSabemos que por disparar les pueden pagar 200, 300 pesos, disparos al aire. Todos estos grupos armados que andan en los veh\u00edculos, en las motos (\u2026) Otro factor es el desarrollo de grupos y sentidos de pertenencia, con los cambios culturales que se viven a nivel local e internacional donde la figura de \u00e9xito se basa en hombres manejando armas, con la idea que, con eso eres alguien en la vida, para las y los j\u00f3venes que est\u00e1n en esta vulnerabilidad puede ser una alternativa que est\u00e1 a mano, la cual ni siquiera se tiene que buscar, los grupos est\u00e1n buscando a quienes reclutar\u201d, puntualiza la directora de Melel Xojobal.<\/p>\n<p><strong>D<\/strong>e 2019 a la fecha, Melel Xojobal ha registrado la desaparici\u00f3n de 574 ni\u00f1as, ni\u00f1os y adolescentes en Chiapas, no existe certeza de qu\u00e9 les sucedi\u00f3, pero una hip\u00f3tesis es que pudieran ser v\u00edctimas del reclutamiento forzado<\/p>\n<p>Otro dato que revela est\u00e1 problem\u00e1tica, es que seg\u00fan los reportes de la Fiscal\u00eda de Justicia de Chiapas, de enero a agosto de 2021, se detuvieron a 27 mil 861 ni\u00f1as, ni\u00f1os y adolescentes, acusados de diversos delitos; esto representa una cifra hist\u00f3rica de poblaci\u00f3n menor de edad privada de su libertad.<\/p>\n<h4>\u201cMotonetos\u201d<\/h4>\n<p>\u201cPutos polic\u00edas, te va cargar la verga, te vamos a matar, ac\u00e1 nosotros mandamos, ac\u00e1 no tienen derecho de nada\u201d, gritaron con fuerza mientras lanzaban piedras y palos \u00a0hacia la base de la Polic\u00eda Municipal de San Crist\u00f3bal de Las Casas, el pasado 25 de diciembre del 2021. El grupo de j\u00f3venes buscaba rescatar a tres de sus compa\u00f1eros que protagonizaron un enfrentamiento armado en la zona Norte de San Crist\u00f3bal.<\/p>\n<p>Manuel es polic\u00eda municipal en San Crist\u00f3bal de Las Casas desde hace 10 a\u00f1os. Para \u00e9l, en 2020 se deton\u00f3 el reclutamiento de j\u00f3venes, sobre todo ind\u00edgenas de la zona norte de esa ciudad. Fue cuando empezaron a visibilizarse los j\u00f3venes en motoneta, armados, disparando, robando, retando a la autoridad, los llaman <em>Motonetos<\/em>.<\/p>\n<p>\u201cEl apodo de <em>Motonetos<\/em> se deriva porque todos se mueven en estos veh\u00edculos en par o viajan hasta tres en una misma motoneta, son j\u00f3venes de entre 13 y 17 a\u00f1os, los cuales se han vuelto noticia nacional al ser protagonistas de agresiones con arma de fuego. Los <em>Motonetos<\/em> iniciaron con robos, asaltos, agresiones a transe\u00fantes, a distribuir la droga en la ciudad, a hacerse de poder, a sentirse intocables\u201d, explica el uniformado.<\/p>\n<p>Juan G\u00f3mez conoce de fondo el ambiente, \u201cun primo (suyo) empez\u00f3 a contratar primero a otros primos, j\u00f3venes menores de edad, les compr\u00f3 motos y comenz\u00f3 a abrir una ruta de entrega de drogas, ese fue como el comienzo, y varios imitaron el modelo de entrega con j\u00f3venes; comenzaron a crecer por el incremento de la demanda de droga en la ciudad, entonces se necesitaban m\u00e1s distribuidores, les compraron mochilas, m\u00e1s motos; las entregas se hacen m\u00e1s f\u00e1cil en motos, pasan los retenes m\u00e1s f\u00e1cil, y no se ven en la necesidad de pasar por los retenes\u201d, explica.<\/p>\n<p>De acuerdo con el observatorio Nacional Ciudadano, en el estado de Chiapas en el a\u00f1o 2021 hubo un incremento del 187 % el n\u00famero de carpetas de investigaci\u00f3n por el delito de narcomenudeo en comparaci\u00f3n del a\u00f1o pasado.<\/p>\n<p>Para enero del 2022 existe una variaci\u00f3n del m\u00e1s 109.50 % en las carpetas de investigaci\u00f3n en comparaci\u00f3n con el periodo anterior.<\/p>\n<p>Para Juan, \u201clos <em>Motonetos<\/em> producto de todo lo malo de San Crist\u00f3bal (\u2026) de ese rencor, ese odio cuando te dicen pinche indio, ahora ah\u00ed lo tienen, resulta que esos indios han cambiado las cosas, la juventud, elige ese camino\u201d.<\/p>\n<p>Reconoce otros factores, \u201ces la pinche televisi\u00f3n , esos programas, series de narcotr\u00e1fico, la m\u00fasica, entonces qu\u00e9 joven no quiere o desea eso, ahora los chamacos de 10 a\u00f1os est\u00e1n vendiendo drogas en San Crist\u00f3bal. Qu\u00e9 te digo, tengo primos que les va muy bien, a otros s\u00faper bien, tienen residencias, tambi\u00e9n sus hijos est\u00e1n en este negocio, no les hacen nada\u201d.<\/p>\n<p>Del 2020 a la fecha estos j\u00f3venes han atacado en diez ocasiones la base de la Polic\u00eda Municipal, localizada en el Barrio de San Antonio, han secuestrado a funcionarios para intercambiarlos por sus compa\u00f1eros que son llevados a esta prisi\u00f3n preventiva. \u201cCuando son aprehendidos, amenazan, \u2018no sabes con quien te estas metiendo, viene mi gente y te van a matar\u2019, sentencian\u201d.<\/p>\n<p>\u201cNos ha tocado ver, como despu\u00e9s de ser arrestados llegaba el l\u00edder se met\u00eda a la oficina del anterior jefe de la Polic\u00eda y no pisaban la celda, se iban como si nada. \u00a0Ha llegado, un extremo en que han perseguido a las patrullas y disparado contra las unidades, han atacado la base, han disparado fuera, la m\u00e1s recordada fue la del 25 de diciembre del 2021\u201d, recuerda.<\/p>\n<p>El informe sobre reclutamiento del REDIM destaca que para los grupos de la delincuencia organizada \u201cla utilizaci\u00f3n de ni\u00f1as, ni\u00f1os y adolescentes resulta particularmente ben\u00e9fica y redituable debido a que, en caso de ser detenidos a) se les dota de asesor\u00eda jur\u00eddica gratuita especializada, b) los delitos prescriben prontamente, c) las sentencias tienen una duraci\u00f3n m\u00e1xima de cinco a\u00f1os y, como beneficio derivado, d) no existe una vinculaci\u00f3n entre el Sistema de Justicia para Adolescentes y el Sistema Justicia para Adultos. Debido a ello, quienes entre los 12 y 18 a\u00f1os cometen un il\u00edcito son sentenciados por un m\u00ednimo de tiempo\u201d.<\/p>\n<h4>No criminalizar a las infancias y juventudes<\/h4>\n<p>La imagen de los j\u00f3venes <em>Motonetos<\/em> de San Crist\u00f3bal de Las Casas ha permeado en la opini\u00f3n p\u00fablica, medios de comunicaci\u00f3n nacional han dado cuenta de hechos en los que han participado.<\/p>\n<p>La fotograf\u00eda de uno de ellos con un arma en las manos apuntando y mirando directo a la c\u00e1mara de Ana Paula Ruiz de los Santos segundos antes de que le disparara y muriera el pasado 20 de febrero, indign\u00f3 y cimbr\u00f3 a la sociedad.<\/p>\n<p>En un comunicado, Melel Xojobal hizo un llamado a la reflexi\u00f3n de fondo. \u201cHacemos un llamado a la sociedad en general a no naturalizar la violencia que con frecuencia estamos viviendo en la ciudad, y a la no criminalizaci\u00f3n de las infancias, adolescencias y juventudes, quienes son las v\u00edctimas principales de estas situaciones y han sufrido las mayores consecuencias de las marcadas brechas de desigualdad\u201d, refieren.<\/p>\n<p>Jennifer Haza puntualiza: \u201cNecesitamos saber en particular en el estado de Chiapas qu\u00e9 sucede, c\u00f3mo sucede; el ejemplo de las desapariciones de las ni\u00f1as, ni\u00f1os y adolescentes es claro, el gobierno no quiere reconocerlas, y es importante tener informaci\u00f3n adecuada, que nos permita poder generar explicaciones sobre las causas en particular del reclutamiento forzado, la desaparici\u00f3n, y que eso permita dise\u00f1ar y mejorar las estrategias de atenci\u00f3n y prevenci\u00f3n\u201d.<\/p>\n<p>Este sector, reitera, ha sido v\u00edctima de vulnerabilidades acumuladas, y las estrategias de prevenci\u00f3n deben pasar por pol\u00edticas p\u00fablicas con un enfoque de derechos y justicia.<\/p>\n<p>El informe de REDIM sobre reclutamiento, tambi\u00e9n plantea la necesidad de incluir en la legislaci\u00f3n de M\u00e9xico el delito de reclutamiento y utilizaci\u00f3n de ni\u00f1as, ni\u00f1os y adolescentes por grupos armados y grupos del crimen organizado.<\/p>\n<p>\u201cEn tanto no se desarrollen las modificaciones legislativas necesarias, el reclutamiento y utilizaci\u00f3n de ni\u00f1as, ni\u00f1os y adolescentes en el contexto de crimen organizado se realizan de manera libre y sin ninguna sanci\u00f3n por parte de las autoridades. Eso significa dejar a las ni\u00f1as, ni\u00f1os y adolescentes en completo estado de indefensi\u00f3n y sin probabilidades de acceder a la justicia en M\u00e9xico\u201d.<\/p>\n<p>En este escenario, existe una gran deuda del Estado mexicano hacia los miles de ni\u00f1as, ni\u00f1os y adolescentes en riesgo de ser reclutados y utilizados por grupos delictivos, actividad que crece d\u00eda con d\u00eda sin que exista un genuino inter\u00e9s por llevar a los hechos las promesas, para ello se requiere iniciativas de justicia social.<\/p>\n<p>*<em>Este reportaje forma parte del Hub de Periodismo de Investigaci\u00f3n de la Frontera Sur, un proyecto del Border Center for Journalists and Bloggers<\/em>[:]<\/p>\n","protected":false},"excerpt":{"rendered":"<p>[:es] Por Rodolfo Flores | Border Hub | Chiapas Paralelo En San Crist\u00f3bal de Las Casas, Chiapas\u00a0 En Chiapas el 8.1% de los ni\u00f1os, ni\u00f1as y adolescentes (NNyA) se encuentra en riesgo de ser reclutada por el crimen organizado, inform\u00f3 en noviembre de 2021 la Red por los Derechos de las Infancias y Adolescencias (REDIAS); [&hellip;]<\/p>\n","protected":false},"author":1,"featured_media":41856,"comment_status":"open","ping_status":"closed","sticky":false,"template":"","format":"standard","meta":{"footnotes":""},"categories":[6,826,960],"tags":[917,1061,768,912,116,1364,295],"class_list":["post-41855","post","type-post","status-publish","format-standard","has-post-thumbnail","hentry","category-chiapas","category-medios-libres-2","category-ninxs","tag-chiapas","tag-crimen-organizado","tag-infancia","tag-narcoestado","tag-narcotrafico","tag-ninos","tag-san-cristobal-de-las-casas"],"_links":{"self":[{"href":"https:\/\/radiozapatista.org\/index.php?rest_route=\/wp\/v2\/posts\/41855","targetHints":{"allow":["GET"]}}],"collection":[{"href":"https:\/\/radiozapatista.org\/index.php?rest_route=\/wp\/v2\/posts"}],"about":[{"href":"https:\/\/radiozapatista.org\/index.php?rest_route=\/wp\/v2\/types\/post"}],"author":[{"embeddable":true,"href":"https:\/\/radiozapatista.org\/index.php?rest_route=\/wp\/v2\/users\/1"}],"replies":[{"embeddable":true,"href":"https:\/\/radiozapatista.org\/index.php?rest_route=%2Fwp%2Fv2%2Fcomments&post=41855"}],"version-history":[{"count":1,"href":"https:\/\/radiozapatista.org\/index.php?rest_route=\/wp\/v2\/posts\/41855\/revisions"}],"predecessor-version":[{"id":41858,"href":"https:\/\/radiozapatista.org\/index.php?rest_route=\/wp\/v2\/posts\/41855\/revisions\/41858"}],"wp:featuredmedia":[{"embeddable":true,"href":"https:\/\/radiozapatista.org\/index.php?rest_route=\/wp\/v2\/media\/41856"}],"wp:attachment":[{"href":"https:\/\/radiozapatista.org\/index.php?rest_route=%2Fwp%2Fv2%2Fmedia&parent=41855"}],"wp:term":[{"taxonomy":"category","embeddable":true,"href":"https:\/\/radiozapatista.org\/index.php?rest_route=%2Fwp%2Fv2%2Fcategories&post=41855"},{"taxonomy":"post_tag","embeddable":true,"href":"https:\/\/radiozapatista.org\/index.php?rest_route=%2Fwp%2Fv2%2Ftags&post=41855"}],"curies":[{"name":"wp","href":"https:\/\/api.w.org\/{rel}","templated":true}]}}