{"id":41528,"date":"2022-03-15T18:27:39","date_gmt":"2022-03-16T00:27:39","guid":{"rendered":"https:\/\/radiozapatista.org\/?p=41528"},"modified":"2022-03-16T11:37:13","modified_gmt":"2022-03-16T17:37:13","slug":"comunicado-urgente-de-la-comunidad-indigena-de-san-lorenzo-azqueltan","status":"publish","type":"post","link":"https:\/\/radiozapatista.org\/?p=41528","title":{"rendered":"Comunicado urgente de la comunidad ind\u00edgena de San Lorenzo Azqueltan"},"content":{"rendered":"<p><strong>Al Gobierno Federal Mexicano<\/strong><br \/>\n<strong>Al Congreso Nacional Ind\u00edgena<\/strong><br \/>\n<strong>A los Medios de Comunicaci\u00f3n<\/strong><br \/>\n<strong>A las organizaciones y colectivos de derechos humanos<\/strong><\/p>\n<p>Por este medio denunciamos la amenaza e invasi\u00f3n a nuestra comunidad, presuntamente por parte de la empresa minera llamada Amonitas y del gobierno federal mexicano, quienes han estado realizando trabajos de prospecci\u00f3n minera bordo de varias camionetas, y que tienen un logotipo del Servicio Geol\u00f3gico Mexicano; tomando muestras de piedras y diversos materiales sin autorizaci\u00f3n de nuestra comunidad.<\/p>\n<p>Esto ocurre semanas despu\u00e9s de que, sin ning\u00fan permiso, un helic\u00f3ptero con un objeto colgante, al parecer un magnet\u00f3metro, estuviera volando a baja altura en nuestros terrenos comunales, incluso sobre el poblado de Azquelt\u00e1n.<\/p>\n<p><!--more-->Lo anterior pese a que en varias ocasiones se les pidi\u00f3 que se acercaran a las autoridades agrarias y tradicionales, as\u00ed como a nuestra asamblea para que informaran que tipo de trabajos est\u00e1n haciendo y para qu\u00e9 fin lo hacen, sin que haya ninguna respuesta de su parte ni acercamiento a nuestra autoridad.<\/p>\n<p>Por lo anterior en pleno uso de nuestras facultades agrarias y territoriales reconocidas en los acuerdos de San Andr\u00e9s, la constituci\u00f3n mexicana y en los tratados internacionales en materia de derechos humanos, por acuerdo de nuestra asamblea de fecha 13 de marzo de este a\u00f1o 2022, decidimos lo siguiente:<\/p>\n<ol>\n<li>Aclaramos que en nuestra comunidad rechazamos cualquier trabajo minero, sea prospecci\u00f3n, exploraci\u00f3n o explotaci\u00f3n y desconocemos cualquier concesi\u00f3n o permiso que haya sido otorgado por los gobiernos municipal, estatal o federal sin consultarnos previamente y sin nuestro consentimiento.<\/li>\n<\/ol>\n<ol start=\"2\">\n<li>A partir de este momento queda estrictamente prohibido el acceso, muestreo de materiales, vuelo de aeronaves o cualquier trabajo sin el conocimiento y autorizaci\u00f3n de nuestra asamblea comunal dentro del territorio ind\u00edgena de Azquelt\u00e1n.<\/li>\n<\/ol>\n<ol start=\"3\">\n<li>Quedar\u00e1 en calidad de detenido uno de los veh\u00edculos con los que se cometieron dichas faltas a las instituciones comunitarias, amenazas a nuestra integridad como pueblo y robo de materiales de diversos tipos.<\/li>\n<\/ol>\n<ol start=\"4\">\n<li>Emplazamos al gobierno federal, as\u00ed como a las empresas a cargo de los trabajos de prospecci\u00f3n minera para que acudan a nuestra comunidad a explicar, con precisi\u00f3n, que tipo de trabajos y con qu\u00e9 objetivo se est\u00e1n realizado, as\u00ed como que paguen la multa correspondiente a la falta cometida.<\/li>\n<\/ol>\n<p>Hacemos un llamado a los medios de comunicaci\u00f3n, a las organizaciones independientes de derechos humanos y a las comisiones gubernamentales de derechos humanos, para estar atentos a cualquier intento de criminalizaci\u00f3n, amenazas o cualquier otra forma de represi\u00f3n a la determinaci\u00f3n de la asamblea comunitaria.<\/p>\n<p><strong>Atentamente:<\/strong><\/p>\n<p><strong>Comunidad Ind\u00edgena de San Lorenzo de Azquelt\u00e1n, municipio de Villa Guerrero, Jalisco<\/strong><\/p>\n<p>&nbsp;<\/p>\n<p><img loading=\"lazy\" decoding=\"async\" class=\"alignnone size-medium wp-image-7594\" src=\"http:\/\/www.congresonacionalindigena.org\/wp-content\/uploads\/2022\/03\/WhatsApp-Image-2022-03-15-at-2.45.06-PM-2-146x300.jpeg\" sizes=\"auto, (max-width: 146px) 100vw, 146px\" srcset=\"https:\/\/www.congresonacionalindigena.org\/wp-content\/uploads\/2022\/03\/WhatsApp-Image-2022-03-15-at-2.45.06-PM-2-146x300.jpeg 146w, https:\/\/www.congresonacionalindigena.org\/wp-content\/uploads\/2022\/03\/WhatsApp-Image-2022-03-15-at-2.45.06-PM-2-498x1024.jpeg 498w, https:\/\/www.congresonacionalindigena.org\/wp-content\/uploads\/2022\/03\/WhatsApp-Image-2022-03-15-at-2.45.06-PM-2.jpeg 622w\" alt=\"\" width=\"146\" height=\"300\" \/><img loading=\"lazy\" decoding=\"async\" class=\"alignnone size-medium wp-image-7595\" src=\"http:\/\/www.congresonacionalindigena.org\/wp-content\/uploads\/2022\/03\/WhatsApp-Image-2022-03-15-at-2.45.06-PM-1-146x300.jpeg\" sizes=\"auto, (max-width: 146px) 100vw, 146px\" srcset=\"https:\/\/www.congresonacionalindigena.org\/wp-content\/uploads\/2022\/03\/WhatsApp-Image-2022-03-15-at-2.45.06-PM-1-146x300.jpeg 146w, https:\/\/www.congresonacionalindigena.org\/wp-content\/uploads\/2022\/03\/WhatsApp-Image-2022-03-15-at-2.45.06-PM-1-498x1024.jpeg 498w, https:\/\/www.congresonacionalindigena.org\/wp-content\/uploads\/2022\/03\/WhatsApp-Image-2022-03-15-at-2.45.06-PM-1.jpeg 622w\" alt=\"\" width=\"146\" height=\"300\" \/><\/p>\n<\/div>\n<p><\/p>","protected":false},"excerpt":{"rendered":"<p>Al Gobierno Federal Mexicano Al Congreso Nacional Ind\u00edgena A los Medios de Comunicaci\u00f3n A las organizaciones y colectivos de derechos humanos Por este medio denunciamos la amenaza e invasi\u00f3n a nuestra comunidad, presuntamente por parte de la empresa minera llamada Amonitas y del gobierno federal mexicano, quienes han estado realizando trabajos de prospecci\u00f3n minera bordo [&hellip;]<\/p>\n","protected":false},"author":21,"featured_media":41530,"comment_status":"open","ping_status":"closed","sticky":false,"template":"","format":"standard","meta":{"footnotes":""},"categories":[957,51,826,958,954,935],"tags":[79,58,53,567,147,545,87,148,27,483],"class_list":["post-41528","post","type-post","status-publish","format-standard","has-post-thumbnail","hentry","category-autonomia","category-autor","category-medios-libres-2","category-megaproyectos","category-mexico","category-temas","tag-autonomia","tag-derechos-humanos","tag-justicia","tag-megaproyectos","tag-militarizacion","tag-pueblos-indigenas","tag-represion","tag-resistencia","tag-solidaridad","tag-tierra-y-territorio"],"_links":{"self":[{"href":"https:\/\/radiozapatista.org\/index.php?rest_route=\/wp\/v2\/posts\/41528","targetHints":{"allow":["GET"]}}],"collection":[{"href":"https:\/\/radiozapatista.org\/index.php?rest_route=\/wp\/v2\/posts"}],"about":[{"href":"https:\/\/radiozapatista.org\/index.php?rest_route=\/wp\/v2\/types\/post"}],"author":[{"embeddable":true,"href":"https:\/\/radiozapatista.org\/index.php?rest_route=\/wp\/v2\/users\/21"}],"replies":[{"embeddable":true,"href":"https:\/\/radiozapatista.org\/index.php?rest_route=%2Fwp%2Fv2%2Fcomments&post=41528"}],"version-history":[{"count":2,"href":"https:\/\/radiozapatista.org\/index.php?rest_route=\/wp\/v2\/posts\/41528\/revisions"}],"predecessor-version":[{"id":41741,"href":"https:\/\/radiozapatista.org\/index.php?rest_route=\/wp\/v2\/posts\/41528\/revisions\/41741"}],"wp:featuredmedia":[{"embeddable":true,"href":"https:\/\/radiozapatista.org\/index.php?rest_route=\/wp\/v2\/media\/41530"}],"wp:attachment":[{"href":"https:\/\/radiozapatista.org\/index.php?rest_route=%2Fwp%2Fv2%2Fmedia&parent=41528"}],"wp:term":[{"taxonomy":"category","embeddable":true,"href":"https:\/\/radiozapatista.org\/index.php?rest_route=%2Fwp%2Fv2%2Fcategories&post=41528"},{"taxonomy":"post_tag","embeddable":true,"href":"https:\/\/radiozapatista.org\/index.php?rest_route=%2Fwp%2Fv2%2Ftags&post=41528"}],"curies":[{"name":"wp","href":"https:\/\/api.w.org\/{rel}","templated":true}]}}