{"id":4148,"date":"2011-09-13T13:44:22","date_gmt":"2011-09-13T18:44:22","guid":{"rendered":"https:\/\/radiozapatista.org\/?p=4148"},"modified":"2011-09-22T18:22:51","modified_gmt":"2011-09-22T23:22:51","slug":"informe-general-de-la-brigada-de-observacion-y-solidaridad-con-las-comunidades-zapatistas","status":"publish","type":"post","link":"https:\/\/radiozapatista.org\/?p=4148","title":{"rendered":"Informe general de la Brigada de Observaci\u00f3n y Solidaridad con las comunidades zapatistas"},"content":{"rendered":"<p><!--:es-->Nosotros tratamos de confirmar lo que pensamos que estas agresiones son a los proyectos auton\u00f3micos, as\u00ed fue como lo confirmamos,\u00a0 como lo es un ejemplo muy claro los ataques a las escuelas en San Marcos de \u00c1viles y en algunos otros lugares del Caracol de Oventik; y los intentos de despojo de tierras recuperadas desde 1994.<\/p>\n<p>Estos son como los dos ejes de acciones que hemos resumido aqu\u00ed en un sinn\u00famero de violaciones a los derechos de los compa\u00f1eros. Que van desde las amenzas, el hostigamiento, las agresiones, hasta el secuestro, el robo, como vimos, y ataques ya muy flagrantes.<\/p>\n<p>Son responsables de esto, en palabras de los compa\u00f1eros, el gobierno federal, Felipe Calder\u00f3n; el gobierno estatal, Juan Sabines y los diferentes gobiernos municipales, que en algunos casos son del PRI, del PAN, o son alianzas con PRD, Verde Ecologista, y dem\u00e1s alianzas con los partidos. Esto lo resumimos en una guerra de contrainsurgencia lo que est\u00e1 tratando de hacer el gobierno, apoy\u00e1ndose en los programas de desarrollo en estas comunidades, que antes del 94 no exist\u00eda ninguno, y que ahora vemos hasta en la radio que hay much\u00edsimos programas de apoyo a la poblaci\u00f3n pero la intenci\u00f3n es debilitar el movimiento zapatista, debilitar esta resistencia. Sin embargo, a partir de las visitas que hicimos y coincidiendo en todos los lugares que visitamos, y con todos los compa\u00f1eros que hablamos de diversas comunidades, ejidos y parajes; vemos que la construcci\u00f3n de la autonom\u00eda y sus avances han dado unos pasos gigantescos, sustanciales; logrando un nivel de vida mucho mejor de lo que exist\u00eda antes de 1994, antes del alzamiento zapatista. As\u00ed que confrimamos que las trece demandas zapatistas se van cumpliendo, que lo hacen en un proceso muy din\u00e1mico, abarcando todos los grupos de la poblaci\u00f3n; tanto hombres, mujeres, j\u00f3venes, j\u00f3venas, ancianos, ancianas, ni\u00f1as y ni\u00f1os.<\/p>\n<p>Realmente nos sentimos muy orgullosos de haber podido participar con este grupo que tratamos de hacer el mejor trabajo posible con el contacto con las comunidades aprendiendo mucho del desarrollo que ellos llevan de toda esta autonom\u00eda. Y para nosotros que \u00a1vivan las comunidades zapatistas!, que \u00a1viva el EZLN! La lucha con ellos sigue, ellos dicen que no dan un paso atr\u00e1s, y realmente la construcci\u00f3n de la autonom\u00eda sigue muy din\u00e1mica y mandan un abrazo solidario a todos los pueblos que apoyan el zapatismo, a todos los pueblos que est\u00e1n al pendiente de esta lucha, y todos los que est\u00e1n en esta lucha y resistencia.<\/p>\n<p><strong>Minuto de silencio.<\/strong><\/p>\n<p>Compa\u00f1eros y comp\u00f1eras de la Brigada queremos pedirles a ustedes y a los medios presentes, queremos solicitarles hacer un minuto de silencio por las compa\u00f1eras que lamentablemente en esta Brigada nos enteramos que perdieron la vida.<\/p>\n<p>El caso de la compa\u00f1era base de apoyo Maribel L\u00f3pez Garc\u00eda, que muri\u00f3 el primero de septiembre a las cuatro y media de la tarde; ella sufr\u00eda de ataques de epilepsia desde hacia siete a\u00f1os, pertenec\u00eda al Caracol de Morelia. Y en especial como ni\u00f1os y ni\u00f1as de La Otra Campa\u00f1a queremos hacer esta petici\u00f3n tambi\u00e9n, y a nombre de la Red contra la Represi\u00f3n y de todos los brigadistas, hacer este minuto de silencio por la peque\u00f1ita base de apoyo Mar\u00eda Ignacia Velasco Mart\u00ednez, de tan s\u00f3lo diez a\u00f1os de edad, que como ya se registr\u00f3, muri\u00f3 por una calentura, esto en el municipio de Chil\u00f3n, en la comunidad de San Marcos de \u00c1viles.<\/p>\n<p><strong>San Crist\u00f3bal de las Casas, Chiapas a 2 de septiembre del 2011<\/strong><!--:--><\/p>\n","protected":false},"excerpt":{"rendered":"<p>Nosotros tratamos de confirmar lo que pensamos que estas agresiones son a los proyectos auton\u00f3micos, as\u00ed fue como lo confirmamos,\u00a0 como lo es un ejemplo muy claro los ataques a las escuelas en San Marcos de \u00c1viles y en algunos otros lugares del Caracol de Oventik; y los intentos de despojo de tierras recuperadas desde [&hellip;]<\/p>\n","protected":false},"author":1,"featured_media":0,"comment_status":"open","ping_status":"open","sticky":false,"template":"","format":"standard","meta":{"footnotes":""},"categories":[183],"tags":[79,316,36,57,322,96],"class_list":["post-4148","post","type-post","status-publish","format-standard","hentry","category-blog","tag-autonomia","tag-brigada-de-observacion","tag-comunidades-zapatistas","tag-educacion","tag-guerra-en-chiapas","tag-tierra"],"_links":{"self":[{"href":"https:\/\/radiozapatista.org\/index.php?rest_route=\/wp\/v2\/posts\/4148","targetHints":{"allow":["GET"]}}],"collection":[{"href":"https:\/\/radiozapatista.org\/index.php?rest_route=\/wp\/v2\/posts"}],"about":[{"href":"https:\/\/radiozapatista.org\/index.php?rest_route=\/wp\/v2\/types\/post"}],"author":[{"embeddable":true,"href":"https:\/\/radiozapatista.org\/index.php?rest_route=\/wp\/v2\/users\/1"}],"replies":[{"embeddable":true,"href":"https:\/\/radiozapatista.org\/index.php?rest_route=%2Fwp%2Fv2%2Fcomments&post=4148"}],"version-history":[{"count":0,"href":"https:\/\/radiozapatista.org\/index.php?rest_route=\/wp\/v2\/posts\/4148\/revisions"}],"wp:attachment":[{"href":"https:\/\/radiozapatista.org\/index.php?rest_route=%2Fwp%2Fv2%2Fmedia&parent=4148"}],"wp:term":[{"taxonomy":"category","embeddable":true,"href":"https:\/\/radiozapatista.org\/index.php?rest_route=%2Fwp%2Fv2%2Fcategories&post=4148"},{"taxonomy":"post_tag","embeddable":true,"href":"https:\/\/radiozapatista.org\/index.php?rest_route=%2Fwp%2Fv2%2Ftags&post=4148"}],"curies":[{"name":"wp","href":"https:\/\/api.w.org\/{rel}","templated":true}]}}