{"id":41439,"date":"2022-03-10T11:49:28","date_gmt":"2022-03-10T17:49:28","guid":{"rendered":"https:\/\/radiozapatista.org\/?p=41439"},"modified":"2022-03-10T11:49:28","modified_gmt":"2022-03-10T17:49:28","slug":"mensaje-de-preso-politico-yaqui-fidencio-aldama","status":"publish","type":"post","link":"https:\/\/radiozapatista.org\/?p=41439","title":{"rendered":"[:es]Mensaje de preso pol\u00edtico Yaqui Fidencio Aldama[:]"},"content":{"rendered":"<p>[:es][podcast]https:\/\/www.indybay.org\/uploads\/2022\/03\/09\/fidencio-aldama-marzo-2022.mp3[\/podcast]<\/p>\n<p>Hola mi nombre es Fidencio Aldama P\u00e9rez, preso pol\u00edtico que se encuentra en Ciudad Obreg\u00f3n, Sonora por un acto delictivo el cual no comet\u00ed. M\u00e1s bien es una cuesti\u00f3n de injusticia lo que est\u00e1 pasando conmigo, porque hubo una falsificaci\u00f3n de pruebas, prefabricaci\u00f3n de delitos. Yo no particip\u00e9 en ese homicidio, m\u00e1s sin embargo hubo una prefabricaci\u00f3n de delito en la que me achacaron el caso.<\/p>\n<p>Yo le pido a toda esa comunidad que pues se solidaricen con mi caso y que estoy esperando la resoluci\u00f3n del amparo, para que pues tambi\u00e9n tengan ese apoyo de difundir este mensaje, este comunicado aquellas personas que desean apoyarme para que pues con este apoyo pueda recibir mi libertad, ya que pues es una injusticia por la que estoy pasando en estos momentos.<\/p>\n<p>De antemano les agradezco a todos su participaci\u00f3n, a todos ustedes, a toda la comunidad, organizaciones, colectivos, todas esas personas que, pues deseen apoyarme, de antemano pues gracias estar\u00e9 muy agradecido por este gran apoyo.[:]<\/p>\n","protected":false},"excerpt":{"rendered":"<p>[:es][podcast]https:\/\/www.indybay.org\/uploads\/2022\/03\/09\/fidencio-aldama-marzo-2022.mp3[\/podcast] Hola mi nombre es Fidencio Aldama P\u00e9rez, preso pol\u00edtico que se encuentra en Ciudad Obreg\u00f3n, Sonora por un acto delictivo el cual no comet\u00ed. M\u00e1s bien es una cuesti\u00f3n de injusticia lo que est\u00e1 pasando conmigo, porque hubo una falsificaci\u00f3n de pruebas, prefabricaci\u00f3n de delitos. Yo no particip\u00e9 en ese homicidio, m\u00e1s sin embargo [&hellip;]<\/p>\n","protected":false},"author":1,"featured_media":0,"comment_status":"open","ping_status":"closed","sticky":false,"template":"","format":"standard","meta":{"footnotes":""},"categories":[1,826,954,183,962],"tags":[37,1368],"class_list":["post-41439","post","type-post","status-publish","format-standard","hentry","category-audio","category-medios-libres-2","category-mexico","category-blog","category-presos","tag-presos-politicos","tag-pueblo-yaqui"],"_links":{"self":[{"href":"https:\/\/radiozapatista.org\/index.php?rest_route=\/wp\/v2\/posts\/41439","targetHints":{"allow":["GET"]}}],"collection":[{"href":"https:\/\/radiozapatista.org\/index.php?rest_route=\/wp\/v2\/posts"}],"about":[{"href":"https:\/\/radiozapatista.org\/index.php?rest_route=\/wp\/v2\/types\/post"}],"author":[{"embeddable":true,"href":"https:\/\/radiozapatista.org\/index.php?rest_route=\/wp\/v2\/users\/1"}],"replies":[{"embeddable":true,"href":"https:\/\/radiozapatista.org\/index.php?rest_route=%2Fwp%2Fv2%2Fcomments&post=41439"}],"version-history":[{"count":1,"href":"https:\/\/radiozapatista.org\/index.php?rest_route=\/wp\/v2\/posts\/41439\/revisions"}],"predecessor-version":[{"id":41440,"href":"https:\/\/radiozapatista.org\/index.php?rest_route=\/wp\/v2\/posts\/41439\/revisions\/41440"}],"wp:attachment":[{"href":"https:\/\/radiozapatista.org\/index.php?rest_route=%2Fwp%2Fv2%2Fmedia&parent=41439"}],"wp:term":[{"taxonomy":"category","embeddable":true,"href":"https:\/\/radiozapatista.org\/index.php?rest_route=%2Fwp%2Fv2%2Fcategories&post=41439"},{"taxonomy":"post_tag","embeddable":true,"href":"https:\/\/radiozapatista.org\/index.php?rest_route=%2Fwp%2Fv2%2Ftags&post=41439"}],"curies":[{"name":"wp","href":"https:\/\/api.w.org\/{rel}","templated":true}]}}