{"id":41400,"date":"2022-03-07T12:55:44","date_gmt":"2022-03-07T18:55:44","guid":{"rendered":"https:\/\/radiozapatista.org\/?p=41400"},"modified":"2022-03-09T11:52:00","modified_gmt":"2022-03-09T17:52:00","slug":"calentamiento-global-se-acerca-a-punto-irreversible-reportan-cientificos","status":"publish","type":"post","link":"https:\/\/radiozapatista.org\/?p=41400","title":{"rendered":"Calentamiento global se acerca a punto irreversible reportan cient\u00edficos"},"content":{"rendered":"<p>Por Sare Frabes | <a href=\"https:\/\/avispa.org\/calentamiento-global-se-acerca-a-punto-irreversible-reportan-cientificos\/\" rel=\"noopener\" target=\"_blank\">Avispa Midia<\/a><\/p>\n<p>La crisis clim\u00e1tica se intensifica r\u00e1pidamente en todas las regiones del mundo. Actualmente se registra un aumento de la temperatura por 1.1\u00b0C, lo cual coloca en riesgo a poblaciones y ecosistemas enteros, clasificados con un alto grado de vulnerabilidad, donde los impactos clim\u00e1ticos son tan severos que ninguna medida de adaptaci\u00f3n existente puede prevenir p\u00e9rdidas y da\u00f1os de manera efectiva.<\/p>\n<p>As\u00ed lo advierte la segunda parte del Sexto Informe de Evaluaci\u00f3n, Cambio Clim\u00e1tico 2022: Impactos, Adaptaci\u00f3n y Vulnerabilidad, elaborado por el Panel Intergubernamental sobre el Cambio Clim\u00e1tico (IPCC, por sus siglas en ingl\u00e9s).<\/p>\n<p>El informe enfatiza que los eventos extremos se presentan m\u00e1s r\u00e1pidamente que en d\u00e9cadas pasadas, por lo que los da\u00f1os pueden ser irreversibles. Las sequ\u00edas devastadoras, el calor extremo y las inundaciones r\u00e9cord han colocado a poblaciones enteras en riesgo, amenazan con la seguridad alimentaria y ponen en peligro los medios de subsistencia de millones de personas.<\/p>\n<p><!--more--><\/p>\n<h3 id=\"h-cada-decima-un-peligro-mayor\" class=\"has-black-color has-text-color\"><strong>Cada d\u00e9cima, un peligro mayor<\/strong><\/h3>\n<figure class=\"wp-block-image size-full\"><a class=\"td-modal-image\" href=\"data:image\/gif;base64,R0lGODlhAQABAAAAACH5BAEKAAEALAAAAAABAAEAAAICTAEAOw==\"><img loading=\"lazy\" decoding=\"async\" class=\"wp-image-46842 lazyloaded td-animation-stack-type0-2\" src=\"https:\/\/avispa.org\/wp-content\/uploads\/2021\/11\/El-peligroso-discurso-de-la-emergencia-climatica.jpg\" sizes=\"auto, (max-width: 600px) 100vw, 600px\" srcset=\"https:\/\/avispa.org\/wp-content\/uploads\/2021\/11\/El-peligroso-discurso-de-la-emergencia-climatica.jpg 600w, https:\/\/avispa.org\/wp-content\/uploads\/2021\/11\/El-peligroso-discurso-de-la-emergencia-climatica-300x200.jpg 300w\" alt=\"\" width=\"600\" height=\"400\" data-srcset=\"https:\/\/avispa.org\/wp-content\/uploads\/2021\/11\/El-peligroso-discurso-de-la-emergencia-climatica.jpg 600w, https:\/\/avispa.org\/wp-content\/uploads\/2021\/11\/El-peligroso-discurso-de-la-emergencia-climatica-300x200.jpg 300w\" data-src=\"https:\/\/avispa.org\/wp-content\/uploads\/2021\/11\/El-peligroso-discurso-de-la-emergencia-climatica.jpg\" data-sizes=\"(max-width: 600px) 100vw, 600px\" \/><\/a><\/figure>\n<p>El reporte se\u00f1ala que cada d\u00e9cima de grado de calentamiento adicional suma m\u00e1s amenazas para las personas, las especies y los ecosistemas. Incluso, limitar el calentamiento global a 1.5\u00b0C, como era el objetivo del Acuerdo Clim\u00e1tico de Par\u00eds firmado en 2015, representa un escenario peligroso.<\/p>\n<p>Por ejemplo, un incremento de 1.5\u00b0C coloca en riesgo a glaciares en todo el mundo, los cuales desaparecer\u00e1n por completo o perder\u00e1n la mayor parte de su masa. Esto impactar\u00e1 en 350 millones de personas adicionales quienes experimentar\u00e1n escasez de agua para 2030 y hasta el 14% de las especies terrestres se enfrentar\u00e1n a un alto riesgo de extinci\u00f3n.<\/p>\n<p>Si el calentamiento global supera los 1.5\u00b0C, aunque sea temporalmente, los efectos negativos en el clima ser\u00e1n m\u00e1s graves e irreversibles. Tambi\u00e9n aumenta la probabilidad de eventos de alto impacto, como la muerte regresiva masiva de los bosques, que convertir\u00eda los sumideros de carbono cr\u00edticos en fuentes de carbono.<\/p>\n<p class=\"has-vivid-cyan-blue-color has-text-color\"><a href=\"https:\/\/avispa.org\/temperatura-en-america-latina-ha-aumentado-mas-que-la-media-mundial\/\" target=\"_blank\" rel=\"noreferrer noopener\">Te puede interesar: Temperatura en Am\u00e9rica Latina ha aumentado m\u00e1s que la media mundial<\/a><\/p>\n<p>El informe del IPCC se\u00f1ala que los Gases de Efecto Invernadero (GEI) ya liberados a la atm\u00f3sfera, junto a las tendencias actuales de las emisiones, preparan un escenario en el que los impactos clim\u00e1ticos para 2040 ser\u00e1n inevitables.<\/p>\n<p>Con el aumento a 2\u00b0C, la producci\u00f3n de alimentos claves, como el ma\u00edz, sufrir\u00e1 fallas simult\u00e1neas en regiones estrat\u00e9gicas para el cultivo. Para la siguiente d\u00e9cada, seg\u00fan estimaciones del IPCC, la crisis clim\u00e1tica llevar\u00e1 a entre 32 millones y 132 millones de personas m\u00e1s a la pobreza extrema.<\/p>\n<h3 class=\"has-black-color has-text-color\"><strong>Colonialismo y vulnerabilidad<\/strong><\/h3>\n<figure class=\"wp-block-image size-large\"><a class=\"td-modal-image\" href=\"data:image\/gif;base64,R0lGODlhAQABAAAAACH5BAEKAAEALAAAAAABAAEAAAICTAEAOw==\"><img loading=\"lazy\" decoding=\"async\" class=\"wp-image-46974 lazyloaded td-animation-stack-type0-2\" src=\"https:\/\/avispa.org\/wp-content\/uploads\/2021\/11\/Foto_2-1024x768.jpg\" sizes=\"auto, (max-width: 1024px) 100vw, 1024px\" srcset=\"https:\/\/avispa.org\/wp-content\/uploads\/2021\/11\/Foto_2-1024x768.jpg 1024w, https:\/\/avispa.org\/wp-content\/uploads\/2021\/11\/Foto_2-300x225.jpg 300w, https:\/\/avispa.org\/wp-content\/uploads\/2021\/11\/Foto_2-768x576.jpg 768w, https:\/\/avispa.org\/wp-content\/uploads\/2021\/11\/Foto_2-1536x1152.jpg 1536w, https:\/\/avispa.org\/wp-content\/uploads\/2021\/11\/Foto_2-696x522.jpg 696w, https:\/\/avispa.org\/wp-content\/uploads\/2021\/11\/Foto_2-1068x801.jpg 1068w, https:\/\/avispa.org\/wp-content\/uploads\/2021\/11\/Foto_2-560x420.jpg 560w, https:\/\/avispa.org\/wp-content\/uploads\/2021\/11\/Foto_2-80x60.jpg 80w, https:\/\/avispa.org\/wp-content\/uploads\/2021\/11\/Foto_2-265x198.jpg 265w, https:\/\/avispa.org\/wp-content\/uploads\/2021\/11\/Foto_2.jpg 1600w\" alt=\"\" width=\"1024\" height=\"768\" data-srcset=\"https:\/\/avispa.org\/wp-content\/uploads\/2021\/11\/Foto_2-1024x768.jpg 1024w, https:\/\/avispa.org\/wp-content\/uploads\/2021\/11\/Foto_2-300x225.jpg 300w, https:\/\/avispa.org\/wp-content\/uploads\/2021\/11\/Foto_2-768x576.jpg 768w, https:\/\/avispa.org\/wp-content\/uploads\/2021\/11\/Foto_2-1536x1152.jpg 1536w, https:\/\/avispa.org\/wp-content\/uploads\/2021\/11\/Foto_2-696x522.jpg 696w, https:\/\/avispa.org\/wp-content\/uploads\/2021\/11\/Foto_2-1068x801.jpg 1068w, https:\/\/avispa.org\/wp-content\/uploads\/2021\/11\/Foto_2-560x420.jpg 560w, https:\/\/avispa.org\/wp-content\/uploads\/2021\/11\/Foto_2-80x60.jpg 80w, https:\/\/avispa.org\/wp-content\/uploads\/2021\/11\/Foto_2-265x198.jpg 265w, https:\/\/avispa.org\/wp-content\/uploads\/2021\/11\/Foto_2.jpg 1600w\" data-src=\"https:\/\/avispa.org\/wp-content\/uploads\/2021\/11\/Foto_2-1024x768.jpg\" data-sizes=\"(max-width: 1024px) 100vw, 1024px\" \/><\/a><figcaption><sup>La realizaci\u00f3n de la cumbre sobre cambio clim\u00e1tico ha sido criticada por promover agendas de grandes empresas trasnacionales.<\/sup><\/figcaption><\/figure>\n<p>El reciente informe del IPCC se\u00f1ala las altas probabilidades de que ocurran m\u00faltiples riesgos clim\u00e1ticos al mismo tiempo y en las mismas regiones, lo cual generar\u00eda impactos en cascada, cada vez m\u00e1s dif\u00edcil de ser controlados. Adem\u00e1s, se\u00f1ala al colonialismo como una de las razones socioecon\u00f3micas que influyen en la vulnerabilidad ante la crisis clim\u00e1tica.<\/p>\n<p>\u201cLa vulnerabilidad de los ecosistemas y de las personas al cambio clim\u00e1tico difiere sustancialmente entre las regiones y dentro de ellas, impulsada por los patrones de desarrollo socioecon\u00f3mico que se entrecruzan, el uso insostenible de los oc\u00e9anos y de la tierra, la desigualdad, la marginaci\u00f3n, los patrones hist\u00f3ricos y actuales de desigualdad, como el colonialismo, y la gobernanza\u201d, se\u00f1ala el informe.<\/p>\n<p>Actualmente, 3 mil 600 millones de personas viven en pa\u00edses catalogados como altamente vulnerables a los impactos clim\u00e1ticos. Son puntos cr\u00edticos globales ubicados en peque\u00f1os estados insulares, el \u00c1rtico, sur de Asia, Centroam\u00e9rica y Sudam\u00e9rica, as\u00ed como gran parte del \u00c1frica subsahariana.<\/p>\n<p class=\"has-vivid-cyan-blue-color has-text-color\"><a href=\"https:\/\/avispa.org\/carbono-neutral-15-anos-de-falsas-soluciones-al-cambio-climatico\/\" target=\"_blank\" rel=\"noreferrer noopener\">Te puede interesar: \u201cCarbono neutral\u201d: 15 a\u00f1os de falsas soluciones al cambio clim\u00e1tico<\/a><\/p>\n<p>En estos pa\u00edses, la mortalidad por sequ\u00edas, tormentas e inundaciones en el periodo entre 2010 al 2020 fue 15 veces mayor que en pa\u00edses catalogados con menor vulnerabilidad.<\/p>\n<p>Estos fen\u00f3menos agravan a\u00fan m\u00e1s la situaci\u00f3n en estas regiones, donde existen afectaciones desde hace d\u00e9cadas. Es el caso de \u00c1frica donde se registra que, desde 1961, la productividad agr\u00edcola se redujo en un tercio debido al cambio clim\u00e1tico.<\/p>\n<p>M\u00e1s recientemente, a partir del a\u00f1o 2008, se han registrado m\u00e1s de 20 millones de personas que han sido desplazadas debido a inundaciones y tormentas devastadoras. El mismo reporte del IPCC enfatiza que \u201cla vulnerabilidad humana y la de los ecosistemas son interdependientes\u201d<\/p>\n<p>El Secretario General de la ONU, Antonio Guterres, calific\u00f3 el informe como \u201cun atlas del sufrimiento humano y una acusaci\u00f3n al liderazgo clim\u00e1tico fallido\u201d.<\/p>\n<h3 class=\"has-black-color has-text-color\"><strong>M\u00e9xico<\/strong><\/h3>\n<figure class=\"wp-block-image size-large\"><a class=\"td-modal-image\" href=\"data:image\/gif;base64,R0lGODlhAQABAAAAACH5BAEKAAEALAAAAAABAAEAAAICTAEAOw==\"><img loading=\"lazy\" decoding=\"async\" class=\"wp-image-46186 td-animation-stack-type0-2 lazyloaded\" src=\"https:\/\/avispa.org\/wp-content\/uploads\/2021\/10\/Integrantes-del-EZLN-se-movilizaron-en-la-Huelga-Clima\u0301tica-realizada-en-Austria-2-Foto-GuillotinaInfo-1024x538.jpg\" sizes=\"auto, (max-width: 1024px) 100vw, 1024px\" srcset=\"https:\/\/avispa.org\/wp-content\/uploads\/2021\/10\/Integrantes-del-EZLN-se-movilizaron-en-la-Huelga-Clima\u0301tica-realizada-en-Austria-2-Foto-GuillotinaInfo-1024x538.jpg 1024w, https:\/\/avispa.org\/wp-content\/uploads\/2021\/10\/Integrantes-del-EZLN-se-movilizaron-en-la-Huelga-Clima\u0301tica-realizada-en-Austria-2-Foto-GuillotinaInfo-300x158.jpg 300w, https:\/\/avispa.org\/wp-content\/uploads\/2021\/10\/Integrantes-del-EZLN-se-movilizaron-en-la-Huelga-Clima\u0301tica-realizada-en-Austria-2-Foto-GuillotinaInfo-768x403.jpg 768w, https:\/\/avispa.org\/wp-content\/uploads\/2021\/10\/Integrantes-del-EZLN-se-movilizaron-en-la-Huelga-Clima\u0301tica-realizada-en-Austria-2-Foto-GuillotinaInfo-696x365.jpg 696w, https:\/\/avispa.org\/wp-content\/uploads\/2021\/10\/Integrantes-del-EZLN-se-movilizaron-en-la-Huelga-Clima\u0301tica-realizada-en-Austria-2-Foto-GuillotinaInfo-1068x561.jpg 1068w, https:\/\/avispa.org\/wp-content\/uploads\/2021\/10\/Integrantes-del-EZLN-se-movilizaron-en-la-Huelga-Clima\u0301tica-realizada-en-Austria-2-Foto-GuillotinaInfo-800x420.jpg 800w, https:\/\/avispa.org\/wp-content\/uploads\/2021\/10\/Integrantes-del-EZLN-se-movilizaron-en-la-Huelga-Clima\u0301tica-realizada-en-Austria-2-Foto-GuillotinaInfo.jpg 1200w\" alt=\"\" width=\"1024\" height=\"538\" data-srcset=\"https:\/\/avispa.org\/wp-content\/uploads\/2021\/10\/Integrantes-del-EZLN-se-movilizaron-en-la-Huelga-Clima\u0301tica-realizada-en-Austria-2-Foto-GuillotinaInfo-1024x538.jpg 1024w, https:\/\/avispa.org\/wp-content\/uploads\/2021\/10\/Integrantes-del-EZLN-se-movilizaron-en-la-Huelga-Clima\u0301tica-realizada-en-Austria-2-Foto-GuillotinaInfo-300x158.jpg 300w, https:\/\/avispa.org\/wp-content\/uploads\/2021\/10\/Integrantes-del-EZLN-se-movilizaron-en-la-Huelga-Clima\u0301tica-realizada-en-Austria-2-Foto-GuillotinaInfo-768x403.jpg 768w, https:\/\/avispa.org\/wp-content\/uploads\/2021\/10\/Integrantes-del-EZLN-se-movilizaron-en-la-Huelga-Clima\u0301tica-realizada-en-Austria-2-Foto-GuillotinaInfo-696x365.jpg 696w, https:\/\/avispa.org\/wp-content\/uploads\/2021\/10\/Integrantes-del-EZLN-se-movilizaron-en-la-Huelga-Clima\u0301tica-realizada-en-Austria-2-Foto-GuillotinaInfo-1068x561.jpg 1068w, https:\/\/avispa.org\/wp-content\/uploads\/2021\/10\/Integrantes-del-EZLN-se-movilizaron-en-la-Huelga-Clima\u0301tica-realizada-en-Austria-2-Foto-GuillotinaInfo-800x420.jpg 800w, https:\/\/avispa.org\/wp-content\/uploads\/2021\/10\/Integrantes-del-EZLN-se-movilizaron-en-la-Huelga-Clima\u0301tica-realizada-en-Austria-2-Foto-GuillotinaInfo.jpg 1200w\" data-src=\"https:\/\/avispa.org\/wp-content\/uploads\/2021\/10\/Integrantes-del-EZLN-se-movilizaron-en-la-Huelga-Clima\u0301tica-realizada-en-Austria-2-Foto-GuillotinaInfo-1024x538.jpg\" data-sizes=\"(max-width: 1024px) 100vw, 1024px\" \/><\/a><figcaption><sup>Integrantes del EZLN acompa\u00f1aron las movilizaciones de la Huelga Clima\u0301tica realizada en Austria. 2021. Foto: Guillotina Info<\/sup><\/figcaption><\/figure>\n<p>Para el caso de M\u00e9xico, la tendencia indica ya un aumento en la temperatura por encima del 1.1\u00b0C global e incluso existen regiones con incrementos mayores al 1.3\u00b0C, se\u00f1al\u00f3 Cecilia Conde \u00c1lvarez, investigadora del Instituto de Ciencias de la Atm\u00f3sfera y Cambio Clim\u00e1tico (ICAyCC).<\/p>\n<p>Durante la conferencia de prensa a distancia \u201cLa urgencia de actuar ante la crisis clim\u00e1tica, visi\u00f3n de autores mexicanos del Sexto Reporte del IPCC\u201d, Conde \u00c1lvarez, una de las autoras mexicanas del estudio internacional, apunt\u00f3 que para M\u00e9xico se proyectan incrementos en la temperatura de m\u00e1s de 1.5 grados antes del a\u00f1o 2030; adem\u00e1s de m\u00e1s sequ\u00edas e incendios forestales; precipitaciones extremas e inundaciones, as\u00ed como sequ\u00edas que ser\u00e1n generalizadas en la regi\u00f3n de Am\u00e9rica Latina y el Caribe.<\/p>\n<p class=\"has-vivid-cyan-blue-color has-text-color\"><a href=\"https:\/\/avispa.org\/alertan-academicos-que-mexico-podria-alcanzar-los-dos-grados-centigrados-para-2040\/\" target=\"_blank\" rel=\"noreferrer noopener\">Te puede interesar: Alertan acad\u00e9micos que M\u00e9xico podr\u00eda alcanzar los dos grados cent\u00edgrados para 2040<\/a><\/p>\n<p>\u201cSe acrecientan las ondas de calor y la intensidad de precipitaciones severas; se reduce la disponibilidad de agua, perdemos los arrecifes coralinos y los manglares, as\u00ed como cambios negativos en los rendimientos de los cultivos\u201d, inform\u00f3 la cient\u00edfica.<\/p>\n<p>Por su parte, Roberto Alejandro S\u00e1nchez Rodr\u00edguez, acad\u00e9mico de El Colegio de la Frontera Norte y quien tambi\u00e9n particip\u00f3 en la elaboraci\u00f3n del reporte, destac\u00f3 la urgencia de tomar acciones. \u201cLa ventana de oportunidad se cierra muy r\u00e1pidamente. El reporte es muy claro en que despu\u00e9s de un calentamiento de 1.5 grados las oportunidades, tanto para la mitigaci\u00f3n como para la adaptaci\u00f3n al cambio clim\u00e1tico, son extremadamente limitadas. Actualmente ya tenemos un calentamiento global de 1.1 grados, y se espera que el 1.5 se alcance en el transcurso de diez o 15 a\u00f1os\u201d, alert\u00f3.<\/p>\n<p>Francisco Estrada Porr\u00faa, coordinador del Programa de Investigaci\u00f3n en Cambio Clim\u00e1tico (PINCC) de la Universidad Nacional Aut\u00f3noma de M\u00e9xico (UNAM), detall\u00f3 que, de no tomar acciones ante el cambio clim\u00e1tico, para la segunda parte del siglo se calcula que M\u00e9xico acumular\u00eda p\u00e9rdidas anuales iguales o mayores a cinco por ciento de su producto interno bruto. Adem\u00e1s, las grandes urbes como la Ciudad de M\u00e9xico, Guadalajara y Monterrey acumular\u00edan p\u00e9rdidas que podr\u00edan rebasar mil millones de d\u00f3lares en esta d\u00e9cada.<\/p>\n<p><em><sup>En portada: Nurun Nahar tiene dos hijos con quienes viv\u00eda en un lugar remoto de Islampur, Jamalpur. La inundaci\u00f3n destruy\u00f3 su casa y se desplaz\u00f3 con su familia en b\u00fasqueda de refugio. Bangladesh, 2019. Foto: Mohammad Rakibul Hasan<\/sup><\/em><\/p>","protected":false},"excerpt":{"rendered":"<p>Por Sare Frabes | Avispa Midia La crisis clim\u00e1tica se intensifica r\u00e1pidamente en todas las regiones del mundo. Actualmente se registra un aumento de la temperatura por 1.1\u00b0C, lo cual coloca en riesgo a poblaciones y ecosistemas enteros, clasificados con un alto grado de vulnerabilidad, donde los impactos clim\u00e1ticos son tan severos que ninguna medida [&hellip;]<\/p>\n","protected":false},"author":1,"featured_media":41401,"comment_status":"open","ping_status":"closed","sticky":false,"template":"","format":"standard","meta":{"footnotes":""},"categories":[826,953],"tags":[1346,171],"class_list":["post-41400","post","type-post","status-publish","format-standard","has-post-thumbnail","hentry","category-medios-libres-2","category-mundo","tag-calentamiento-global","tag-medio-ambiente"],"_links":{"self":[{"href":"https:\/\/radiozapatista.org\/index.php?rest_route=\/wp\/v2\/posts\/41400","targetHints":{"allow":["GET"]}}],"collection":[{"href":"https:\/\/radiozapatista.org\/index.php?rest_route=\/wp\/v2\/posts"}],"about":[{"href":"https:\/\/radiozapatista.org\/index.php?rest_route=\/wp\/v2\/types\/post"}],"author":[{"embeddable":true,"href":"https:\/\/radiozapatista.org\/index.php?rest_route=\/wp\/v2\/users\/1"}],"replies":[{"embeddable":true,"href":"https:\/\/radiozapatista.org\/index.php?rest_route=%2Fwp%2Fv2%2Fcomments&post=41400"}],"version-history":[{"count":2,"href":"https:\/\/radiozapatista.org\/index.php?rest_route=\/wp\/v2\/posts\/41400\/revisions"}],"predecessor-version":[{"id":41410,"href":"https:\/\/radiozapatista.org\/index.php?rest_route=\/wp\/v2\/posts\/41400\/revisions\/41410"}],"wp:featuredmedia":[{"embeddable":true,"href":"https:\/\/radiozapatista.org\/index.php?rest_route=\/wp\/v2\/media\/41401"}],"wp:attachment":[{"href":"https:\/\/radiozapatista.org\/index.php?rest_route=%2Fwp%2Fv2%2Fmedia&parent=41400"}],"wp:term":[{"taxonomy":"category","embeddable":true,"href":"https:\/\/radiozapatista.org\/index.php?rest_route=%2Fwp%2Fv2%2Fcategories&post=41400"},{"taxonomy":"post_tag","embeddable":true,"href":"https:\/\/radiozapatista.org\/index.php?rest_route=%2Fwp%2Fv2%2Ftags&post=41400"}],"curies":[{"name":"wp","href":"https:\/\/api.w.org\/{rel}","templated":true}]}}