{"id":41338,"date":"2022-03-03T23:47:06","date_gmt":"2022-03-04T05:47:06","guid":{"rendered":"https:\/\/radiozapatista.org\/?p=41338"},"modified":"2022-03-16T13:00:48","modified_gmt":"2022-03-16T19:00:48","slug":"no-habra-paisaje-despues-de-la-batalla-sobre-la-invasion-del-ejercito-ruso-a-ucrania-subcomandante-insurgente-moises-supgaleano","status":"publish","type":"post","link":"https:\/\/radiozapatista.org\/?p=41338","title":{"rendered":"EZLN: NO HABR\u00c1 PAISAJE DESPU\u00c9S DE LA BATALLA (Sobre la invasi\u00f3n del ej\u00e9rcito ruso a Ucrania)"},"content":{"rendered":"<p><small>Fuente: <a href=\"https:\/\/enlacezapatista.ezln.org.mx\/2022\/03\/03\/no-habra-paisaje-despues-de-la-batalla\/\" target=\"_blank\" rel=\"noopener\">Enlace Zapatista<\/a><\/small><\/p>\n<p><a href=\"https:\/\/enlacezapatista.ezln.org.mx\/2022\/03\/04\/nach-der-schlacht-wird-es-keinerlei-landschaft-geben-uber-die-invasion-der-russischen-armee-in-die-ukraine\/\">Deutsch \u00dcbersetzung<\/a>\u00a0(Alem\u00e1n)<br \/>\n<a href=\"https:\/\/enlacezapatista.ezln.org.mx\/2022\/03\/04\/23643\/\">Traduzione Italiano<\/a>\u00a0(Italiano)<br \/>\n<a href=\"https:\/\/enlacezapatista.ezln.org.mx\/2022\/03\/04\/%d9%be%d8%b3-%d8%a7%d8%b2-%d9%86%d8%a8%d8%b1%d8%af-%da%86%d8%b4%d9%85%d8%a7%d9%86%d8%af%d8%a7%d8%b2%db%8c-%d8%af%d8%b1-%da%a9%d8%a7%d8%b1-%d9%86%d8%ae%d9%88%d8%a7%d9%87%d8%af-%d8%a8%d9%88\/\">\u0641\u0627\u0631\u0633\u06cc<\/a>\u00a0(Farsi)<br \/>\n<a href=\"https:\/\/enlacezapatista.ezln.org.mx\/2022\/03\/04\/nao-havera-cenario-apos-a-batalha-sobre-a-invasao-da-ucrania-pelo-exercito-russo\/\">Tradu\u00e7\u00e3o em portug\u00eas<\/a>\u00a0(Portugu\u00e9s)<br \/>\n<a href=\"https:\/\/enlacezapatista.ezln.org.mx\/2022\/03\/04\/%ce%b4%ce%b5%ce%bd-%ce%b8%ce%b1-%cf%85%cf%80%ce%b1%cf%81%cf%87%ce%b5%ce%b9-%cf%84%ce%bf%cf%80%ce%b9%ce%bf-%ce%bc%ce%b5%cf%84%ce%b1-%cf%84%ce%b7-%ce%bc%ce%b1%cf%87%ce%b7-%cf%83%cf%87%ce%b5%cf%84%ce%b9\/\">\u0395\u03bb\u03bb\u03b7\u03bd\u03b9\u03ba\u03ae \u03bc\u03b5\u03c4\u03ac\u03c6\u03c1\u03b1\u03c3\u03b7<\/a>\u00a0 (Griego)<br \/>\n<a href=\"https:\/\/enlacezapatista.ezln.org.mx\/2022\/03\/05\/%d0%b2%d1%8b%d0%b6%d0%b6%d0%b5%d0%bd%d0%bd%d0%b0%d1%8f-%d0%b7%d0%b5%d0%bc%d0%bb%d1%8f-%d0%bf%d0%be%d1%81%d0%bb%d0%b5-%d0%b1%d0%be%d1%8f\/\">\u041f\u0435\u0440\u0435\u0432\u043e\u0434 \u043d\u0430 \u0440\u0443\u0441\u0441\u043a\u0438\u0439 \u044f\u0437\u044b\u043a<\/a>\u00a0(Ruso)<br \/>\n<a href=\"https:\/\/enlacezapatista.ezln.org.mx\/2022\/03\/05\/po-bitki-ne-bo-vec-nobene-krajine-o-invaziji-ruske-vojske-na-ukrajino\/\">Slovenski prevod<\/a>\u00a0 (Esloveno)<br \/>\n<a href=\"https:\/\/enlacezapatista.ezln.org.mx\/2022\/03\/06\/nie-bedzie-krajobrazu-po-bitwie-o-inwazji-rosyjskich-wojsk-na-ukraine\/\">T\u0142umaczenie polskie<\/a>\u00a0(Polaco)<br \/>\n<a href=\"https:\/\/enlacezapatista.ezln.org.mx\/2022\/03\/06\/il-ny-aura-pas-de-paysage-apres-la-bataille-a-propos-de-linvasion-de-larmee-russe-en-ukraine\/\">Traduction en Fran\u00e7ais<\/a>\u00a0(Franc\u00e9s)<br \/>\n<a href=\"https:\/\/enlacezapatista.ezln.org.mx\/2022\/03\/07\/after-the-battle-no-landscape-will-remain\/\">English Translation<\/a>\u00a0(Ingl\u00e9s)<\/p>\n<p style=\"text-align: center;\"><strong>COMISI\u00d3N SEXTA ZAPATISTA.<br \/>\n<\/strong><strong>M\u00e9xico.<\/strong><\/p>\n<h3 style=\"text-align: center;\"><strong>NO HABR\u00c1 PAISAJE DESPU\u00c9S DE LA BATALLA<\/strong><\/h3>\n<p style=\"text-align: center;\">(Sobre la invasi\u00f3n del ej\u00e9rcito ruso a Ucrania).<\/p>\n<p>2 de marzo del 2022.<\/p>\n<p>A quienes firmaron la Declaraci\u00f3n por la Vida:<br \/>\nA la Sexta nacional e internacional:<\/p>\n<p>Compa\u00f1er@s y herman@s:<\/p>\n<p>Les decimos nuestras palabras y pensamientos sobre lo que ocurre actualmente en la geograf\u00eda que llaman Europa:<\/p>\n<p>PRIMERO.- Hay una fuerza agresora, el ej\u00e9rcito ruso.\u00a0 Hay intereses del gran capital en juego, por ambos lados.\u00a0 Quienes padecen ahora por los delirios de unos y los taimados c\u00e1lculos econ\u00f3micos de otros, son los pueblos de Rusia y Ucrania (y, tal vez pronto, los de otras geograf\u00edas cercanas o lejanas).\u00a0 Como zapatistas que somos no apoyamos a uno ni a otro Estado, sino a quienes luchan por la vida en contra del sistema.<\/p>\n<p>Cuando la invasi\u00f3n multinacional a Irak (hace casi 19 a\u00f1os), con el ej\u00e9rcito norteamericano a la cabeza, hubo movilizaciones en todo el mundo en contra de esa guerra.\u00a0 Nadie en su sano juicio pens\u00f3 que oponerse a la invasi\u00f3n era ponerse del lado de Sadam Hussein.\u00a0 Ahora es una situaci\u00f3n similar, aunque no igual.\u00a0 Ni Zelenski ni Putin.\u00a0 Alto a la guerra.<\/p>\n<p>SEGUNDO.- Distintos gobiernos se han alineado a uno u otro bando, haci\u00e9ndolo por c\u00e1lculos econ\u00f3micos.\u00a0 No hay ninguna valoraci\u00f3n humanista en ellos.\u00a0 Para estos gobiernos y sus \u201cide\u00f3logos\u201d hay intervenciones-invasiones-destrucciones buenas y hay malas.\u00a0 Las buenas son las que realizan sus afines, y las malas las que perpetran sus contrarios.\u00a0 El aplauso al criminal argumento de Putin para justificar la invasi\u00f3n militar de Ucrania, se convertir\u00e1 en lamento cuando, con las mismas palabras, se justifique la invasi\u00f3n a otros pueblos cuyos procesos no sean del agrado del gran capital.<\/p>\n<p>Invadir\u00e1n otras geograf\u00edas para salvarlas de la \u201ctiran\u00eda neonazi\u201d o para terminar con \u201cnarco-estados\u201d vecinos.\u00a0 Repetir\u00e1n entonces las mismas palabras de Putin: \u201c<em>vamos a desnazificar<\/em>\u201d (o su equivalente) y abundar\u00e1n en \u201crazonamientos\u201d de \u201cpeligro para sus pueblos\u201d.\u00a0 Y entonces, como nos dicen nuestras compa\u00f1eras en Rusia:<em> \u201cLas bombas rusas, los cohetes, las balas vuelan hacia los ucranianos y no les preguntan sobre sus opiniones pol\u00edticas y el idioma que hablan\u201d, <\/em>pero cambiar\u00e1 la \u201cnacionalidad\u201d de las unas y de los otros.<\/p>\n<p>TERCERO.- Los grandes capitales y sus gobiernos de \u201coccidente\u201d se sentaron a contemplar \u2013e incluso a alentar\u2013 c\u00f3mo la situaci\u00f3n se iba deteriorando. Luego, iniciada ya la invasi\u00f3n, esperaron a ver si Ucrania resist\u00eda, y haciendo cuentas de qu\u00e9 se pod\u00eda sacar de uno u otro resultado.\u00a0Como Ucrania resiste, entonces s\u00ed empiezan a extender facturas de \u201cayuda\u201d que ser\u00e1n cobradas despu\u00e9s.\u00a0Putin no es el \u00fanico sorprendido por la resistencia ucraniana.<\/p>\n<p>Quienes ganan en esta guerra son los grandes consorcios armamentistas y los grandes capitales que ven la oportunidad para conquistar, destruir\/reconstruir territorios, es decir, crear nuevos mercados de mercanc\u00edas y de consumidores, de personas.<\/p>\n<p>CUARTO.- En lugar de acudir a lo que difunden los medios de comunicaci\u00f3n y las redes sociales de los bandos respectivos \u2013y que ambos presentan como \u201cnoticias\u201d\u2013, o a los \u201can\u00e1lisis\u201d en la s\u00fabita proliferaci\u00f3n de expertos en geopol\u00edtica y suspirantes por el Pacto de Varsovia y la OTAN, decidimos buscar y preguntar a quienes, como nosotras, se empe\u00f1an en la lucha por la vida en Ucrania y Rusia.<\/p>\n<p>Despu\u00e9s de varios intentos, la Comisi\u00f3n Sexta Zapatista logr\u00f3 hacer contacto con nuestros familiares en resistencia y rebeld\u00eda en las geograf\u00edas que llaman Rusia y Ucrania.<\/p>\n<p>QUINTO.- En resumen, \u00e9stos nuestros familiares, quienes adem\u00e1s levantan la bandera de la <strong>@<\/strong> libertaria, se mantienen firmes: en resistencia quienes est\u00e1n en el Donbass, en Ucrania; y en rebeld\u00eda quienes caminan y trabajan las calles y campos de Rusia.\u00a0 Hay detenidos y golpeados en Rusia por protestar contra la guerra.\u00a0Hay asesinados en Ucrania por el ej\u00e9rcito ruso.<\/p>\n<p>Les une entre ellos, y a ellos con nosotros, no s\u00f3lo el NO a la guerra, tambi\u00e9n el repudio a \u201calinearse\u201d con gobiernos que oprimen a su gente.<\/p>\n<p>En medio de la confusi\u00f3n y el caos en ambos lados, les mantienen firmes sus convicciones: su lucha por la libertad, su repudio a las fronteras y sus Estados Nacionales, y las respectivas opresiones que s\u00f3lo cambian de bandera.<\/p>\n<p>Nuestro deber es apoyarles en la medida de nuestras posibilidades.\u00a0Una palabra, una imagen, una tonada, un baile, un pu\u00f1o que se levanta, un abrazo \u2013as\u00ed sea desde geograf\u00edas lejanas\u2013, son tambi\u00e9n un apoyo que animar\u00e1 sus corazones.<\/p>\n<p>Resistir es persistir y es prevalecer.\u00a0Apoyemos a estos familiares en su resistencia, es decir, en su lucha por la vida.\u00a0Se los debemos y nos lo debemos a nosotros mismos.<\/p>\n<p>SEXTO.- \u00a0Por lo anterior, llamamos a la Sexta nacional e internacional que no lo ha hecho todav\u00eda, a que, de acuerdo a sus calendarios, geograf\u00edas y modos, se manifiesten en contra de la guerra y en apoyo de l@s ucranian@s y rus@s que luchan en sus geograf\u00edas por un mundo con libertad.<\/p>\n<p>Asimismo, llamamos a apoyar econ\u00f3micamente la resistencia en Ucrania en las cuentas que nos indicar\u00e1n en su momento.<\/p>\n<p>Por su parte, la Comisi\u00f3n Sexta del EZLN est\u00e1 haciendo lo propio, enviando un poco de ayuda a quienes, en Rusia y Ucrania, luchan contra la guerra.\u00a0Tambi\u00e9n se han iniciado contactos con nuestros familiares en <strong><em>SLUMIL K\u00b4AJXEMK\u00b4OP<\/em><\/strong> para crear un fondo econ\u00f3mico com\u00fan de apoyo a quienes resisten en Ucrania.<\/p>\n<p>Sin dobleces, gritamos y llamamos a gritar y exigir: Fuera el Ej\u00e9rcito Ruso de Ucrania.<\/p>\n<p style=\"text-align: center;\"><strong>-*-<\/strong><\/p>\n<p>Hay que parar ya la guerra.\u00a0Si se mantiene y, como es de prever, escala, entonces tal vez no habr\u00e1 quien d\u00e9 cuenta del paisaje despu\u00e9s de la batalla.<\/p>\n<p style=\"text-align: center;\">Desde las monta\u00f1as del Sureste Mexicano.<\/p>\n<p style=\"text-align: center;\">Subcomandante Insurgente Mois\u00e9s. \u00a0\u00a0\u00a0\u00a0\u00a0\u00a0\u00a0\u00a0\u00a0\u00a0\u00a0\u00a0\u00a0\u00a0\u00a0\u00a0\u00a0\u00a0\u00a0\u00a0\u00a0\u00a0\u00a0\u00a0\u00a0\u00a0\u00a0\u00a0\u00a0\u00a0\u00a0\u00a0\u00a0\u00a0\u00a0\u00a0\u00a0\u00a0\u00a0\u00a0SupGaleano.<br \/>\nComisi\u00f3n Sexta del EZLN.<br \/>\nMarzo del 2022.<\/p>\n<p><\/p>","protected":false},"excerpt":{"rendered":"<p>Fuente: Enlace Zapatista Deutsch \u00dcbersetzung\u00a0(Alem\u00e1n) Traduzione Italiano\u00a0(Italiano) \u0641\u0627\u0631\u0633\u06cc\u00a0(Farsi) Tradu\u00e7\u00e3o em portug\u00eas\u00a0(Portugu\u00e9s) \u0395\u03bb\u03bb\u03b7\u03bd\u03b9\u03ba\u03ae \u03bc\u03b5\u03c4\u03ac\u03c6\u03c1\u03b1\u03c3\u03b7\u00a0 (Griego) \u041f\u0435\u0440\u0435\u0432\u043e\u0434 \u043d\u0430 \u0440\u0443\u0441\u0441\u043a\u0438\u0439 \u044f\u0437\u044b\u043a\u00a0(Ruso) Slovenski prevod\u00a0 (Esloveno) T\u0142umaczenie polskie\u00a0(Polaco) Traduction en Fran\u00e7ais\u00a0(Franc\u00e9s) English Translation\u00a0(Ingl\u00e9s) COMISI\u00d3N SEXTA ZAPATISTA. M\u00e9xico. NO HABR\u00c1 PAISAJE DESPU\u00c9S DE LA BATALLA (Sobre la invasi\u00f3n del ej\u00e9rcito ruso a Ucrania). 2 de marzo del 2022. A quienes firmaron [&hellip;]<\/p>\n","protected":false},"author":21,"featured_media":41343,"comment_status":"open","ping_status":"closed","sticky":false,"template":"","format":"standard","meta":{"footnotes":""},"categories":[51,118,955,956,935],"tags":[58,919,920,926,53,147,545,483,1371],"class_list":["post-41338","post","type-post","status-publish","format-standard","has-post-thumbnail","hentry","category-autor","category-ezln","category-ezln-temas","category-sexta","category-temas","tag-derechos-humanos","tag-estados-unidos","tag-europa","tag-ezln","tag-justicia","tag-militarizacion","tag-pueblos-indigenas","tag-tierra-y-territorio","tag-ucrania"],"_links":{"self":[{"href":"https:\/\/radiozapatista.org\/index.php?rest_route=\/wp\/v2\/posts\/41338","targetHints":{"allow":["GET"]}}],"collection":[{"href":"https:\/\/radiozapatista.org\/index.php?rest_route=\/wp\/v2\/posts"}],"about":[{"href":"https:\/\/radiozapatista.org\/index.php?rest_route=\/wp\/v2\/types\/post"}],"author":[{"embeddable":true,"href":"https:\/\/radiozapatista.org\/index.php?rest_route=\/wp\/v2\/users\/21"}],"replies":[{"embeddable":true,"href":"https:\/\/radiozapatista.org\/index.php?rest_route=%2Fwp%2Fv2%2Fcomments&post=41338"}],"version-history":[{"count":8,"href":"https:\/\/radiozapatista.org\/index.php?rest_route=\/wp\/v2\/posts\/41338\/revisions"}],"predecessor-version":[{"id":41853,"href":"https:\/\/radiozapatista.org\/index.php?rest_route=\/wp\/v2\/posts\/41338\/revisions\/41853"}],"wp:featuredmedia":[{"embeddable":true,"href":"https:\/\/radiozapatista.org\/index.php?rest_route=\/wp\/v2\/media\/41343"}],"wp:attachment":[{"href":"https:\/\/radiozapatista.org\/index.php?rest_route=%2Fwp%2Fv2%2Fmedia&parent=41338"}],"wp:term":[{"taxonomy":"category","embeddable":true,"href":"https:\/\/radiozapatista.org\/index.php?rest_route=%2Fwp%2Fv2%2Fcategories&post=41338"},{"taxonomy":"post_tag","embeddable":true,"href":"https:\/\/radiozapatista.org\/index.php?rest_route=%2Fwp%2Fv2%2Ftags&post=41338"}],"curies":[{"name":"wp","href":"https:\/\/api.w.org\/{rel}","templated":true}]}}