{"id":41230,"date":"2022-02-20T14:46:01","date_gmt":"2022-02-20T20:46:01","guid":{"rendered":"https:\/\/radiozapatista.org\/?p=41230"},"modified":"2022-02-20T14:46:01","modified_gmt":"2022-02-20T20:46:01","slug":"a-tres-anos-del-asesinato-samir-flores-el-narcoestado-se-destapa-el-despojo-continua-con-la-guardia-nacional-y-los-pueblos-seguimos-resistiendo","status":"publish","type":"post","link":"https:\/\/radiozapatista.org\/?p=41230","title":{"rendered":"A tres a\u00f1os del asesinato Samir Flores, el #narcoEstado se destapa, el despojo contin\u00faa con la Guardia Nacional y los pueblos seguimos resistiendo"},"content":{"rendered":"<p><\/p>\n<div class=\"\" dir=\"auto\">\n<div id=\"jsc_c_13\" class=\"ecm0bbzt hv4rvrfc ihqw7lf3 dati1w0a\" data-ad-comet-preview=\"message\" data-ad-preview=\"message\">\n<div class=\"j83agx80 cbu4d94t ew0dbk1b irj2b8pg\">\n<div class=\"qzhwtbm6 knvmm38d\">\n<div class=\"cxmmr5t8 oygrvhab hcukyx3x c1et5uql o9v6fnle ii04i59q\">\n<div dir=\"auto\">El tercer aniversario del asesinato de nuestro compa\u00f1ero Samir Flores Soberanes est\u00e1 enmarcado en una serie de agresiones, violencias y asesinatos hacia integrantes de los pueblos y periodistas en el descaro de un <a class=\"oajrlxb2 g5ia77u1 qu0x051f esr5mh6w e9989ue4 r7d6kgcz rq0escxv nhd2j8a9 nc684nl6 p7hjln8o kvgmc6g5 cxmmr5t8 oygrvhab hcukyx3x jb3vyjys rz4wbd8a qt6c0cv9 a8nywdso i1ao9s8h esuyzwwr f1sip0of lzcic4wl gpro0wi8 q66pz984 b1v8xokw\" tabindex=\"0\" role=\"link\" href=\"https:\/\/www.facebook.com\/hashtag\/narcoestado?__eep__=6&amp;__cft__[0]=AZVKdzIjigyu8vAmRT2HR7aqVtjVK0Ca5Z7ocOSUKzUpDpcAqxanrhcOCjaMAHd7ohNc_w6wPq0I7JDyeCVSbGEZpZyi0d_fZYj6E__3lXemtq-G0t181lX8q2E4DcKaAs9x2xV70Unth_l3-cZhz4dN&amp;__tn__=*NK-R\">#narcoEstado<\/a>.<\/div>\n<\/div>\n<div class=\"cxmmr5t8 oygrvhab hcukyx3x c1et5uql o9v6fnle ii04i59q\">\n<div dir=\"auto\">Este a\u00f1o inici\u00f3 con una serie de publicaciones en la prensa y en redes sociales de la vinculaci\u00f3n del gobernador de Morelos con lideres de la delincuencia organizada, narcomantas dirigidas a Cuauht\u00e9moc Blanco y Hugo Erik Flores en las que se utiliza el asesinato de nuestro compa\u00f1ero como forma de chantaje de la delincuencia organizada hacia el gobernador y otros pol\u00edticos del estado como el Senador \u00c1ngel Garc\u00eda Ya\u00f1ez.<\/div>\n<div dir=\"auto\">A tres a\u00f1os las investigaciones han sido una burla, presentando a personas que ya estaban detenidas y solo dando largas a las dem\u00e1s acciones que se necesitan para fortalecer la investigaci\u00f3n. Ahora es mas que clara la dilataci\u00f3n de la justicia en el caso, ya que con todo lo salido a la luz es evidente que el asesinato de Samir fue realizado por el <a class=\"oajrlxb2 g5ia77u1 qu0x051f esr5mh6w e9989ue4 r7d6kgcz rq0escxv nhd2j8a9 nc684nl6 p7hjln8o kvgmc6g5 cxmmr5t8 oygrvhab hcukyx3x jb3vyjys rz4wbd8a qt6c0cv9 a8nywdso i1ao9s8h esuyzwwr f1sip0of lzcic4wl gpro0wi8 q66pz984 b1v8xokw\" tabindex=\"0\" role=\"link\" href=\"https:\/\/www.facebook.com\/hashtag\/narcoestado?__eep__=6&amp;__cft__[0]=AZVKdzIjigyu8vAmRT2HR7aqVtjVK0Ca5Z7ocOSUKzUpDpcAqxanrhcOCjaMAHd7ohNc_w6wPq0I7JDyeCVSbGEZpZyi0d_fZYj6E__3lXemtq-G0t181lX8q2E4DcKaAs9x2xV70Unth_l3-cZhz4dN&amp;__tn__=*NK-R\">#NarcoEstado<\/a>, que el gobierno no s\u00f3lo sabe qui\u00e9n mat\u00f3 a Samir sino que en realidad es parte de los autores intelectuales.<\/div>\n<\/div>\n<div class=\"cxmmr5t8 oygrvhab hcukyx3x c1et5uql o9v6fnle ii04i59q\">\n<div dir=\"auto\">Por otra parte el 11 de febrero el asesinato del ejidatario Francisco V\u00e1squez un d\u00eda despu\u00e9s de denunciar las amenazas hechas por Rogelio Plascencia al organizar su destituci\u00f3n al frente de ASURCO, genera un clima de alto riesgo al campamento afuera de las instalaciones de ASURCO, sostenido por los ejidatarios que defienden el agua ante el despojo de la Termoel\u00e9ctrica, el cual intent\u00f3 el mismo Plascencia desalojar el 10 de febrero. Ello se da despu\u00e9s de la reuni\u00f3n que el mismo Rogelio Plascencia difundi\u00f3 en sus redes sociales con una fotograf\u00eda tomada en enero de este a\u00f1o con L\u00f3pez Obrador, Manuel Bartlett y Cuauhtemoc Blanco en el que presume la firma de un convenio ilegal, sin haber sido consultado a los ejidos que integran ASURCO y que promete 118.5 mdp a cambio de retirar el plant\u00f3n y desistirse de los amparos en contra de que se lleven el agua de los ejidos para la termoel\u00e9ctrica. Nuevamente la presencia de Obrador en el PIM se ba\u00f1a de sangre y amenazas de desalojo.<\/div>\n<\/div>\n<div class=\"cxmmr5t8 oygrvhab hcukyx3x c1et5uql o9v6fnle ii04i59q\">\n<div dir=\"auto\">Mientras que en Puebla, la Guardia Nacional y polic\u00eda estatal desalojan el 15 de febrero la Casa de los Pueblos en el municipio de Juan C. Bonilla, ocupando las fuerzas p\u00fablicas represivas para atacar a los pueblos y consentir el robo del agua de la transnacional Bonafont.<\/div>\n<\/div>\n<div class=\"cxmmr5t8 oygrvhab hcukyx3x c1et5uql o9v6fnle ii04i59q\">\n<div dir=\"auto\">La cuarta T no tiene otra forma de resolver los conflictos con los pueblos mas que con la represi\u00f3n, el desalojo y la violencia, siempre en favor de los grandes capitalistas y del neoliberalismo que anunci\u00f3 haber terminado. Esta administraci\u00f3n ha acrecentado el binomio \u201cnarco\/fuerzas represivas\u201d, ocupandose al crimen organizado como Secretar\u00eda del Terror del Estado Mexicano para hacer el trabajo m\u00e1s vil, sucio y cruel contra los que defienden la vida y la Guardia Nacional para reprimir a plena luz de d\u00eda o la noche las justas protestas del pueblo que ven en las acciones de gobierno la continuidad del despojo y destrucci\u00f3n de la madre tierra. Todo bajo el monopolio de la palabra del Presidente y un falso discurso de un gobierno \u201cbueno\u201d.<\/div>\n<\/div>\n<div class=\"cxmmr5t8 oygrvhab hcukyx3x c1et5uql o9v6fnle ii04i59q\">\n<div dir=\"auto\">Pero no olvidamos como Salinas de Gortari se proyectaba como el mejor Presidente que hab\u00eda tenido M\u00e9xico en mucho tiempo, cuando estaba en el poder y, una vez que los zapatistas descubrieron su verdadera m\u00e1scara y dejara el poder, hoy es una verg\u00fcenza para la naci\u00f3n.<\/div>\n<\/div>\n<div class=\"cxmmr5t8 oygrvhab hcukyx3x c1et5uql o9v6fnle ii04i59q\">\n<div dir=\"auto\">No olvidamos las palabras de L\u00f3pez Obrador hace 8 a\u00f1os \u201cno queremos la termoel\u00e9ctrica, el gasoducto y las minas, M\u00e9xico no es territorio de conquista\u201d Nosotros sostenemos esa posici\u00f3n, esa palabra, pero \u00bfc\u00f3mo se puede respetar a un gobierno que no respeta las leyes, los derechos y ni siquiera su propia palabra? Realizando un acuerdo presidencial el 22 de noviembre de 2021 para imponer los megaproyectos del capital y desconociendo los m\u00e1s de 20 amparos y 11 suspensiones contra el PIM.<\/div>\n<\/div>\n<div class=\"cxmmr5t8 oygrvhab hcukyx3x c1et5uql o9v6fnle ii04i59q\">\n<div dir=\"auto\">\u00bfC\u00f3mo se puede seguir pidiendo justicia por el asesinato de nuestro compa\u00f1ero Samir Flores a un <a class=\"oajrlxb2 g5ia77u1 qu0x051f esr5mh6w e9989ue4 r7d6kgcz rq0escxv nhd2j8a9 nc684nl6 p7hjln8o kvgmc6g5 cxmmr5t8 oygrvhab hcukyx3x jb3vyjys rz4wbd8a qt6c0cv9 a8nywdso i1ao9s8h esuyzwwr f1sip0of lzcic4wl gpro0wi8 q66pz984 b1v8xokw\" tabindex=\"0\" role=\"link\" href=\"https:\/\/www.facebook.com\/hashtag\/narcoestado?__eep__=6&amp;__cft__[0]=AZVKdzIjigyu8vAmRT2HR7aqVtjVK0Ca5Z7ocOSUKzUpDpcAqxanrhcOCjaMAHd7ohNc_w6wPq0I7JDyeCVSbGEZpZyi0d_fZYj6E__3lXemtq-G0t181lX8q2E4DcKaAs9x2xV70Unth_l3-cZhz4dN&amp;__tn__=*NK-R\">#Narcoestado<\/a>? \u00bfC\u00f3mo se puede hablar de un gobierno que esta con el pueblo cuando lo que esta haciendo es agredir a todo aquel que esta en contra de su palabra o sus acciones? \u00bfComo se puede decir que vivimos en democracia cuando eres estigmatizado, denigrado, violentado por tener una opini\u00f3n diferente?<\/div>\n<\/div>\n<div class=\"cxmmr5t8 oygrvhab hcukyx3x c1et5uql o9v6fnle ii04i59q\">\n<div dir=\"auto\">El <a class=\"oajrlxb2 g5ia77u1 qu0x051f esr5mh6w e9989ue4 r7d6kgcz rq0escxv nhd2j8a9 nc684nl6 p7hjln8o kvgmc6g5 cxmmr5t8 oygrvhab hcukyx3x jb3vyjys rz4wbd8a qt6c0cv9 a8nywdso i1ao9s8h esuyzwwr f1sip0of lzcic4wl gpro0wi8 q66pz984 b1v8xokw\" tabindex=\"0\" role=\"link\" href=\"https:\/\/www.facebook.com\/hashtag\/narcoestado?__eep__=6&amp;__cft__[0]=AZVKdzIjigyu8vAmRT2HR7aqVtjVK0Ca5Z7ocOSUKzUpDpcAqxanrhcOCjaMAHd7ohNc_w6wPq0I7JDyeCVSbGEZpZyi0d_fZYj6E__3lXemtq-G0t181lX8q2E4DcKaAs9x2xV70Unth_l3-cZhz4dN&amp;__tn__=*NK-R\">#narcoEstado<\/a> nos plantea que no importan los derechos de los pueblos ind\u00edgenas en nuestro pa\u00eds, que no importan los procesos legales como parte de los derechos que tenemos los ciudadanos ante el abuso de la autoridad, que no importan las vidas de las personas que est\u00e1n en contra de los proyectos de muerte impulsados por el gobierno y el capital. Es evidente que tanto el gran ego del presidente as\u00ed como su pol\u00edtica fundamentalista del que todo aquel que esta en contra de \u00e9l, esta con los conservadores, le est\u00e1n provocando una gran ceguera pol\u00edtica que nos est\u00e1 llevando a una situaci\u00f3n muy grave en nuestro pa\u00eds. A L\u00f3pez Obrador le quedan 3 a\u00f1os de gobierno, a los pueblos nos seguir\u00e1 quedando m\u00e1s tiempo, porque hemos determinado vivir y ser consecuentes con la defensa de la vida.<\/div>\n<\/div>\n<div class=\"cxmmr5t8 oygrvhab hcukyx3x c1et5uql o9v6fnle ii04i59q\">\n<div dir=\"auto\">ALERTAMOS a todas las personas, movimientos, organizaciones y pueblos de M\u00e9xico y del mundo sobre una creciente ola represiva contra la defensa de la verdad, la justicia y la vida en nuestro pa\u00eds, en donde incluye acabar con la resistencia ante el Proyecto Integral Morelos, la cual intentar\u00e1 nuevamente retirar el digno Plant\u00f3n de ASURCO y atacar a diversas personas y pueblos en contra del PIM, antes que termine el sexenio de la cuarta simulaci\u00f3n, para poder presentar a los patrones del capital una chatarra termoel\u00e9ctrica limpia de protestas, pero no de sangre, despojo y contaminaci\u00f3n.<\/div>\n<\/div>\n<div class=\"cxmmr5t8 oygrvhab hcukyx3x c1et5uql o9v6fnle ii04i59q\">\n<div dir=\"auto\">Por eso, llamamos a estar atentos ante la lucha contra el PIM y los cientos de megaproyectos de muerte en nuestro pa\u00eds y a sumarnos a la campa\u00f1a de boicot a la empresa Bonafont\/Danone y la caravana por la vida acordada el 16 de enero en las instalaciones del Altepelmecalli, la cual recorrer\u00e1 m\u00e1s de 6 estados del pa\u00eds del 22 de marzo al 22 de abril, uniendo resistencias y denunciando las injusticias del mal gobierno y gran capital en nuestros territorios.<\/div>\n<\/div>\n<div class=\"cxmmr5t8 oygrvhab hcukyx3x c1et5uql o9v6fnle ii04i59q\">\n<div dir=\"auto\">En la lucha por la vida est\u00e1 la justicia para Samir y por eso seguiremos construyendo autonom\u00edas y resistencias en todos los rincones en donde Samir y todos nuestr@s compa\u00f1er@s asesinad@s y desaparecid@s han estado, sembrando dignidad, acordando vivir.<\/div>\n<\/div>\n<div class=\"cxmmr5t8 oygrvhab hcukyx3x c1et5uql o9v6fnle ii04i59q\">\n<div dir=\"auto\">\u00a1Samir y Zapata viven, la lucha sigue!<\/div>\n<div dir=\"auto\">\u00a1Fuera el PIM! \u00a1Fuera Bonafont! \u00a1Viva la autonom\u00eda!<\/div>\n<\/div>\n<div class=\"cxmmr5t8 oygrvhab hcukyx3x c1et5uql o9v6fnle ii04i59q\">\n<div dir=\"auto\">T\u2019neki tlalle uan atl para tenochti, amo timikiske por tumi \u2013 Queremos tierra y agua para todos, no morir por dinero<\/div>\n<div dir=\"auto\">Frente de Pueblos en Defensa de la Tierra y el Agua Morelos, Puebla, Tlaxcala<\/div>\n<\/div>\n<\/div>\n<\/div>\n<\/div>\n<\/div>\n<div id=\"jsc_c_14\" class=\"l9j0dhe7\">\n<div class=\"l9j0dhe7\">\n<div><\/div>\n<\/div>\n<\/div>\n<div>\n<div id=\"jsc_c_14\" class=\"l9j0dhe7\">\n<div class=\"stjgntxs ni8dbmo4\">\u00a0<a href=\"https:\/\/radiozapatista.org\/?attachment_id=41231\" rel=\"attachment wp-att-41231\"><img loading=\"lazy\" decoding=\"async\" class=\"alignnone size-medium wp-image-41231\" src=\"https:\/\/radiozapatista.org\/wp-content\/uploads\/2022\/02\/samir_aniversario-200x300.jpg\" alt=\"\" width=\"200\" height=\"300\" srcset=\"https:\/\/radiozapatista.org\/wp-content\/uploads\/2022\/02\/samir_aniversario-200x300.jpg 200w, https:\/\/radiozapatista.org\/wp-content\/uploads\/2022\/02\/samir_aniversario-768x1152.jpg 768w, https:\/\/radiozapatista.org\/wp-content\/uploads\/2022\/02\/samir_aniversario-682x1024.jpg 682w, https:\/\/radiozapatista.org\/wp-content\/uploads\/2022\/02\/samir_aniversario.jpg 853w\" sizes=\"auto, (max-width: 200px) 100vw, 200px\" \/><\/a><\/div>\n<\/div>\n<\/div>\n<div>\n<div class=\"stjgntxs ni8dbmo4 l82x9zwi uo3d90p7 h905i5nu monazrh9\" data-visualcompletion=\"ignore-dynamic\">\n<div>\n<div>\n<div>\n<div class=\"l9j0dhe7\">\n<div class=\"bp9cbjyn m9osqain j83agx80 jq4qci2q bkfpd7mw a3bd9o3v kvgmc6g5 wkznzc2l oygrvhab dhix69tm jktsbyx5 rz4wbd8a osnr6wyh a8nywdso s1tcr66n\">\n<div class=\"bp9cbjyn j83agx80 buofh1pr ni8dbmo4 stjgntxs\"><\/div>\n<\/div>\n<\/div>\n<\/div>\n<\/div>\n<\/div>\n<\/div>\n<\/div>\n<div class=\"\"><\/div>\n<div class=\"kb5gq1qc pfnyh3mw c0wkt4kp\"><\/div>\n<div class=\"bp9cbjyn j83agx80 pfnyh3mw p1ueia1e\">\n<div class=\"gtad4xkn\"><\/div>\n<div class=\"gtad4xkn\"><\/div>\n<\/div>\n<p><\/p>","protected":false},"excerpt":{"rendered":"<p>El tercer aniversario del asesinato de nuestro compa\u00f1ero Samir Flores Soberanes est\u00e1 enmarcado en una serie de agresiones, violencias y asesinatos hacia integrantes de los pueblos y periodistas en el descaro de un #narcoEstado. Este a\u00f1o inici\u00f3 con una serie de publicaciones en la prensa y en redes sociales de la vinculaci\u00f3n del gobernador de [&hellip;]<\/p>\n","protected":false},"author":21,"featured_media":41232,"comment_status":"open","ping_status":"closed","sticky":false,"template":"","format":"standard","meta":{"footnotes":""},"categories":[957,51,826,958,954,935],"tags":[79,58,53,567,147,23,545,87,148,27,483],"class_list":["post-41230","post","type-post","status-publish","format-standard","has-post-thumbnail","hentry","category-autonomia","category-autor","category-medios-libres-2","category-megaproyectos","category-mexico","category-temas","tag-autonomia","tag-derechos-humanos","tag-justicia","tag-megaproyectos","tag-militarizacion","tag-paramilitares","tag-pueblos-indigenas","tag-represion","tag-resistencia","tag-solidaridad","tag-tierra-y-territorio"],"_links":{"self":[{"href":"https:\/\/radiozapatista.org\/index.php?rest_route=\/wp\/v2\/posts\/41230","targetHints":{"allow":["GET"]}}],"collection":[{"href":"https:\/\/radiozapatista.org\/index.php?rest_route=\/wp\/v2\/posts"}],"about":[{"href":"https:\/\/radiozapatista.org\/index.php?rest_route=\/wp\/v2\/types\/post"}],"author":[{"embeddable":true,"href":"https:\/\/radiozapatista.org\/index.php?rest_route=\/wp\/v2\/users\/21"}],"replies":[{"embeddable":true,"href":"https:\/\/radiozapatista.org\/index.php?rest_route=%2Fwp%2Fv2%2Fcomments&post=41230"}],"version-history":[{"count":1,"href":"https:\/\/radiozapatista.org\/index.php?rest_route=\/wp\/v2\/posts\/41230\/revisions"}],"predecessor-version":[{"id":41233,"href":"https:\/\/radiozapatista.org\/index.php?rest_route=\/wp\/v2\/posts\/41230\/revisions\/41233"}],"wp:featuredmedia":[{"embeddable":true,"href":"https:\/\/radiozapatista.org\/index.php?rest_route=\/wp\/v2\/media\/41232"}],"wp:attachment":[{"href":"https:\/\/radiozapatista.org\/index.php?rest_route=%2Fwp%2Fv2%2Fmedia&parent=41230"}],"wp:term":[{"taxonomy":"category","embeddable":true,"href":"https:\/\/radiozapatista.org\/index.php?rest_route=%2Fwp%2Fv2%2Fcategories&post=41230"},{"taxonomy":"post_tag","embeddable":true,"href":"https:\/\/radiozapatista.org\/index.php?rest_route=%2Fwp%2Fv2%2Ftags&post=41230"}],"curies":[{"name":"wp","href":"https:\/\/api.w.org\/{rel}","templated":true}]}}