{"id":4116,"date":"2011-09-06T21:34:28","date_gmt":"2011-09-07T02:34:28","guid":{"rendered":"https:\/\/radiozapatista.org\/?p=4116"},"modified":"2011-09-06T21:34:28","modified_gmt":"2011-09-07T02:34:28","slug":"urgente-escuela-alfredo-nava-sahagun-lomas-del-poleo","status":"publish","type":"post","link":"https:\/\/radiozapatista.org\/?p=4116","title":{"rendered":"URGENTE &#8211; Escuela Alfredo Nava Sahag\u00fan &#8211; Lomas del Poleo"},"content":{"rendered":"<p><img loading=\"lazy\" decoding=\"async\" class=\"aligncenter size-medium wp-image-4117\" title=\"DSC02175\" src=\"https:\/\/radiozapatista.org\/wp-content\/uploads\/2011\/09\/DSC02175-300x200.jpg\" alt=\"\" width=\"300\" height=\"200\" srcset=\"https:\/\/radiozapatista.org\/wp-content\/uploads\/2011\/09\/DSC02175-300x200.jpg 300w, https:\/\/radiozapatista.org\/wp-content\/uploads\/2011\/09\/DSC02175-350x234.jpg 350w, https:\/\/radiozapatista.org\/wp-content\/uploads\/2011\/09\/DSC02175-768x512.jpg 768w, https:\/\/radiozapatista.org\/wp-content\/uploads\/2011\/09\/DSC02175-1024x683.jpg 1024w, https:\/\/radiozapatista.org\/wp-content\/uploads\/2011\/09\/DSC02175.jpg 1229w\" sizes=\"auto, (max-width: 300px) 100vw, 300px\" \/><\/p>\n<p>Por segundo d\u00eda consecutivo  alumnos y padres de familia de la escuela Primaria Alfredo Nava Sahag\u00fan, en Ciudad Ju\u00e1rez, Chihuahua, se manifestaron frente a las oficinas de la Secretar\u00eda de Educaci\u00f3n  Publica en esta ciudad para exigir maestros para su  escuela.<\/p>\n<p>De  acuerdo con Jos\u00e9 Espino, desde hace dos semanas la Subsecretaria de  educaci\u00f3n Publica a cargo de Javier Gonz\u00e1lez Mochen se ha negado a  mandar un maestro, revisar las condiciones f\u00edsicas del inmueble y dotar  de recursos al escuela que permanece pr\u00e1cticamente olvidada por las  autoridades de educaci\u00f3n.<\/p>\n<p>La escuela Primaria Alfredo Nava Sahag\u00f9n se ubica en la colonia Lomas del Poleo, en terrenos  que desde hace siete a\u00f1os ha tratado de despojar Pedro Zaragoza Fuentes a los colonos del lugar.<\/p>\n<p>Desde  hace m\u00e1s de tres a\u00f1os, empleados de ese empresario abrieron una zanja  de dos metros de largo por dos de profundidad para obstaculizar el paso  de los alumnos al plantel, seg\u00fan denunciaron padres de familia hoy ante  la SEP.<\/p>\n<p>De  hecho la escuela  Alfredo Nava Sahag\u00f9n es el \u00fanico centro escolar de la ciudad que  permanece atr\u00e1s de un cerco de alambre de p\u00faas y postes de concreto,  despu\u00e9s de que la familia Zaragoza Fuentes encerr\u00f3 a los habitantes de  ese lugar para presionarlos a entregar sus tierras.<\/p>\n<p>Al  no mandar a un maestro para atender las necesidades escolares de por lo  menos doce alumnos, la subsecretaria de Educaci\u00f3n P\u00fablica del Estado,  encabezada por Gonzalez Mochen, un pol\u00edtico de extracci\u00f3n pri\u00ecsta, se  estar\u00eda haciendo c\u00f3mplice en el cierre de ese plantel, cuya existencia  constituye un s\u00edmbolo de lucha de una comunidad de escasas familias que  contin\u00faan decididos a seguir peleando por su tierra y por la  educaci\u00f3n de sus hijos en la escuela que ellos mismos construyeron hace  m\u00e1s de 20 a\u00f1os, dijeron los colonos.<\/p>\n<p>Seg\u00fan  padres de familia, que hasta el medio d\u00eda de hoy permanec\u00edan plantados a  las puertas de la Direcci\u00f3n de Educaci\u00f3n P\u00fablica en el Estado, su  decisi\u00f3n es quedarse en ese lugar donde los ni\u00f1os de la escuela han  empezado ha tomar clases postrados en el suelo en se\u00f1al de protesta.<\/p>\n<p>Hoy  los colonos de Lomas del Poleo lanzaron un llamado a la sociedad civil  para que se solidarice con su lucha. Pedimos a todos los ciudadanos  conscientes de Ju\u00e1rez, Chihuahua y M\u00e9xico se solidaricen con nosotros y  nos acompa\u00f1en en las protestas que seguiremos haciendo frente a la  Secretar\u00eda de Educaci\u00f3n P\u00fablica del Estado.<\/p>\n<p><a rel=\"nofollow\" href=\"https:\/\/www.facebook.com\/media\/set\/?set=a.245429048825977.51204.100000766523721\" target=\"_blank\">https:\/\/www.facebook.com\/media\/set\/?set=a.245429048825977.51204.100000766523721<\/a><\/p>\n<p><a rel=\"nofollow\" href=\"https:\/\/www.facebook.com\/media\/set\/?set=a.245426502159565.51203.100000766523721&amp;type=1\" target=\"_blank\">https:\/\/www.facebook.com\/media\/set\/?set=a.245426502159565.51203.100000766523721&amp;type=1<\/a><\/p>","protected":false},"excerpt":{"rendered":"<p>Por segundo d\u00eda consecutivo alumnos y padres de familia de la escuela Primaria Alfredo Nava Sahag\u00fan, en Ciudad Ju\u00e1rez, Chihuahua, se manifestaron frente a las oficinas de la Secretar\u00eda de Educaci\u00f3n Publica en esta ciudad para exigir maestros para su escuela. De acuerdo con Jos\u00e9 Espino, desde hace dos semanas la Subsecretaria de educaci\u00f3n Publica [&hellip;]<\/p>\n","protected":false},"author":1,"featured_media":0,"comment_status":"open","ping_status":"open","sticky":false,"template":"","format":"standard","meta":{"footnotes":""},"categories":[183],"tags":[120,124,119],"class_list":["post-4116","post","type-post","status-publish","format-standard","hentry","category-blog","tag-chihuahua","tag-ciudad-juarez","tag-lomas-del-poleo"],"_links":{"self":[{"href":"https:\/\/radiozapatista.org\/index.php?rest_route=\/wp\/v2\/posts\/4116","targetHints":{"allow":["GET"]}}],"collection":[{"href":"https:\/\/radiozapatista.org\/index.php?rest_route=\/wp\/v2\/posts"}],"about":[{"href":"https:\/\/radiozapatista.org\/index.php?rest_route=\/wp\/v2\/types\/post"}],"author":[{"embeddable":true,"href":"https:\/\/radiozapatista.org\/index.php?rest_route=\/wp\/v2\/users\/1"}],"replies":[{"embeddable":true,"href":"https:\/\/radiozapatista.org\/index.php?rest_route=%2Fwp%2Fv2%2Fcomments&post=4116"}],"version-history":[{"count":0,"href":"https:\/\/radiozapatista.org\/index.php?rest_route=\/wp\/v2\/posts\/4116\/revisions"}],"wp:attachment":[{"href":"https:\/\/radiozapatista.org\/index.php?rest_route=%2Fwp%2Fv2%2Fmedia&parent=4116"}],"wp:term":[{"taxonomy":"category","embeddable":true,"href":"https:\/\/radiozapatista.org\/index.php?rest_route=%2Fwp%2Fv2%2Fcategories&post=4116"},{"taxonomy":"post_tag","embeddable":true,"href":"https:\/\/radiozapatista.org\/index.php?rest_route=%2Fwp%2Fv2%2Ftags&post=4116"}],"curies":[{"name":"wp","href":"https:\/\/api.w.org\/{rel}","templated":true}]}}