{"id":41118,"date":"2022-02-11T18:27:11","date_gmt":"2022-02-12T00:27:11","guid":{"rendered":"https:\/\/radiozapatista.org\/?p=41118"},"modified":"2022-02-11T18:27:11","modified_gmt":"2022-02-12T00:27:11","slug":"sin-registro-en-mexico-de-migrantes-desaparecidos","status":"publish","type":"post","link":"https:\/\/radiozapatista.org\/?p=41118","title":{"rendered":"Sin registro en M\u00e9xico de migrantes desaparecidos"},"content":{"rendered":"<p>Por Jeny Pascacio<\/p>\n<div class=\"tdb-block-inner td-fix-index\">\n<p>A pesar de ser considerado uno de los principales pa\u00edses de origen, tr\u00e1nsito y destino de miles de personas en movilidad humana, M\u00e9xico carece de mecanismos y estrategias encaminadas a prevenir, investigar, sancionar y reparar las desapariciones, ejecuciones y masacres de personas migrantes.<\/p>\n<p>De acuerdo al informe de la Fundaci\u00f3n para la Justicia, realizado para el Comit\u00e9 de las Naciones Unidos contra la Desaparici\u00f3n Forzada (CED), a pesar de las recomendaciones de organismos internacionales, no existe un conteo de personas en movilidad humana desaparecidas en M\u00e9xico.<\/p>\n<p>El CED tiene registro de 95 mil personas desaparecidas o no localizadas y m\u00e1s de 52 mil personas fallecidas pendientes de identificaci\u00f3n, pero se desconoce el n\u00famero real de personas migrantes que se encuentran dentro de estas cifras.<\/p>\n<p>El Equipo Argentino de Antropolog\u00eda Forense (EAAF) tiene registro de 1,421 casos, mientras organizaciones que documentan desapariciones y apoyan a familias en la b\u00fasqueda, como Movimiento Migrante Mesoamericano, considera que se trata de una cifra superior a los 80 mil migrantes desaparecidos a la fecha.<\/p>\n<p>La Fundaci\u00f3n para la Justicia se\u00f1ala la falta de mecanismos que incentiven la presentaci\u00f3n de denuncias o reportes de desaparici\u00f3n de personas migrantes; pues en muchos casos no reportan la desaparici\u00f3n de sus acompa\u00f1antes de viaje o familiares, por temor a ser deportadas o porque desconocen los mecanismos para hacerlo.<\/p>\n<p>\u201cLas personas migrantes en situaci\u00f3n irregular caen en el anonimato y se vuelven \u2018invisibles\u2019 para las autoridades, lo cual fomenta la existencia de un subregistro importante de desapariciones, ejecuciones y otras violaciones graves a sus derechos humanos\u201d, sostiene la Fundaci\u00f3n para la Justicia en un informe.<\/p>\n<p>A cuatro a\u00f1os de la <em>Ley General en materia de Desaparici\u00f3n Forzada de Personas, Desaparici\u00f3n Cometida por Particulares y del Sistema Nacional de B\u00fasqueda de Personas<\/em> no existen mecanismos para la b\u00fasqueda de personas migrantes.<\/p>\n<figure class=\"wp-block-image alignwide size-large\"><a class=\"td-modal-image\" href=\"data:image\/gif;base64,R0lGODlhAQABAAAAACH5BAEKAAEALAAAAAABAAEAAAICTAEAOw==\"><img loading=\"lazy\" decoding=\"async\" class=\"wp-image-48503 td-animation-stack-type0-2 lazyloaded\" src=\"https:\/\/avispa.org\/wp-content\/uploads\/2022\/02\/5bce7f41-e213-4bc9-a6ef-84943eb229a5-e1644597050596-768x1024.jpg\" sizes=\"auto, (max-width: 768px) 100vw, 768px\" srcset=\"https:\/\/avispa.org\/wp-content\/uploads\/2022\/02\/5bce7f41-e213-4bc9-a6ef-84943eb229a5-e1644597050596-768x1024.jpg 768w, https:\/\/avispa.org\/wp-content\/uploads\/2022\/02\/5bce7f41-e213-4bc9-a6ef-84943eb229a5-e1644597050596-225x300.jpg 225w, https:\/\/avispa.org\/wp-content\/uploads\/2022\/02\/5bce7f41-e213-4bc9-a6ef-84943eb229a5-e1644597050596-696x928.jpg 696w, https:\/\/avispa.org\/wp-content\/uploads\/2022\/02\/5bce7f41-e213-4bc9-a6ef-84943eb229a5-e1644597050596-315x420.jpg 315w, https:\/\/avispa.org\/wp-content\/uploads\/2022\/02\/5bce7f41-e213-4bc9-a6ef-84943eb229a5-e1644597050596.jpg 960w\" alt=\"\" width=\"768\" height=\"1024\" data-srcset=\"https:\/\/avispa.org\/wp-content\/uploads\/2022\/02\/5bce7f41-e213-4bc9-a6ef-84943eb229a5-e1644597050596-768x1024.jpg 768w, https:\/\/avispa.org\/wp-content\/uploads\/2022\/02\/5bce7f41-e213-4bc9-a6ef-84943eb229a5-e1644597050596-225x300.jpg 225w, https:\/\/avispa.org\/wp-content\/uploads\/2022\/02\/5bce7f41-e213-4bc9-a6ef-84943eb229a5-e1644597050596-696x928.jpg 696w, https:\/\/avispa.org\/wp-content\/uploads\/2022\/02\/5bce7f41-e213-4bc9-a6ef-84943eb229a5-e1644597050596-315x420.jpg 315w, https:\/\/avispa.org\/wp-content\/uploads\/2022\/02\/5bce7f41-e213-4bc9-a6ef-84943eb229a5-e1644597050596.jpg 960w\" data-src=\"https:\/\/avispa.org\/wp-content\/uploads\/2022\/02\/5bce7f41-e213-4bc9-a6ef-84943eb229a5-e1644597050596-768x1024.jpg\" data-sizes=\"(max-width: 768px) 100vw, 768px\" \/><\/a><figcaption>Foto: Jeny Pascacio<\/figcaption><\/figure>\n<p>\u201cRecientemente se public\u00f3 el Protocolo Homologado de B\u00fasqueda, que contempla la conformaci\u00f3n de un Grupo de Trabajo interinstitucional Especializado en la B\u00fasqueda de Personas Migrantes Extranjeras, pero no tenemos conocimiento de que \u00e9ste se haya conformado o puesto en marcha\u201d, dice el estudio de la Fundaci\u00f3n.<\/p>\n<p>De acuerdo a la Unidad de Pol\u00edtica Migratoria, en 2021 se registraron 705 delitos cometidos contra personas en movilidad humana, entre ellos 200 menores de edad.<\/p>\n<p>La incidencia presentada est\u00e1 en el tr\u00e1fico il\u00edcito de migrantes, robo y secuestro con un registro de 39 casos. Las personas que m\u00e1s denunciaron fueron originarios de Guatemala, Honduras, Nicaragua y El Salvador.<\/p>\n<p>Para Rub\u00e9n Figueroa del Movimiento Migrante Mesoamericano, la desaparici\u00f3n es una situaci\u00f3n de emergencia y uno de los temas menos visibles dentro de la migraci\u00f3n. Mientras los comit\u00e9s de b\u00fasqueda documentan hasta 10 casos por d\u00eda en las comunidades de los pa\u00edses del tri\u00e1ngulo del norte.<\/p>\n<p>\u201cNo hay una cifra exacta por lo mismo, porque no hay un mecanismo eficaz\u201d ni institucional. \u201cTenemos una crisis forense en el pa\u00eds, es una realidad\u201d.<\/p>\n<p>Durante los dos a\u00f1os de la pandemia por el COVID-19, la b\u00fasqueda se complic\u00f3 \u201cporque las autoridades dejaron de hacer lo poco que hac\u00edan\u201d, sostiene Figueroa.<\/p>\n<p>El Movimiento Migrante Mesoamericano coordina la caravana de madres en busca de sus hijos migrantes que, por razones del confinamiento, llev\u00f3 sus actividades de manera virtual ante la incertidumbre de las familias que tienen la necesidad de continuar con la b\u00fasqueda de sus hijas e hijos, debido a la omisi\u00f3n de las autoridades mexicanas sobre sus demandas.<\/p>\n<\/div>\n<p><\/p>","protected":false},"excerpt":{"rendered":"<p>Por Jeny Pascacio A pesar de ser considerado uno de los principales pa\u00edses de origen, tr\u00e1nsito y destino de miles de personas en movilidad humana, M\u00e9xico carece de mecanismos y estrategias encaminadas a prevenir, investigar, sancionar y reparar las desapariciones, ejecuciones y masacres de personas migrantes. De acuerdo al informe de la Fundaci\u00f3n para la [&hellip;]<\/p>\n","protected":false},"author":21,"featured_media":41119,"comment_status":"open","ping_status":"closed","sticky":false,"template":"","format":"standard","meta":{"footnotes":""},"categories":[51,1284,826,954,959,961,935],"tags":[917,58,782,53,1305,147,23,545,87,148,27],"class_list":["post-41118","post","type-post","status-publish","format-standard","has-post-thumbnail","hentry","category-autor","category-latinoamerica","category-medios-libres-2","category-mexico","category-migracion","category-mujeres","category-temas","tag-chiapas","tag-derechos-humanos","tag-desplazamiento-forzado","tag-justicia","tag-latinoamerica","tag-militarizacion","tag-paramilitares","tag-pueblos-indigenas","tag-represion","tag-resistencia","tag-solidaridad"],"_links":{"self":[{"href":"https:\/\/radiozapatista.org\/index.php?rest_route=\/wp\/v2\/posts\/41118","targetHints":{"allow":["GET"]}}],"collection":[{"href":"https:\/\/radiozapatista.org\/index.php?rest_route=\/wp\/v2\/posts"}],"about":[{"href":"https:\/\/radiozapatista.org\/index.php?rest_route=\/wp\/v2\/types\/post"}],"author":[{"embeddable":true,"href":"https:\/\/radiozapatista.org\/index.php?rest_route=\/wp\/v2\/users\/21"}],"replies":[{"embeddable":true,"href":"https:\/\/radiozapatista.org\/index.php?rest_route=%2Fwp%2Fv2%2Fcomments&post=41118"}],"version-history":[{"count":1,"href":"https:\/\/radiozapatista.org\/index.php?rest_route=\/wp\/v2\/posts\/41118\/revisions"}],"predecessor-version":[{"id":41120,"href":"https:\/\/radiozapatista.org\/index.php?rest_route=\/wp\/v2\/posts\/41118\/revisions\/41120"}],"wp:featuredmedia":[{"embeddable":true,"href":"https:\/\/radiozapatista.org\/index.php?rest_route=\/wp\/v2\/media\/41119"}],"wp:attachment":[{"href":"https:\/\/radiozapatista.org\/index.php?rest_route=%2Fwp%2Fv2%2Fmedia&parent=41118"}],"wp:term":[{"taxonomy":"category","embeddable":true,"href":"https:\/\/radiozapatista.org\/index.php?rest_route=%2Fwp%2Fv2%2Fcategories&post=41118"},{"taxonomy":"post_tag","embeddable":true,"href":"https:\/\/radiozapatista.org\/index.php?rest_route=%2Fwp%2Fv2%2Ftags&post=41118"}],"curies":[{"name":"wp","href":"https:\/\/api.w.org\/{rel}","templated":true}]}}