{"id":41007,"date":"2022-02-01T10:31:02","date_gmt":"2022-02-01T16:31:02","guid":{"rendered":"https:\/\/radiozapatista.org\/?p=41007"},"modified":"2022-02-01T10:31:02","modified_gmt":"2022-02-01T16:31:02","slug":"comunicado-de-nuestro-companero-marcelino-ruiz-preso-en-lucha-exigiendo-la-libertad-del-companero-fidencio-aldama","status":"publish","type":"post","link":"https:\/\/radiozapatista.org\/?p=41007","title":{"rendered":"Comunicado de nuestro compa\u00f1ero Marcelino Ruiz, preso en lucha, exigiendo la libertad del compa\u00f1ero Fidencio Aldama"},"content":{"rendered":"<p><\/p>\n<p align=\"LEFT\">CERSS No 10 Comit\u00e1n, Chiapas, M\u00e9xico.<\/p>\n<p>31\/1\/2022<\/p>\n<p align=\"LEFT\">COMUNICADO DE PRESOS IND\u00cdGENAS EN LUCHA<\/p>\n<p align=\"LEFT\">Organizaci\u00f3n Vineketik en resistencia. Adherente a la Sexta declaraci\u00f3n de la Selva Lacandona E.Z.L.N<\/p>\n<p align=\"LEFT\">Al Ej\u00e9rcito Zapatista de Liberaci\u00f3n Nacional.<\/p>\n<p align=\"LEFT\">A los y las defensoras de derechos humanos.<\/p>\n<p align=\"LEFT\">A la sexta nacional e internacional.<\/p>\n<p align=\"LEFT\">Al Congreso Nacional Ind\u00edgena.<\/p>\n<p align=\"LEFT\">Al Consejo Ind\u00edgena de Gobierno.<\/p>\n<p align=\"LEFT\">A los medios de comunicaci\u00f3n.<\/p>\n<p align=\"LEFT\">Al Pueblo Creyente.<\/p>\n<p align=\"LEFT\">A la sociedad civil organizada.<\/p>\n<p align=\"LEFT\">Al pueblo de M\u00e9xico y al mundo.<\/p>\n<p align=\"LEFT\">Como presos tzotziles en lucha y como hermanas y hermanos y compa\u00f1eros y compa\u00f1eros del mismo caminar y sentir nos solidarizamos con el compa\u00f1ero Fidencio Aldama para exigir su libertad ya que sabemos que estos 5 a\u00f1os separado de su familia al estar en privado de su libertad pagando un delito prefabricado lo dif\u00edcil que ha sido.<\/p>\n<p align=\"LEFT\">Sabemos lo dif\u00edcil que ha sido para el y su familia pero sepan que siempre los acompa\u00f1aremos con nuestros corazones sabemos que su digna lucha es por la justicia y por la vida por nuestras comunidades y nuestros pueblos ind\u00edgenas.<\/p>\n<p align=\"LEFT\">Es por eso que sepan que su lucha es nuestra lucha y no est\u00e1n solos compartimos sus sentimientos su resistencia, su rebeld\u00eda y su sed de justicia. Somos uno contigo compa\u00f1ero Fidencio, desde estas cuatro paredes de esta prisi\u00f3n te enviamos un saludo combativo.<\/p>\n<p align=\"LEFT\">Con nuestra voz invitamos a las organizaciones independientes y colectivos a seguir tejiendo lazos de justicia y seguir sembrando semillas de dignidad rebeld\u00eda en contra de este sistema corrupto y opresor.<\/p>\n<p align=\"LEFT\">\u00a1Libertad a lxs presxs pol\u00edticxs!<\/p>\n<p align=\"LEFT\">\u00a1Justicia para Samir!<\/p>\n<p align=\"LEFT\">\u00a1Justicia para Sim\u00f3n Pedro!<\/p>\n<p align=\"LEFT\">\u00a1Libertad para Fidencio Aldama!<\/p>\n<p align=\"LEFT\">\u00a1Justicia para todxs lxs oprimidxs!<\/p>\n<p align=\"LEFT\">\n<p align=\"LEFT\">Organizaci\u00f3n Vineketik en resistencia. Adherente a la Sexta declaraci\u00f3n de la Selva Lacandona E.Z.L.N<\/p>\n<p><\/p>","protected":false},"excerpt":{"rendered":"<p>CERSS No 10 Comit\u00e1n, Chiapas, M\u00e9xico. 31\/1\/2022 COMUNICADO DE PRESOS IND\u00cdGENAS EN LUCHA Organizaci\u00f3n Vineketik en resistencia. Adherente a la Sexta declaraci\u00f3n de la Selva Lacandona E.Z.L.N Al Ej\u00e9rcito Zapatista de Liberaci\u00f3n Nacional. A los y las defensoras de derechos humanos. A la sexta nacional e internacional. Al Congreso Nacional Ind\u00edgena. Al Consejo Ind\u00edgena de [&hellip;]<\/p>\n","protected":false},"author":21,"featured_media":41008,"comment_status":"open","ping_status":"closed","sticky":false,"template":"","format":"standard","meta":{"footnotes":""},"categories":[957,51,826,954,962,935],"tags":[512,79,58,53,147,23,37,545,87,148,27],"class_list":["post-41007","post","type-post","status-publish","format-standard","has-post-thumbnail","hentry","category-autonomia","category-autor","category-medios-libres-2","category-mexico","category-presos","category-temas","tag-a-tumbar-las-paredes-del-calabozo","tag-autonomia","tag-derechos-humanos","tag-justicia","tag-militarizacion","tag-paramilitares","tag-presos-politicos","tag-pueblos-indigenas","tag-represion","tag-resistencia","tag-solidaridad"],"_links":{"self":[{"href":"https:\/\/radiozapatista.org\/index.php?rest_route=\/wp\/v2\/posts\/41007","targetHints":{"allow":["GET"]}}],"collection":[{"href":"https:\/\/radiozapatista.org\/index.php?rest_route=\/wp\/v2\/posts"}],"about":[{"href":"https:\/\/radiozapatista.org\/index.php?rest_route=\/wp\/v2\/types\/post"}],"author":[{"embeddable":true,"href":"https:\/\/radiozapatista.org\/index.php?rest_route=\/wp\/v2\/users\/21"}],"replies":[{"embeddable":true,"href":"https:\/\/radiozapatista.org\/index.php?rest_route=%2Fwp%2Fv2%2Fcomments&post=41007"}],"version-history":[{"count":1,"href":"https:\/\/radiozapatista.org\/index.php?rest_route=\/wp\/v2\/posts\/41007\/revisions"}],"predecessor-version":[{"id":41009,"href":"https:\/\/radiozapatista.org\/index.php?rest_route=\/wp\/v2\/posts\/41007\/revisions\/41009"}],"wp:featuredmedia":[{"embeddable":true,"href":"https:\/\/radiozapatista.org\/index.php?rest_route=\/wp\/v2\/media\/41008"}],"wp:attachment":[{"href":"https:\/\/radiozapatista.org\/index.php?rest_route=%2Fwp%2Fv2%2Fmedia&parent=41007"}],"wp:term":[{"taxonomy":"category","embeddable":true,"href":"https:\/\/radiozapatista.org\/index.php?rest_route=%2Fwp%2Fv2%2Fcategories&post=41007"},{"taxonomy":"post_tag","embeddable":true,"href":"https:\/\/radiozapatista.org\/index.php?rest_route=%2Fwp%2Fv2%2Ftags&post=41007"}],"curies":[{"name":"wp","href":"https:\/\/api.w.org\/{rel}","templated":true}]}}