{"id":40982,"date":"2022-01-29T11:47:01","date_gmt":"2022-01-29T17:47:01","guid":{"rendered":"https:\/\/radiozapatista.org\/?p=40982"},"modified":"2022-01-29T19:57:48","modified_gmt":"2022-01-30T01:57:48","slug":"colectivos-de-francia-denuncian-agresiones-contra-zapatistas-en-chiapas-y-reiteran-su-solidaridad-con-la-lucha-por-una-vida-digna-no-estan-solas-su-mensaje-de-apoyo","status":"publish","type":"post","link":"https:\/\/radiozapatista.org\/?p=40982","title":{"rendered":"Colectivos de Francia, denuncian agresiones contra zapatistas en Chiapas y reiteran su solidaridad con la lucha por una vida digna. \u00abNo est\u00e1n solas\u00bb su mensaje de apoyo"},"content":{"rendered":"<p>A :<br \/>\nLic. Andr\u00e9s Manuel L\u00f3pez Obrador. Presidente Constitucional de M\u00e9xico<br \/>\nLic. Adan Augusto L\u00f3pez Hern\u00e1ndez. Secretario de Gobernaci\u00f3n de M\u00e9xico<br \/>\nLic. Alejandro de Jes\u00fas Encinas Rodr\u00edguez. Subsecretar\u00eda de Derechos Humanos,<br \/>\nPoblaci\u00f3n y Migraci\u00f3n<br \/>\nLic. Rosario Piedra Ibarra. Presidente de la Comisi\u00f3n Nacional de Derechos Humanos<br \/>\nLic. Rutilio Escand\u00f3n Cadenas. Gobernador Constitucional del Estado de Chiapas<br \/>\nLic. Victoria Cecilia Flores P\u00e9rez. Secretaria General de Gobierno en Chiapas<br \/>\nLic. Juan Jos\u00e9 Zepeda Berm\u00fadez. Presidente de la Comisi\u00f3n Estatal de Derechos<br \/>\nHumanos.<br \/>\nVia :<br \/>\nRaymond de Las Casas de Saint-Martin, Consul honorario de M\u00e9xico en Toulouse<br \/>\nJuan Manuel G\u00f3mez Robledo, Embajador M\u00e9xico en Francia<\/p>\n<p>Toulouse, suroeste de<br \/>\nFrancia<\/p>\n<p>14 de enero de 2022<\/p>\n<p>Se\u00f1ores y Se\u00f1oras,<\/p>\n<p>Como Red de resistencia y rebeli\u00f3n del suroeste de Francia, y de apoyo a la lucha por la vida de nuestros compas zapatistas, adherentes a la sexta declaraci\u00f3n de la Selva Lacandona, denunciamos las violencias ejercidas contras los pueblos ind\u00edgenas deChiapas con impunidad total, a pesar de varias denuncias documentadas dirigidas a los 3 niveles de gobierno mexicanos.<\/p>\n<p>Nos solidarizamos particularmente con la comunidades de Moises y Gandhi y de Nuevo San Gregorio, dependientes del Consejo de Buen Gobierno Nuevo Amanecer en Resistencia y Rebeld\u00eda por la Vida y la Humanidad, del Caracol10 Floreciendo la Semilla Rebelde.<\/p>\n<p>Desde el verano 2020, la ORCAO, grupo de paramilitares ha llevado a cabo acciones al amparo de las autoridades del municipio de Ocosingo donde gobierna el mal llamado Partido Verde (ap\u00e9ndice del PRI y que le hace el juego sucio a Morena), en donde su principal l\u00edder es funcionario del municipio. Act\u00faan cobijado por el gobernador Rutilio Escand\u00f3n\u00a0 Cadenas a cambio de los votos que le dio el Partido Verde para llegar a la gobernatura de Chiapas.<\/p>\n<p>Entre las acciones que han llevado a cabo y se han denunciado p\u00fablicamente, sin embargo han quedado en total impunidad: el saqueo, robo y quema de la tienda el Arco Iris el 22 de agosto de 2020, ubicada en el crucero Cushulj\u00e1, municipio de Ocosingo.<\/p>\n<p>El d\u00eda 8 de noviembre de 2020 la Junta de Buen Gobierno de Patria Nueva denunci\u00f3 \u201cel secuestro y tortura de un compa\u00f1ero Base de Apoyo Zapatista de la comunidad de San Isidro, anexo de Mois\u00e9s y Gandhi, por parte de la organizaci\u00f3n paramilitar llamada ORCAO.\u201d<\/p>\n<p>El d\u00eda 11 de septiembre de 2021 el grupo paramilitar secuestr\u00f3 a dos integrantes de la Junta de Buen Gobierno a Jos\u00e9 Antonio S\u00e1nchez Ju\u00e1rez y Sebasti\u00e1n N\u00fa\u00f1ez P\u00e9rez, manteni\u00e9ndolos en calidad de desaparecidos hasta el d\u00eda 19 de septiembre.<\/p>\n<p>El 21 de noviembre, una vez m\u00e1s los paramilitares de la ORCAO atacaron con armas de fuego a la comunidad de Mois\u00e9s y Gandhi, e incendiaron la escuela secundaria aut\u00f3noma.<\/p>\n<p>En la misma zona, y desde noviembre de 2019, el poblado de Nuevo San Gregorio sufre la invasi\u00f3n de sus tierras por \u00ab el grupo de los 40 \u00bb, cuyos l\u00edderes han sido identificados y denunciados p\u00fablicamente varias veces.<\/p>\n<p>Hoy en d\u00eda, de sus 155 hect\u00e1reas , s\u00f3lo le queda 7 hect\u00e1reas al pueblo ; sus habitantes resultan reducidos al estado de campesinos sin tierra. A pesar de la denuncia de esos actos por parte de la Junta de Buen Gobierno, via el CDH Fray Bartolom\u00e9 de las Casas, el 2 de diciembre de 2021, el mismo grupo invasor entr\u00f3 los 6 y 7 de diciembre a arar el potrero colectivo de la comunidad, dejando 22 ganados con hambre y errando por la tierra arada.<\/p>\n<p>A cada invasi\u00f3n, l@s habitantes de Nuevo San Gregorio se sienten \u00ab secuestrad@s \u00bb y ya no pueden desplazarse, ni trabajar ni siquiera salir de su casa, sometid@s a la guardia de los agresores apostados en varios lugares estrat\u00e9gicos. Para colmo de la impunidad que reina en Chiapas, existen testimonios e im\u00e1genes de los v\u00ednculos amistosos que entretienen los invasores con la polic\u00eda municipal de Huixt\u00e1n.<\/p>\n<p>\u00bfAs\u00ed que se puede hacerlo todo en Chiapas bajo la mirada de la polic\u00eda o del ej\u00e9rcito ? \u00bfRobar tierras ? \u00bfSecuestrar a la gente ? \u00bfDesplazarla? \u00bfEl concepto de respeto a los derechos humanos ser\u00e1 menos importante que la l\u00f3gica capitalista de la 4T ?<\/p>\n<p>Los invasores de tierras pusieron un precio a las tierras que robaron : 100 000 pesos por hect\u00e1rea, o sea m\u00e1s de 4300 euros, un precio exorbitante en la regi\u00f3n. \u00bf Qui\u00e9n comprar\u00e1 estas tierras robadas ? \u00bf El \u00c9stado o una multinacional de la electricidad que por fin podr\u00e1 construir la presa de agua proyectada hace unos a\u00f1os, cuando la ca\u00f1ada est\u00e9 librada de l@s zapatistas, guardianes de las tierras y protectores de la vida ?<\/p>\n<p>Esta serie de actos de violencia incluido la detenci\u00f3n de ilegal y arbitraria de autoridades aut\u00f3nomas han sido denunciado por las Juntas de Buen Gobierno. Por lo que urgimos al Estado mexicano quien tiene conocimiento pleno de los hechos desde marzo de 2020, a que ponga en marcha acciones tendientes para terminar con las violencias que muchas veces son sostenidas por autoridades comunitarias, municipales y estatales, bajo el respeto total de la tierra y el territorio que pertenece al EZLN en el marco de los Acuerdos de San Andr\u00e9s, la Ley de Concordia y Pacificaci\u00f3n, el Convenio 169 de la OIT, las Declaraci\u00f3n de las Naciones Unidas sobre los derechos de los pueblos ind\u00edgenas y de los Estados Americanos.<\/p>\n<p>El 10 de enero, en esta misma zona del Caracol 10, la comunidad aut\u00f3noma de 16 de Febrero fue atacada por un grupo armado, \u00a1result\u00f3 que una mujer y sus 3 hijos fueron desaparecidos por 24 horas ! Tambi\u00e9n denunciamos estas desapariciones forzadas.<\/p>\n<p>Tambi\u00e9n denunciamos la inacci\u00f3n de los 3 niveles de gobierno ante el clima de guerra y el desplazamiento de miles de personas durante el a\u00f1o 2021 en la regi\u00f3n de Aldama a causa de ataques seguidos de grupos paramilitares (y \u00faltimamente, 49 ataques con arma de fuego los 7,8,9, y 10 de enero de 2022, un muerto, un zapatista herido mientras iba a trabajar a su milpa con su familia), o ante el asesinato de de Simon Pedro P\u00e9rez ex-presidente de la organizaci\u00f3n pacifista de Las Abejas, que sigue en la espera de una verdadera justicia en respuesta a la masacre de Acteal en 1997.<\/p>\n<p>Como lo escribi\u00f3 el Subcomandante Galeano en septiembre de 2021, Chiapas est\u00e1 \u00ab al borde de la guerra civil \u00bb, una situaci\u00f3n creada por el mismo Estado Mexicano :<\/p>\n<p>Desde 1994, su estrategia contra-insurreccional a favorecido la emergencia de grupos paramilitares que act\u00faan en total impunidad. Ha fomentado el desmantelamiento de los ejidos y la divisi\u00f3n de las comunidades cuyos usos y costumbres eran la gesti\u00f3n colectiva tanto de la vida como de las tierras.<\/p>\n<p>Promueve y alienta los grandes proyectos capitalistas como las minas o el Tren Maya que s\u00f3lo pueden concretizarse desplazando comunidades enteras o oblig\u00e1ndolas a romper con sus usos y costumbres.<\/p>\n<p>Crea programas de \u00ab ayuda \u00bb como \u00ab sembrando vida \u00bb que, ellos tambi\u00e9n favorecen tanto la destrucci\u00f3n del modo de vivir de los pueblos ind\u00edgenas y la de las tierras estimulando la monocultura productivista, como la invasi\u00f3n por la fuerza de las tierras por grupos violentos (ayuda otorgada a condici\u00f3n de poseer m\u00e1s de 2,5 hect\u00e1reas).<\/p>\n<p>Denunciamos la violencia hecha a los pueblos ind\u00edgenas y su impunidad. Y urgimos a que los responsables institucionales act\u00faen como en un Estado de derechos, en el respeto de la vida y de los derechos de los pueblos. Ya es tiempo que los 3 niveles de gobierno act\u00faen para que pare la violencia cada vez mayor en Chiapas.<\/p>\n<p>Nosotr@s seguiremos apoyando la organizaci\u00f3n, la autonom\u00eda y la resistencia de las comunidades zapatistas por todos los medios posibles, porque l@s zapatistas luchan por la vida, por la protecci\u00f3n de la tierra, y por ende por la de la humanidad.<\/p>\n<p>Coordinaci\u00f3n del suroeste de Francias de los colectivos de apoyo a l@s zapatistas<br \/>\nColectivo intercerros de las dos orillas del r\u00edo Aveyron, Tarn- Tarn et Garonne<br \/>\nColectivo Elaff, Tarn<br \/>\nColectivo Zapater\u00eda, Toulouse<br \/>\nColectivo Sebag, Aveyron<br \/>\nCazsa, Aveyron<br \/>\nColectivo Chiapas Ari\u00e8ge<br \/>\nCofirmantes :<br \/>\nAsociaci\u00f3n Americasol, Red Escargot, Tarn<br \/>\nAsociaci\u00f3n Mut Vitz31, Red Escargot, Haute Garonne<br \/>\nAsociaci\u00f3n Chiapas Sol, Red Escargot, Aveyron<br \/>\nAsociaci\u00f3n Caf\u00e9 Kapel, Red Escargot, Finisterre<br \/>\nForo C\u00edvico Europeo<br \/>\nMovimiento de las Cooperativas Europeas Longo Ma\u00ef<br \/>\nCoordinaci\u00f3n del suroeste de Francias de los colectivos de apoyo a l@s zapatistas<br \/>\nLongo Ma\u00ef, Alpes de Haute Provence<br \/>\nLe jaguar phoc\u00e9en, Bouches du Rh\u00f4ne<br \/>\nAsociaci\u00f3n Mut Vitz13, Bouches du Rh\u00f4ne<br \/>\nCH03, Bouches du Rh\u00f4ne<br \/>\nAsociaci\u00f3n Caf\u00e9 Z, B\u00e9lgica<br \/>\nAsociaci\u00f3n Casa Nicaragua, B\u00e9lgica<br \/>\nZapatisten Lagunak, Pa\u00eds Vasco<br \/>\nMujeres y disidencia de la Sexta en la otra Europa et en Abya Yala, Red de Resistencia y<br \/>\nde rebeli\u00f3n.<\/p>","protected":false},"excerpt":{"rendered":"<p>A : Lic. Andr\u00e9s Manuel L\u00f3pez Obrador. Presidente Constitucional de M\u00e9xico Lic. Adan Augusto L\u00f3pez Hern\u00e1ndez. Secretario de Gobernaci\u00f3n de M\u00e9xico Lic. Alejandro de Jes\u00fas Encinas Rodr\u00edguez. Subsecretar\u00eda de Derechos Humanos, Poblaci\u00f3n y Migraci\u00f3n Lic. Rosario Piedra Ibarra. Presidente de la Comisi\u00f3n Nacional de Derechos Humanos Lic. Rutilio Escand\u00f3n Cadenas. Gobernador Constitucional del Estado de [&hellip;]<\/p>\n","protected":false},"author":21,"featured_media":40983,"comment_status":"open","ping_status":"closed","sticky":false,"template":"","format":"standard","meta":{"footnotes":""},"categories":[957,51,6,954,196,935],"tags":[79,917,36,58,926,53,147,23,545,87,148,27,483],"class_list":["post-40982","post","type-post","status-publish","format-standard","has-post-thumbnail","hentry","category-autonomia","category-autor","category-chiapas","category-mexico","category-radio-pozol","category-temas","tag-autonomia","tag-chiapas","tag-comunidades-zapatistas","tag-derechos-humanos","tag-ezln","tag-justicia","tag-militarizacion","tag-paramilitares","tag-pueblos-indigenas","tag-represion","tag-resistencia","tag-solidaridad","tag-tierra-y-territorio"],"_links":{"self":[{"href":"https:\/\/radiozapatista.org\/index.php?rest_route=\/wp\/v2\/posts\/40982","targetHints":{"allow":["GET"]}}],"collection":[{"href":"https:\/\/radiozapatista.org\/index.php?rest_route=\/wp\/v2\/posts"}],"about":[{"href":"https:\/\/radiozapatista.org\/index.php?rest_route=\/wp\/v2\/types\/post"}],"author":[{"embeddable":true,"href":"https:\/\/radiozapatista.org\/index.php?rest_route=\/wp\/v2\/users\/21"}],"replies":[{"embeddable":true,"href":"https:\/\/radiozapatista.org\/index.php?rest_route=%2Fwp%2Fv2%2Fcomments&post=40982"}],"version-history":[{"count":3,"href":"https:\/\/radiozapatista.org\/index.php?rest_route=\/wp\/v2\/posts\/40982\/revisions"}],"predecessor-version":[{"id":40986,"href":"https:\/\/radiozapatista.org\/index.php?rest_route=\/wp\/v2\/posts\/40982\/revisions\/40986"}],"wp:featuredmedia":[{"embeddable":true,"href":"https:\/\/radiozapatista.org\/index.php?rest_route=\/wp\/v2\/media\/40983"}],"wp:attachment":[{"href":"https:\/\/radiozapatista.org\/index.php?rest_route=%2Fwp%2Fv2%2Fmedia&parent=40982"}],"wp:term":[{"taxonomy":"category","embeddable":true,"href":"https:\/\/radiozapatista.org\/index.php?rest_route=%2Fwp%2Fv2%2Fcategories&post=40982"},{"taxonomy":"post_tag","embeddable":true,"href":"https:\/\/radiozapatista.org\/index.php?rest_route=%2Fwp%2Fv2%2Ftags&post=40982"}],"curies":[{"name":"wp","href":"https:\/\/api.w.org\/{rel}","templated":true}]}}