{"id":40976,"date":"2022-01-28T19:21:04","date_gmt":"2022-01-29T01:21:04","guid":{"rendered":"https:\/\/radiozapatista.org\/?p=40976"},"modified":"2022-01-28T19:21:04","modified_gmt":"2022-01-29T01:21:04","slug":"temuco-comunidades-mapuche-se-manifestaron-en-repudio-a-nuevo-proyecto-hidrico-de-juan-sutil","status":"publish","type":"post","link":"https:\/\/radiozapatista.org\/?p=40976","title":{"rendered":"Temuco: Comunidades mapuche se manifestaron en repudio a nuevo proyecto h\u00eddrico de Juan Sutil"},"content":{"rendered":"<p><\/p>\n<header class=\"entry-header\">\n<div class=\"entry-thumbnail\"><img loading=\"lazy\" decoding=\"async\" class=\"attachment-penscratch-2-featured size-penscratch-2-featured wp-post-image\" src=\"https:\/\/lazarzamoracolectivalesbofem.files.wordpress.com\/2022\/01\/png_20220128_145442_0000.png?w=656&amp;h=300&amp;crop=1\" sizes=\"auto, (max-width: 656px) 100vw, 656px\" srcset=\"https:\/\/lazarzamoracolectivalesbofem.files.wordpress.com\/2022\/01\/png_20220128_145442_0000.png?w=656&amp;h=300&amp;crop=1 656w, https:\/\/lazarzamoracolectivalesbofem.files.wordpress.com\/2022\/01\/png_20220128_145442_0000.png?w=1312&amp;h=600&amp;crop=1 1312w, https:\/\/lazarzamoracolectivalesbofem.files.wordpress.com\/2022\/01\/png_20220128_145442_0000.png?w=150&amp;h=69&amp;crop=1 150w, https:\/\/lazarzamoracolectivalesbofem.files.wordpress.com\/2022\/01\/png_20220128_145442_0000.png?w=300&amp;h=137&amp;crop=1 300w, https:\/\/lazarzamoracolectivalesbofem.files.wordpress.com\/2022\/01\/png_20220128_145442_0000.png?w=768&amp;h=351&amp;crop=1 768w, https:\/\/lazarzamoracolectivalesbofem.files.wordpress.com\/2022\/01\/png_20220128_145442_0000.png?w=1024&amp;h=468&amp;crop=1 1024w\" alt=\"\" width=\"656\" height=\"300\" data-attachment-id=\"8675\" data-permalink=\"https:\/\/lazarzamoracolectivalesbofem.wordpress.com\/2022\/01\/28\/temuco-comunidades-mapuche-se-manifestaron-en-repudio-a-nuevo-proyecto-hidrico-de-juan-sutil\/png_20220128_145442_0000\/\" data-orig-file=\"https:\/\/lazarzamoracolectivalesbofem.files.wordpress.com\/2022\/01\/png_20220128_145442_0000.png\" data-orig-size=\"2240,1260\" data-comments-opened=\"1\" data-image-meta=\"{&quot;aperture&quot;:&quot;0&quot;,&quot;credit&quot;:&quot;&quot;,&quot;camera&quot;:&quot;&quot;,&quot;caption&quot;:&quot;&quot;,&quot;created_timestamp&quot;:&quot;0&quot;,&quot;copyright&quot;:&quot;&quot;,&quot;focal_length&quot;:&quot;0&quot;,&quot;iso&quot;:&quot;0&quot;,&quot;shutter_speed&quot;:&quot;0&quot;,&quot;title&quot;:&quot;&quot;,&quot;orientation&quot;:&quot;0&quot;}\" data-image-title=\"png_20220128_145442_0000\" data-image-description=\"\" data-image-caption=\"\" data-medium-file=\"https:\/\/lazarzamoracolectivalesbofem.files.wordpress.com\/2022\/01\/png_20220128_145442_0000.png?w=300\" data-large-file=\"https:\/\/lazarzamoracolectivalesbofem.files.wordpress.com\/2022\/01\/png_20220128_145442_0000.png?w=656\" \/><\/div>\n<div class=\"entry-meta\"><span class=\"posted-on\"><a href=\"https:\/\/lazarzamoracolectivalesbofem.wordpress.com\/2022\/01\/28\/temuco-comunidades-mapuche-se-manifestaron-en-repudio-a-nuevo-proyecto-hidrico-de-juan-sutil\/\" rel=\"bookmark\"><time class=\"entry-date published\" datetime=\"2022-01-28T15:17:32-03:00\">enero 28, 2022<\/time><\/a><\/span><span class=\"byline\"><span class=\"author vcard\"><span class=\"sep\"> ~ <\/span><a class=\"url fn n\" href=\"https:\/\/lazarzamoracolectivalesbofem.wordpress.com\/author\/colectivalazarzamora\/\">colectivalazarzamora<\/a><\/span><\/span><\/div>\n<\/header>\n<div class=\"entry-content\">\n<p><em>Por: La Zarzamora<\/em><\/p>\n<blockquote class=\"wp-block-quote has-text-align-right\"><p><em>\u00abEstamos en desacuerdo. No estamos contentos como lo se\u00f1alo Juan Sutil, las comunidades se van a comenzar a organizar para rechazar la instalacion de cualquier proyecto que vaya a afectar nuestra Itxofil Monguen y sobre todo en este periodo en que estamos en escaces h\u00eddrica\u00bb<\/em><\/p>\n<p><cite>Lonko Cristina Painemal<\/cite><\/p><\/blockquote>\n<p>Durante la ma\u00f1ana de este viernes 28 de enero, las comunidades que ser\u00edan afectadas con el proyecto h\u00eddrico que pretende emplazar el empresario Juan Sutil en r\u00edo Chochol, marcharon hacia Temuco para manifestar su absoluto rechazo al que calificaron \u00abcomo mega proyecto frut\u00edcola extractivista\u00bb que comprender\u00eda 3 embalses de gran magnitud en Galvarino y Cholchol, da\u00f1ando tambi\u00e9n los territorios de Lumaco, Traig\u00e9n , Carahue, Nueva Imperial y Puerto Saavedra.<\/p>\n<figure class=\"wp-block-gallery has-nested-images columns-default is-cropped\" data-carousel-extra=\"{&quot;blog_id&quot;:144896026,&quot;permalink&quot;:&quot;https:\\\/\\\/lazarzamoracolectivalesbofem.wordpress.com\\\/2022\\\/01\\\/28\\\/temuco-comunidades-mapuche-se-manifestaron-en-repudio-a-nuevo-proyecto-hidrico-de-juan-sutil\\\/&quot;}\">\n<figure class=\"wp-block-image\"><img decoding=\"async\" class=\"wp-image-8680\" src=\"https:\/\/lazarzamoracolectivalesbofem.files.wordpress.com\/2022\/01\/fb_img_16433842715468491302500503798430.jpg\" alt=\"\" data-attachment-id=\"8680\" data-permalink=\"https:\/\/lazarzamoracolectivalesbofem.wordpress.com\/2022\/01\/28\/temuco-comunidades-mapuche-se-manifestaron-en-repudio-a-nuevo-proyecto-hidrico-de-juan-sutil\/fb_img_16433842715468491302500503798430\/\" data-orig-file=\"https:\/\/lazarzamoracolectivalesbofem.files.wordpress.com\/2022\/01\/fb_img_16433842715468491302500503798430.jpg\" data-orig-size=\"1080,773\" data-comments-opened=\"1\" data-image-meta=\"{&quot;aperture&quot;:&quot;0&quot;,&quot;credit&quot;:&quot;&quot;,&quot;camera&quot;:&quot;&quot;,&quot;caption&quot;:&quot;&quot;,&quot;created_timestamp&quot;:&quot;0&quot;,&quot;copyright&quot;:&quot;&quot;,&quot;focal_length&quot;:&quot;0&quot;,&quot;iso&quot;:&quot;0&quot;,&quot;shutter_speed&quot;:&quot;0&quot;,&quot;title&quot;:&quot;&quot;,&quot;orientation&quot;:&quot;0&quot;}\" data-image-title=\"fb_img_16433842715468491302500503798430\" data-image-description=\"\" data-image-caption=\"\" data-medium-file=\"https:\/\/lazarzamoracolectivalesbofem.files.wordpress.com\/2022\/01\/fb_img_16433842715468491302500503798430.jpg?w=300\" data-large-file=\"https:\/\/lazarzamoracolectivalesbofem.files.wordpress.com\/2022\/01\/fb_img_16433842715468491302500503798430.jpg?w=656\" data-id=\"8680\" \/><\/figure>\n<figure class=\"wp-block-image\"><img decoding=\"async\" class=\"wp-image-8681\" src=\"https:\/\/lazarzamoracolectivalesbofem.files.wordpress.com\/2022\/01\/fb_img_16433843210668920740340522783384.jpg\" alt=\"\" data-attachment-id=\"8681\" data-permalink=\"https:\/\/lazarzamoracolectivalesbofem.wordpress.com\/2022\/01\/28\/temuco-comunidades-mapuche-se-manifestaron-en-repudio-a-nuevo-proyecto-hidrico-de-juan-sutil\/fb_img_16433843210668920740340522783384\/\" data-orig-file=\"https:\/\/lazarzamoracolectivalesbofem.files.wordpress.com\/2022\/01\/fb_img_16433843210668920740340522783384.jpg\" data-orig-size=\"1080,565\" data-comments-opened=\"1\" data-image-meta=\"{&quot;aperture&quot;:&quot;0&quot;,&quot;credit&quot;:&quot;&quot;,&quot;camera&quot;:&quot;&quot;,&quot;caption&quot;:&quot;&quot;,&quot;created_timestamp&quot;:&quot;0&quot;,&quot;copyright&quot;:&quot;&quot;,&quot;focal_length&quot;:&quot;0&quot;,&quot;iso&quot;:&quot;0&quot;,&quot;shutter_speed&quot;:&quot;0&quot;,&quot;title&quot;:&quot;&quot;,&quot;orientation&quot;:&quot;0&quot;}\" data-image-title=\"fb_img_16433843210668920740340522783384\" data-image-description=\"\" data-image-caption=\"\" data-medium-file=\"https:\/\/lazarzamoracolectivalesbofem.files.wordpress.com\/2022\/01\/fb_img_16433843210668920740340522783384.jpg?w=300\" data-large-file=\"https:\/\/lazarzamoracolectivalesbofem.files.wordpress.com\/2022\/01\/fb_img_16433843210668920740340522783384.jpg?w=656\" data-id=\"8681\" \/><\/figure>\n<figure class=\"wp-block-image\"><img decoding=\"async\" class=\"wp-image-8683\" src=\"https:\/\/lazarzamoracolectivalesbofem.files.wordpress.com\/2022\/01\/fb_img_16433843025966302453769678568318.jpg\" alt=\"\" data-attachment-id=\"8683\" data-permalink=\"https:\/\/lazarzamoracolectivalesbofem.wordpress.com\/2022\/01\/28\/temuco-comunidades-mapuche-se-manifestaron-en-repudio-a-nuevo-proyecto-hidrico-de-juan-sutil\/fb_img_16433843025966302453769678568318\/\" data-orig-file=\"https:\/\/lazarzamoracolectivalesbofem.files.wordpress.com\/2022\/01\/fb_img_16433843025966302453769678568318.jpg\" data-orig-size=\"1080,564\" data-comments-opened=\"1\" data-image-meta=\"{&quot;aperture&quot;:&quot;0&quot;,&quot;credit&quot;:&quot;&quot;,&quot;camera&quot;:&quot;&quot;,&quot;caption&quot;:&quot;&quot;,&quot;created_timestamp&quot;:&quot;0&quot;,&quot;copyright&quot;:&quot;&quot;,&quot;focal_length&quot;:&quot;0&quot;,&quot;iso&quot;:&quot;0&quot;,&quot;shutter_speed&quot;:&quot;0&quot;,&quot;title&quot;:&quot;&quot;,&quot;orientation&quot;:&quot;0&quot;}\" data-image-title=\"fb_img_16433843025966302453769678568318\" data-image-description=\"\" data-image-caption=\"\" data-medium-file=\"https:\/\/lazarzamoracolectivalesbofem.files.wordpress.com\/2022\/01\/fb_img_16433843025966302453769678568318.jpg?w=300\" data-large-file=\"https:\/\/lazarzamoracolectivalesbofem.files.wordpress.com\/2022\/01\/fb_img_16433843025966302453769678568318.jpg?w=656\" data-id=\"8683\" \/><\/figure>\n<figure class=\"wp-block-image\"><img decoding=\"async\" class=\"wp-image-8682\" src=\"https:\/\/lazarzamoracolectivalesbofem.files.wordpress.com\/2022\/01\/fb_img_16433842972118909347677827569071.jpg\" alt=\"\" data-attachment-id=\"8682\" data-permalink=\"https:\/\/lazarzamoracolectivalesbofem.wordpress.com\/2022\/01\/28\/temuco-comunidades-mapuche-se-manifestaron-en-repudio-a-nuevo-proyecto-hidrico-de-juan-sutil\/fb_img_16433842972118909347677827569071\/\" data-orig-file=\"https:\/\/lazarzamoracolectivalesbofem.files.wordpress.com\/2022\/01\/fb_img_16433842972118909347677827569071.jpg\" data-orig-size=\"1080,564\" data-comments-opened=\"1\" data-image-meta=\"{&quot;aperture&quot;:&quot;0&quot;,&quot;credit&quot;:&quot;&quot;,&quot;camera&quot;:&quot;&quot;,&quot;caption&quot;:&quot;&quot;,&quot;created_timestamp&quot;:&quot;0&quot;,&quot;copyright&quot;:&quot;&quot;,&quot;focal_length&quot;:&quot;0&quot;,&quot;iso&quot;:&quot;0&quot;,&quot;shutter_speed&quot;:&quot;0&quot;,&quot;title&quot;:&quot;&quot;,&quot;orientation&quot;:&quot;0&quot;}\" data-image-title=\"fb_img_16433842972118909347677827569071\" data-image-description=\"\" data-image-caption=\"\" data-medium-file=\"https:\/\/lazarzamoracolectivalesbofem.files.wordpress.com\/2022\/01\/fb_img_16433842972118909347677827569071.jpg?w=300\" data-large-file=\"https:\/\/lazarzamoracolectivalesbofem.files.wordpress.com\/2022\/01\/fb_img_16433842972118909347677827569071.jpg?w=656\" data-id=\"8682\" \/><\/figure><figcaption class=\"blocks-gallery-caption\">Gr\u00e1ficas del proyecto<\/figcaption><\/figure>\n<p>La manifestaci\u00f3n comenz\u00f3 con una caravana desde la plaza de CholChol, que parti\u00f3 en direcci\u00f3n a Temuco a eso de las 9:00 de la ma\u00f1ana, para agruparse posteriormente en la plaza Manuel Recabarren (plaza de los milicos). Desde ah\u00ed se dirigieron hacia la Superintendencia del Medio Ambiente de Temuco y luego a la Intendencia, lugares en los cuales entregaron cartas de rechazo al mega proyecto firmadas por 26 comunidades.<\/p>\n<figure class=\"wp-block-image size-large\"><img decoding=\"async\" class=\"wp-image-8677\" src=\"https:\/\/lazarzamoracolectivalesbofem.files.wordpress.com\/2022\/01\/image_editor_output_image-1464775376-16433928863252778936582815040387.jpg?w=959\" sizes=\"(max-width: 959px) 100vw, 959px\" srcset=\"https:\/\/lazarzamoracolectivalesbofem.files.wordpress.com\/2022\/01\/image_editor_output_image-1464775376-16433928863252778936582815040387.jpg 959w, https:\/\/lazarzamoracolectivalesbofem.files.wordpress.com\/2022\/01\/image_editor_output_image-1464775376-16433928863252778936582815040387.jpg?w=150 150w, https:\/\/lazarzamoracolectivalesbofem.files.wordpress.com\/2022\/01\/image_editor_output_image-1464775376-16433928863252778936582815040387.jpg?w=300 300w, https:\/\/lazarzamoracolectivalesbofem.files.wordpress.com\/2022\/01\/image_editor_output_image-1464775376-16433928863252778936582815040387.jpg?w=768 768w\" alt=\"\" data-attachment-id=\"8677\" data-permalink=\"https:\/\/lazarzamoracolectivalesbofem.wordpress.com\/2022\/01\/28\/temuco-comunidades-mapuche-se-manifestaron-en-repudio-a-nuevo-proyecto-hidrico-de-juan-sutil\/image_editor_output_image-1464775376-16433928863252778936582815040387\/\" data-orig-file=\"https:\/\/lazarzamoracolectivalesbofem.files.wordpress.com\/2022\/01\/image_editor_output_image-1464775376-16433928863252778936582815040387.jpg\" data-orig-size=\"959,763\" data-comments-opened=\"1\" data-image-meta=\"{&quot;aperture&quot;:&quot;0&quot;,&quot;credit&quot;:&quot;&quot;,&quot;camera&quot;:&quot;&quot;,&quot;caption&quot;:&quot;&quot;,&quot;created_timestamp&quot;:&quot;0&quot;,&quot;copyright&quot;:&quot;&quot;,&quot;focal_length&quot;:&quot;0&quot;,&quot;iso&quot;:&quot;0&quot;,&quot;shutter_speed&quot;:&quot;0&quot;,&quot;title&quot;:&quot;&quot;,&quot;orientation&quot;:&quot;0&quot;}\" data-image-title=\"image_editor_output_image-1464775376-16433928863252778936582815040387\" data-image-description=\"\" data-image-caption=\"\" data-medium-file=\"https:\/\/lazarzamoracolectivalesbofem.files.wordpress.com\/2022\/01\/image_editor_output_image-1464775376-16433928863252778936582815040387.jpg?w=300\" data-large-file=\"https:\/\/lazarzamoracolectivalesbofem.files.wordpress.com\/2022\/01\/image_editor_output_image-1464775376-16433928863252778936582815040387.jpg?w=656\" \/><\/figure>\n<p>La lonko Cristina Painemal manifest\u00f3 en a las afueras de la Superintendencia de Medio Ambiente los siguiente:<\/p>\n<blockquote class=\"wp-block-quote\"><p><em>\u00abComunicar a la opini\u00f3n p\u00fablica, a las comunidades mapuche, que estamos en desacuerdo. No estamos contentos como lo se\u00f1alo Juan Sutil, las comunidades se van a comenzar a organizar para rechazar la instalacion de cualquier proyecto que vaya a afectar nuestra Itxofil Monguen y sobre todo en este periodo en que estamos en escaces h\u00eddrica, donde las comunidades mapuche y no s\u00f3lo mapuche sino tambi\u00e9n las ciudades que dependen del r\u00edo Chol Chol, la comuna de Galvarino, Chol Chol, Carahue que tb se encuentran presentes queremoss manifestar nuestro rechazo al proyecto de Juan Sutil\u00bb.<\/em><\/p><\/blockquote>\n<p>La numerosa marcha recorri\u00f3 las calles c\u00e9ntricas de Temuco con gritos como: \u00abel r\u00edo se defiende\u00bb, \u00abel r\u00edo no se vende\u00bb y \u00abFUERA SUTIL\u00bb en referencia al empresario que desea emplazar este proyecto, quien pareciera tener una macabra fijaci\u00f3n con las aguas de Wall Mapu, siendo conocido tambi\u00e9n por impulsar la cuestionada \u00ab<a href=\"https:\/\/lazarzamoracolectivalesbofem.wordpress.com\/2019\/09\/18\/carretera-hidrica-y-remate-de-los-derechos-de-agua-del-rio-queuco\/\">carretera h\u00eddrica<\/a>\u00bb que pretend\u00eda extraer aguas del r\u00edo Queuco, hacia el norte de $hile.<\/p>\n<figure class=\"wp-block-image size-large\"><img decoding=\"async\" class=\"wp-image-8679\" src=\"https:\/\/lazarzamoracolectivalesbofem.files.wordpress.com\/2022\/01\/image_editor_output_image-961242120-16433932445211400703539771390694.jpg?w=747\" sizes=\"(max-width: 747px) 100vw, 747px\" srcset=\"https:\/\/lazarzamoracolectivalesbofem.files.wordpress.com\/2022\/01\/image_editor_output_image-961242120-16433932445211400703539771390694.jpg?w=747 747w, https:\/\/lazarzamoracolectivalesbofem.files.wordpress.com\/2022\/01\/image_editor_output_image-961242120-16433932445211400703539771390694.jpg?w=109 109w, https:\/\/lazarzamoracolectivalesbofem.files.wordpress.com\/2022\/01\/image_editor_output_image-961242120-16433932445211400703539771390694.jpg?w=219 219w, https:\/\/lazarzamoracolectivalesbofem.files.wordpress.com\/2022\/01\/image_editor_output_image-961242120-16433932445211400703539771390694.jpg?w=768 768w, https:\/\/lazarzamoracolectivalesbofem.files.wordpress.com\/2022\/01\/image_editor_output_image-961242120-16433932445211400703539771390694.jpg 1031w\" alt=\"\" data-attachment-id=\"8679\" data-permalink=\"https:\/\/lazarzamoracolectivalesbofem.wordpress.com\/2022\/01\/28\/temuco-comunidades-mapuche-se-manifestaron-en-repudio-a-nuevo-proyecto-hidrico-de-juan-sutil\/image_editor_output_image-961242120-16433932445211400703539771390694\/\" data-orig-file=\"https:\/\/lazarzamoracolectivalesbofem.files.wordpress.com\/2022\/01\/image_editor_output_image-961242120-16433932445211400703539771390694.jpg\" data-orig-size=\"1031,1413\" data-comments-opened=\"1\" data-image-meta=\"{&quot;aperture&quot;:&quot;0&quot;,&quot;credit&quot;:&quot;&quot;,&quot;camera&quot;:&quot;&quot;,&quot;caption&quot;:&quot;&quot;,&quot;created_timestamp&quot;:&quot;0&quot;,&quot;copyright&quot;:&quot;&quot;,&quot;focal_length&quot;:&quot;0&quot;,&quot;iso&quot;:&quot;0&quot;,&quot;shutter_speed&quot;:&quot;0&quot;,&quot;title&quot;:&quot;&quot;,&quot;orientation&quot;:&quot;0&quot;}\" data-image-title=\"image_editor_output_image-961242120-16433932445211400703539771390694\" data-image-description=\"\" data-image-caption=\"\" data-medium-file=\"https:\/\/lazarzamoracolectivalesbofem.files.wordpress.com\/2022\/01\/image_editor_output_image-961242120-16433932445211400703539771390694.jpg?w=219\" data-large-file=\"https:\/\/lazarzamoracolectivalesbofem.files.wordpress.com\/2022\/01\/image_editor_output_image-961242120-16433932445211400703539771390694.jpg?w=656\" \/><figcaption>Lonko Cristina Painemal<\/figcaption><\/figure>\n<p>De la misma manera Painemal advirti\u00f3: <em>\u00abSomos comunidades aut\u00f3nomas, que no estamos vinculadas a ning\u00fan partido pol\u00edtico. Con nuestro propio kimun, con nuestra propia organizaci\u00f3n, vamos a hacer la defensa de nuestra agua feley\u00bb.<\/em><\/p>\n<\/div>\n<p><\/p>","protected":false},"excerpt":{"rendered":"<p>enero 28, 2022 ~ colectivalazarzamora Por: La Zarzamora \u00abEstamos en desacuerdo. No estamos contentos como lo se\u00f1alo Juan Sutil, las comunidades se van a comenzar a organizar para rechazar la instalacion de cualquier proyecto que vaya a afectar nuestra Itxofil Monguen y sobre todo en este periodo en que estamos en escaces h\u00eddrica\u00bb Lonko Cristina [&hellip;]<\/p>\n","protected":false},"author":21,"featured_media":40977,"comment_status":"open","ping_status":"closed","sticky":false,"template":"","format":"standard","meta":{"footnotes":""},"categories":[957,51,1284,826,958,935],"tags":[58,53,1305,567,147,37,545,87,148,27,483,1242],"class_list":["post-40976","post","type-post","status-publish","format-standard","has-post-thumbnail","hentry","category-autonomia","category-autor","category-latinoamerica","category-medios-libres-2","category-megaproyectos","category-temas","tag-derechos-humanos","tag-justicia","tag-latinoamerica","tag-megaproyectos","tag-militarizacion","tag-presos-politicos","tag-pueblos-indigenas","tag-represion","tag-resistencia","tag-solidaridad","tag-tierra-y-territorio","tag-wallmapu"],"_links":{"self":[{"href":"https:\/\/radiozapatista.org\/index.php?rest_route=\/wp\/v2\/posts\/40976","targetHints":{"allow":["GET"]}}],"collection":[{"href":"https:\/\/radiozapatista.org\/index.php?rest_route=\/wp\/v2\/posts"}],"about":[{"href":"https:\/\/radiozapatista.org\/index.php?rest_route=\/wp\/v2\/types\/post"}],"author":[{"embeddable":true,"href":"https:\/\/radiozapatista.org\/index.php?rest_route=\/wp\/v2\/users\/21"}],"replies":[{"embeddable":true,"href":"https:\/\/radiozapatista.org\/index.php?rest_route=%2Fwp%2Fv2%2Fcomments&post=40976"}],"version-history":[{"count":1,"href":"https:\/\/radiozapatista.org\/index.php?rest_route=\/wp\/v2\/posts\/40976\/revisions"}],"predecessor-version":[{"id":40978,"href":"https:\/\/radiozapatista.org\/index.php?rest_route=\/wp\/v2\/posts\/40976\/revisions\/40978"}],"wp:featuredmedia":[{"embeddable":true,"href":"https:\/\/radiozapatista.org\/index.php?rest_route=\/wp\/v2\/media\/40977"}],"wp:attachment":[{"href":"https:\/\/radiozapatista.org\/index.php?rest_route=%2Fwp%2Fv2%2Fmedia&parent=40976"}],"wp:term":[{"taxonomy":"category","embeddable":true,"href":"https:\/\/radiozapatista.org\/index.php?rest_route=%2Fwp%2Fv2%2Fcategories&post=40976"},{"taxonomy":"post_tag","embeddable":true,"href":"https:\/\/radiozapatista.org\/index.php?rest_route=%2Fwp%2Fv2%2Ftags&post=40976"}],"curies":[{"name":"wp","href":"https:\/\/api.w.org\/{rel}","templated":true}]}}