{"id":40964,"date":"2022-01-26T18:39:18","date_gmt":"2022-01-27T00:39:18","guid":{"rendered":"https:\/\/radiozapatista.org\/?p=40964"},"modified":"2022-01-26T18:39:18","modified_gmt":"2022-01-27T00:39:18","slug":"ecocidio-en-peru-por-vertido-de-petroleo-de-repsol-en-costas-de-lima","status":"publish","type":"post","link":"https:\/\/radiozapatista.org\/?p=40964","title":{"rendered":"Ecocidio en Per\u00fa por vertido de petroleo de Repsol en costas de Lima"},"content":{"rendered":"<p><\/p>\n<div class=\"content\"><img decoding=\"async\" class=\"horizontal-image\" src=\"https:\/\/www.entrepueblos.org\/wp-content\/uploads\/2022\/01\/derrame-lima-repsol-1030x687.jpg\" \/><\/p>\n<blockquote><p><strong>Desde el Foro de ONGD Espa\u00f1olas en Per\u00fa pedimos acciones inmediatas a Repsol y al Estado espa\u00f1ol en cumplimiento de principios rectores de Empresas y DDHH<\/strong><\/p><\/blockquote>\n<p><img loading=\"lazy\" decoding=\"async\" class=\"alignnone wp-image-28418 size-square\" src=\"https:\/\/www.herriarte.org\/wp-content\/uploads\/2022\/01\/foro-ong-espanolas-en-peru-180x180.jpg\" sizes=\"auto, (max-width: 180px) 100vw, 180px\" srcset=\"https:\/\/www.entrepueblos.org\/wp-content\/uploads\/2022\/01\/foro-ong-espanolas-en-peru-180x180.jpg 180w, https:\/\/www.entrepueblos.org\/wp-content\/uploads\/2022\/01\/foro-ong-espanolas-en-peru-80x80.jpg 80w, https:\/\/www.entrepueblos.org\/wp-content\/uploads\/2022\/01\/foro-ong-espanolas-en-peru-36x36.jpg 36w, https:\/\/www.entrepueblos.org\/wp-content\/uploads\/2022\/01\/foro-ong-espanolas-en-peru.jpg 279w\" alt=\"\" width=\"180\" height=\"180\" \/><\/p>\n<p><em>\u2013 Lima, a 20 de enero de 2022 \u2013<\/em><\/p>\n<p>Desde el Foro de ONGD Espa\u00f1olas en Per\u00fa, plataforma que agrupa a 17 organizaciones que desarrollamos proyectos de cooperaci\u00f3n al desarrollo en el Per\u00fa, manifestamos nuestra profunda preocupaci\u00f3n y alarma ante el reciente vertido de petr\u00f3leo en las costas de Lima, responsabilidad de la empresa espa\u00f1ola Repsol, y su refiner\u00eda en el distrito de Ventanilla: La Pampilla. Saludamos el comunicado de la Embajada de Espa\u00f1a en Per\u00fa solicitando acciones de reparaci\u00f3n y las investigaciones correspondientes y, por todo ello, pedimos al Ministerio de Asuntos Exteriores, y dentro de \u00e9l a la Embajada espa\u00f1ola y la Agencia Espa\u00f1ola de Cooperaci\u00f3n Internacional al Desarrollo, adem\u00e1s de a la C\u00e1mara de Comercio que hagan todas las acciones posibles para hacer cumplir los Principios Rectores sobre Empresas y Derechos Humanos (resoluci\u00f3n 17\/4 del Consejo de DD.HH. de NNUU) que el propio Estado espa\u00f1ol ha suscrito con la aprobaci\u00f3n del<a href=\"http:\/\/www.exteriores.gob.es\/Portal\/es\/PoliticaExteriorCooperacion\/DerechosHumanos\/Documents\/Plan%20de%20Acci%C3%B3n%20Nacional%20de%20Empresas%20y%20Derechos%20Humanos.pdf\" target=\"_blank\" rel=\"noopener\"> Plan de Acci\u00f3n Nacional de Empresas y DD.HH. en 2017<\/a> y el cual establece, entre otros \u201c<i>el compromiso de Espa\u00f1a de proteger los derechos humanos, tambi\u00e9n frente a cualquier impacto negativo que la actividad empresarial pudiera tener sobre ellos, y de proporcionar a las eventuales v\u00edctimas de los mismos un remedio efectivo\u201d<\/i>.\u00a0 La actuaci\u00f3n de Repsol previa y posterior al desastre ecol\u00f3gico generado por el vertido de varios miles de barriles de petr\u00f3leo, que ha derivado en la contaminaci\u00f3n de litoral peruano, los cuales abarcan \u00e1reas naturales del pa\u00eds e importantes n\u00facleos de poblaci\u00f3n, podr\u00eda constituir un delito ambiental que debe ser oportunamente investigado; y muestra la falta del cumplimiento por su parte del principio de debida diligencia que busca evitar la violaci\u00f3n de los derechos de terceros y hacer frente a los impactos adversos de su actividad. Por todo ello, exigimos se tomen las medidas efectivas para cumplir los principios de \u201cproteger, respetar y remediar\u201d, que descansan, como es de su conocimiento, en tres pilares fundamentales:<\/p>\n<ol>\n<li>la obligaci\u00f3n del Estado de proteger frente a las violaciones de los derechos humanos por parte de terceros, incluidas las empresas;<\/li>\n<li>la responsabilidad de las empresas de respetar los derechos humanos; y<\/li>\n<li>la necesidad de mejorar el acceso de las v\u00edctimas a v\u00edas de remedio efectivas, judiciales y no judiciales.<\/li>\n<\/ol>\n<p>En base a ello, pedimos al Estado espa\u00f1ol, al Ministerio de Asuntos Exteriores, la Embajada de Espa\u00f1a en Per\u00fa y la Agencia Espa\u00f1ola de Cooperaci\u00f3n que en cumplimiento del <b>principio rector 1<\/b>: <i>\u201cLos Estados deben proteger contra las violaciones de los derechos humanos cometidas en su territorio y\/o jurisdicci\u00f3n por terceros, incluidas las empresas. A tal efecto deben adoptar las medidas apropiadas para prevenir, investigar, castigar y reparar esos abusos mediante pol\u00edticas adecuadas, actividades de reglamentaci\u00f3n y sometimiento a la justicia<\/i>\u201d, insten a tomar todas las medidas necesarias a Repsol para reparar el ecocidio generado en las costas peruanas, remediar a la poblaci\u00f3n aleda\u00f1a impactada y afectada en sus medios de subsistencia y los ecosistemas circundantes, as\u00ed como la urgente adecuaci\u00f3n de los procesos de la Refiner\u00eda La Pampilla a est\u00e1ndares medioambientales internacionales que pongan fin a <a href=\"https:\/\/wayka.pe\/refineria-la-pampilla-del-grupo-repsol-guarda-un-historial-de-multas-por-malas-practicas-ambientales\/\" target=\"_blank\" rel=\"noopener\">da\u00f1os ambientales que durante d\u00e9cadas llevan generando en su zona de intervenci\u00f3n.<\/a> Asimismo, instamos a la C\u00e1mara de Comercio a pronunciarse de manera cr\u00edtica sobre esta situaci\u00f3n y a reforzar sus compromisos para que todos sus miembros trabajen para respetar, proteger y remediar cualquier posible impacto en materia ambiental, laboral y de DD.HH. de sus actuaciones en el pa\u00eds. Adicionalmente, hacemos un llamado a poner la atenci\u00f3n y prevenir todo tipo de impactos en la selva del pa\u00eds \u2013 <a href=\"https:\/\/www.infobae.com\/america\/peru\/2022\/01\/20\/desde-1997-se-han-producido-mas-de-1000-derrames-de-petroleo-en-el-peru\/\" target=\"_blank\" rel=\"noopener\">zona que ha sufrido 566 derrames desde 199<\/a>7 y donde la citada empresa tambi\u00e9n tiene operaciones- debido a la corrosi\u00f3n de ductos y fallas operativas causadas por terceros, que no han sido remediados ni indemnizados a la poblaci\u00f3n afectada.\u00a0 M\u00e1s all\u00e1 de cualquier actividad de lucro, en un contexto de crisis clim\u00e1tica como el actual, la protecci\u00f3n de los ecosistemas en un pa\u00eds megadiverso como Per\u00fa debe ser una prioridad para los estados a nivel global. Es una responsabilidad fundamental con las generaciones actuales y futuras actuar de manera coherente y en cumplimiento de los compromisos suscritos en materia de desarrollo (ODS), empresas y DD.HH. y lucha contra el cambio clim\u00e1tico, as\u00ed como caminar hacia un modelo de transici\u00f3n social y energ\u00e9tica que abandone el extractivismo y la dependencia de combustibles f\u00f3siles de alto impacto ecol\u00f3gico, y se base en el uso de las energ\u00edas renovables, la reducci\u00f3n de las emisiones de gases de efecto invernadero y la creaci\u00f3n de empleo verde de manera que respondan a los retos de salud poblacional, neutralidad clim\u00e1tica y seguridad energ\u00e9tica actuales. Por nuestra parte, desde la sociedad civil organizada seguiremos desarrollando nuestra labor de vigilancia sobre la situaci\u00f3n acontecida, e instando a la aprobaci\u00f3n de un Tratado\u00a0 jur\u00eddicamente Vinculante en el marco de la ONU para regular, en el derecho internacional, las actividades de las empresas transnacionales (ETN), incluidas todas las entidades de sus cadenas de producci\u00f3n mundiales, as\u00ed como la Ley de debida diligencia en la UE que obliguen a las empresas a respetar los DD.HH. y a reparar los da\u00f1os de sus acciones.<\/p>\n<p><b>Foro de ONGDs Espa\u00f1olas<\/b><\/p>\n<hr \/>\n<p><span class=\"d2edcug0 hpfvmrgz qv66sw1b c1et5uql lr9zc1uh a8c37x1j fe6kdd0r mau55g9w c8b282yb keod5gw0 nxhoafnm aigsh9s9 d3f4x2em iv3no6db jq4qci2q a3bd9o3v b1v8xokw oo9gr5id hzawbc8m\" dir=\"auto\">Fotograf\u00eda de portada de <strong>Adan Calatayud<\/strong> del mar de Santa Rosa 21\/01\/2022<\/span><\/p>\n<\/div>\n<p><\/p>","protected":false},"excerpt":{"rendered":"<p>Desde el Foro de ONGD Espa\u00f1olas en Per\u00fa pedimos acciones inmediatas a Repsol y al Estado espa\u00f1ol en cumplimiento de principios rectores de Empresas y DDHH \u2013 Lima, a 20 de enero de 2022 \u2013 Desde el Foro de ONGD Espa\u00f1olas en Per\u00fa, plataforma que agrupa a 17 organizaciones que desarrollamos proyectos de cooperaci\u00f3n al [&hellip;]<\/p>\n","protected":false},"author":21,"featured_media":40965,"comment_status":"open","ping_status":"closed","sticky":false,"template":"","format":"standard","meta":{"footnotes":""},"categories":[51,1284,826,958,935],"tags":[58,53,1305,171,567,147,87,148,27,483],"class_list":["post-40964","post","type-post","status-publish","format-standard","has-post-thumbnail","hentry","category-autor","category-latinoamerica","category-medios-libres-2","category-megaproyectos","category-temas","tag-derechos-humanos","tag-justicia","tag-latinoamerica","tag-medio-ambiente","tag-megaproyectos","tag-militarizacion","tag-represion","tag-resistencia","tag-solidaridad","tag-tierra-y-territorio"],"_links":{"self":[{"href":"https:\/\/radiozapatista.org\/index.php?rest_route=\/wp\/v2\/posts\/40964","targetHints":{"allow":["GET"]}}],"collection":[{"href":"https:\/\/radiozapatista.org\/index.php?rest_route=\/wp\/v2\/posts"}],"about":[{"href":"https:\/\/radiozapatista.org\/index.php?rest_route=\/wp\/v2\/types\/post"}],"author":[{"embeddable":true,"href":"https:\/\/radiozapatista.org\/index.php?rest_route=\/wp\/v2\/users\/21"}],"replies":[{"embeddable":true,"href":"https:\/\/radiozapatista.org\/index.php?rest_route=%2Fwp%2Fv2%2Fcomments&post=40964"}],"version-history":[{"count":1,"href":"https:\/\/radiozapatista.org\/index.php?rest_route=\/wp\/v2\/posts\/40964\/revisions"}],"predecessor-version":[{"id":40966,"href":"https:\/\/radiozapatista.org\/index.php?rest_route=\/wp\/v2\/posts\/40964\/revisions\/40966"}],"wp:featuredmedia":[{"embeddable":true,"href":"https:\/\/radiozapatista.org\/index.php?rest_route=\/wp\/v2\/media\/40965"}],"wp:attachment":[{"href":"https:\/\/radiozapatista.org\/index.php?rest_route=%2Fwp%2Fv2%2Fmedia&parent=40964"}],"wp:term":[{"taxonomy":"category","embeddable":true,"href":"https:\/\/radiozapatista.org\/index.php?rest_route=%2Fwp%2Fv2%2Fcategories&post=40964"},{"taxonomy":"post_tag","embeddable":true,"href":"https:\/\/radiozapatista.org\/index.php?rest_route=%2Fwp%2Fv2%2Ftags&post=40964"}],"curies":[{"name":"wp","href":"https:\/\/api.w.org\/{rel}","templated":true}]}}