{"id":40804,"date":"2021-12-30T13:32:49","date_gmt":"2021-12-30T19:32:49","guid":{"rendered":"https:\/\/radiozapatista.org\/?p=40804"},"modified":"2021-12-31T09:09:40","modified_gmt":"2021-12-31T15:09:40","slug":"guatemala-hace-25-anos-se-firmo-la-paz-las-victimas-del-conflicto-senalan-regresion-y-violencia","status":"publish","type":"post","link":"https:\/\/radiozapatista.org\/?p=40804","title":{"rendered":"Guatemala | Hace 25 a\u00f1os se firm\u00f3 la paz, las v\u00edctimas del conflicto se\u00f1alan regresi\u00f3n y violencia"},"content":{"rendered":"<p>Por Juan Calles<\/p>\n<p><em>\u201cDenunciamos que el Estado de Guatemala y estos gobiernos enterraron los Acuerdos de Paz y estamos en las v\u00edsperas de una nueva confrontaci\u00f3n social\u201d, expres\u00f3 Miguel Itzep coordinador del movimiento de v\u00edctimas del Conflicto Armado Interno CAI<\/em><\/p>\n<p>Con ofrendas de flores, comida, granos y cereales se realiz\u00f3 una ceremonia maya en la plaza central esta ma\u00f1ana; en idioma maya un gu\u00eda espiritual ped\u00eda al coraz\u00f3n del cielo, al coraz\u00f3n de la tierra que las v\u00edctimas del Conflicto Armado Interno, CAI, encuentren justicia, encuentren respeto. El fuego sagrado crepitaba como acompa\u00f1ando las manifestaciones que a 25 a\u00f1os de la firma de la paz dejaban escuchar el reclamo de regresi\u00f3n, injusticia y violencia.<\/p>\n<p>Durante los 36 a\u00f1os que dur\u00f3 el CAI en Guatemala se registraron m\u00e1s de 200,000\u00a0v\u00edctimas\u00a0y m\u00e1s de 45,000 desaparecidos. Entre ellos, alrededor de 5,000 ni\u00f1os. Seg\u00fan el Informe de Esclarecimiento Hist\u00f3rico, el 93% de las violaciones documentadas se le atribuye al ej\u00e9rcito de Guatemala y sus grupos paramilitares y el 3% a la guerrilla.<\/p>\n<p>Las v\u00edctimas y familiares de v\u00edctimas del CAI se reunieron esta ma\u00f1ana en la plaza central de la ciudad de Guatemala; all\u00ed se dio lectura a un comunicado en el que se acusa al actual gobernante Alejandro Giammattei de desmantelar la institucionalidad de la paz, y de mantener una agenda de regresi\u00f3n violenta y de cierre de espacios democr\u00e1ticos.<\/p>\n<p>\u201cDespu\u00e9s de 25 a\u00f1os esas esperanzas de cambio se han convertido en decepci\u00f3n porque las cosas siguen igual. Los empresarios depredadores se siguen enriqueciendo pagando, salarios miserables mientras las comunidades ind\u00edgenas viven en extrema pobreza, cada d\u00eda se profundiza m\u00e1s la desigualdad, La discriminaci\u00f3n y a la corrupci\u00f3n\u201d. Se ley\u00f3 en el comunicado de la Plataforma Nacional de Organizaciones de v\u00edctimas del conflicto armado interno.<\/p>\n<p><!--more--><\/p>\n<div class=\"twitter-tweet twitter-tweet-rendered\"><iframe loading=\"lazy\" id=\"twitter-widget-0\" class=\"\" title=\"Twitter Tweet\" src=\"https:\/\/platform.twitter.com\/embed\/Tweet.html?dnt=true&amp;embedId=twitter-widget-0&amp;features=eyJ0ZndfZXhwZXJpbWVudHNfY29va2llX2V4cGlyYXRpb24iOnsiYnVja2V0IjoxMjA5NjAwLCJ2ZXJzaW9uIjpudWxsfSwidGZ3X2hvcml6b25fdHdlZXRfZW1iZWRfOTU1NSI6eyJidWNrZXQiOiJodGUiLCJ2ZXJzaW9uIjpudWxsfSwidGZ3X3NwYWNlX2NhcmQiOnsiYnVja2V0Ijoib2ZmIiwidmVyc2lvbiI6bnVsbH19&amp;frame=false&amp;hideCard=false&amp;hideThread=false&amp;id=1476619743733952518&amp;lang=es&amp;origin=https%3A%2F%2Fwww.prensacomunitaria.org%2F2021%2F12%2Fhace-25-anos-se-firmo-la-paz-las-victimas-del-conflicto-senalan-regresion-y-violencia%2F&amp;sessionId=ab71c85a67bee5e59f3a00bca87fb94509d6d9b9&amp;theme=light&amp;widgetsVersion=9fd78d5%3A1638479056965&amp;width=550px\" width=\"300\" height=\"150\" frameborder=\"0\" scrolling=\"no\" allowfullscreen=\"allowfullscreen\" data-tweet-id=\"1476619743733952518\" data-mce-fragment=\"1\"><\/iframe><\/div>\n<p>Durante la conmemoraci\u00f3n se sum\u00f3 la Procuradur\u00eda de Derechos Humanos, PDH, a trav\u00e9s de la Procuradora Adjunta, Miriam Roquel quien durante su intervenci\u00f3n respald\u00f3 el comunicado de la Plataforma Nacional de Organizaciones de v\u00edctimas del CAI y adem\u00e1s mencion\u00f3 que la PDH mediante un comunicado ve con preocupaci\u00f3n la regresi\u00f3n que la conflictividad social representa en la actualidad.<\/p>\n<p>\u201cLos discursos de odio, incitados o tolerados desde el poder, y los ataques y hostigamientos contra defensores de los derechos humanos, operadores de justicia y periodistas independientes pueden ser el pre anuncio de la implantaci\u00f3n de un r\u00e9gimen arbitrario y opresivo, que enlutar\u00eda nuevamente a las familias guatemaltecas\u201d, mencion\u00f3 Roquel mientras se dirig\u00eda a las personas congregadas en la plaza central.<\/p>\n<p>Una representaci\u00f3n del pueblo Ixil tambi\u00e9n se reuni\u00f3 en la plaza central, Antonio Caba, dio lectura a un comunicado frente a la casa presidencial en donde se exigi\u00f3 tambi\u00e9n el cumplimiento de los acuerdos de paz y el cese de la represi\u00f3n en los territorios de pueblos ind\u00edgenas.<\/p>\n<p>Otro sector se\u00f1alado como responsable de la actual situaci\u00f3n social y pol\u00edtica en el pa\u00eds fue el sector empresarial, etiquetada como depredadora y explotadora, la oligarqu\u00eda guatemalteca tiene una gran responsabilidad al no permitir que se cumplieran los acuerdos de paz y apoyar a los \u00faltimos gobiernos en los que la corrupci\u00f3n, la impunidad y la aprobaci\u00f3n de megaproyectos extractivos violan la constituci\u00f3n y los acuerdos firmados hace 25 a\u00f1os por el Estado y la guerrilla.<\/p>\n<p>Con la llegada de Giammattei al poder, la institucionalidad democr\u00e1tica, especialmente la destinada a la b\u00fasqueda de las personas detenidas y desaparecidas, el resarcimiento integral y la reconstrucci\u00f3n del tejido social fueron desmanteladas, contrario a esto, la justicia y los procesos encaminados a juzgar los delitos de lesa humanidad corren el riesgo de desaparecer con el desmantelamiento de la fiscal\u00eda de Derechos Humanos del Ministerio P\u00falico, con Consuelo Porras al frente del MP.<\/p>\n<p>Al final de la jornada, una frase se repet\u00eda en el ambiente, una especie de murmullo colectivo, un eco doloroso y molesto, \u201cnada que celebrar\u201d, \u201cnada que celebrar\u201d, todo se mezclaba con los vendedores de helados y frutas que intentaban vender algo para poder llevar comida a sus hogares.<\/p>\n<div class=\"twitter-tweet twitter-tweet-rendered\"><iframe loading=\"lazy\" id=\"twitter-widget-1\" class=\"\" title=\"Twitter Tweet\" src=\"https:\/\/platform.twitter.com\/embed\/Tweet.html?dnt=true&amp;embedId=twitter-widget-1&amp;features=eyJ0ZndfZXhwZXJpbWVudHNfY29va2llX2V4cGlyYXRpb24iOnsiYnVja2V0IjoxMjA5NjAwLCJ2ZXJzaW9uIjpudWxsfSwidGZ3X2hvcml6b25fdHdlZXRfZW1iZWRfOTU1NSI6eyJidWNrZXQiOiJodGUiLCJ2ZXJzaW9uIjpudWxsfSwidGZ3X3NwYWNlX2NhcmQiOnsiYnVja2V0Ijoib2ZmIiwidmVyc2lvbiI6bnVsbH19&amp;frame=false&amp;hideCard=false&amp;hideThread=false&amp;id=1476237825804840961&amp;lang=es&amp;origin=https%3A%2F%2Fwww.prensacomunitaria.org%2F2021%2F12%2Fhace-25-anos-se-firmo-la-paz-las-victimas-del-conflicto-senalan-regresion-y-violencia%2F&amp;sessionId=ab71c85a67bee5e59f3a00bca87fb94509d6d9b9&amp;theme=light&amp;widgetsVersion=9fd78d5%3A1638479056965&amp;width=550px\" width=\"300\" height=\"150\" frameborder=\"0\" scrolling=\"no\" allowfullscreen=\"allowfullscreen\" data-tweet-id=\"1476237825804840961\" data-mce-fragment=\"1\"><\/iframe><\/div>\n<div id=\"gallery-1\" class=\"gallery galleryid-81679 gallery-columns-2 gallery-size-large\">\n<figure class=\"gallery-item\">\n<div class=\"gallery-icon landscape\"><a href=\"https:\/\/www.prensacomunitaria.org\/2021\/12\/hace-25-anos-se-firmo-la-paz-las-victimas-del-conflicto-senalan-regresion-y-violencia\/victimas-de-la-guerra-29-de-diciembre-foto-luis-ovalle-2\/#main\"><img loading=\"lazy\" decoding=\"async\" class=\"attachment-large size-large\" src=\"https:\/\/www.prensacomunitaria.org\/wp-content\/uploads\/2021\/12\/photo_2021-12-29_09-49-09-2.jpg\" sizes=\"auto, (max-width: 2000px) 100vw, 2000px\" srcset=\"https:\/\/www.prensacomunitaria.org\/wp-content\/uploads\/2021\/12\/photo_2021-12-29_09-49-09-2.jpg 2000w, https:\/\/www.prensacomunitaria.org\/wp-content\/uploads\/2021\/12\/photo_2021-12-29_09-49-09-2-300x225.jpg 300w\" alt=\"\" width=\"2000\" height=\"1500\" aria-describedby=\"gallery-1-81681\" \/><\/a><\/div><figcaption id=\"gallery-1-81681\" class=\"wp-caption-text gallery-caption\">V\u00edctimas de la guerra. 29 de diciembre. Foto Luis Ovalle<\/figcaption><\/figure>\n<figure class=\"gallery-item\">\n<div class=\"gallery-icon landscape\"><a href=\"https:\/\/www.prensacomunitaria.org\/2021\/12\/hace-25-anos-se-firmo-la-paz-las-victimas-del-conflicto-senalan-regresion-y-violencia\/victimas-de-la-guerra-29-de-diciembre-foto-luis-ovalle-3\/#main\"><img loading=\"lazy\" decoding=\"async\" class=\"attachment-large size-large\" src=\"https:\/\/www.prensacomunitaria.org\/wp-content\/uploads\/2021\/12\/photo_2021-12-29_10-13-15-2.jpg\" sizes=\"auto, (max-width: 2000px) 100vw, 2000px\" srcset=\"https:\/\/www.prensacomunitaria.org\/wp-content\/uploads\/2021\/12\/photo_2021-12-29_10-13-15-2.jpg 2000w, https:\/\/www.prensacomunitaria.org\/wp-content\/uploads\/2021\/12\/photo_2021-12-29_10-13-15-2-300x225.jpg 300w\" alt=\"\" width=\"2000\" height=\"1500\" aria-describedby=\"gallery-1-81682\" \/><\/a><\/div><figcaption id=\"gallery-1-81682\" class=\"wp-caption-text gallery-caption\">V\u00edctimas de la guerra. 29 de diciembre. Foto Luis Ovalle<\/figcaption><\/figure>\n<figure class=\"gallery-item\">\n<div class=\"gallery-icon landscape\"><a href=\"https:\/\/www.prensacomunitaria.org\/2021\/12\/hace-25-anos-se-firmo-la-paz-las-victimas-del-conflicto-senalan-regresion-y-violencia\/victimas-de-la-guerra-29-de-diciembre-foto-luis-ovalle-4\/#main\"><img loading=\"lazy\" decoding=\"async\" class=\"attachment-large size-large\" src=\"https:\/\/www.prensacomunitaria.org\/wp-content\/uploads\/2021\/12\/photo_2021-12-29_10-44-06-2.jpg\" sizes=\"auto, (max-width: 2000px) 100vw, 2000px\" srcset=\"https:\/\/www.prensacomunitaria.org\/wp-content\/uploads\/2021\/12\/photo_2021-12-29_10-44-06-2.jpg 2000w, https:\/\/www.prensacomunitaria.org\/wp-content\/uploads\/2021\/12\/photo_2021-12-29_10-44-06-2-300x225.jpg 300w\" alt=\"\" width=\"2000\" height=\"1500\" aria-describedby=\"gallery-1-81683\" \/><\/a><\/div><figcaption id=\"gallery-1-81683\" class=\"wp-caption-text gallery-caption\">V\u00edctimas de la guerra. 29 de diciembre. Foto Luis Ovalle<\/figcaption><\/figure>\n<figure class=\"gallery-item\">\n<div class=\"gallery-icon landscape\"><a href=\"https:\/\/www.prensacomunitaria.org\/2021\/12\/hace-25-anos-se-firmo-la-paz-las-victimas-del-conflicto-senalan-regresion-y-violencia\/victimas-de-la-guerra-29-de-diciembre-foto-luis-ovalle-5\/#main\"><img loading=\"lazy\" decoding=\"async\" class=\"attachment-large size-large\" src=\"https:\/\/www.prensacomunitaria.org\/wp-content\/uploads\/2021\/12\/photo_2021-12-29_09-49-09.jpg\" sizes=\"auto, (max-width: 2000px) 100vw, 2000px\" srcset=\"https:\/\/www.prensacomunitaria.org\/wp-content\/uploads\/2021\/12\/photo_2021-12-29_09-49-09.jpg 2000w, https:\/\/www.prensacomunitaria.org\/wp-content\/uploads\/2021\/12\/photo_2021-12-29_09-49-09-300x225.jpg 300w\" alt=\"\" width=\"2000\" height=\"1500\" aria-describedby=\"gallery-1-81684\" \/><\/a><\/div><figcaption id=\"gallery-1-81684\" class=\"wp-caption-text gallery-caption\">V\u00edctimas de la guerra. 29 de diciembre. Foto Luis Ovalle<\/figcaption><\/figure>\n<\/div>\n<p><\/p>","protected":false},"excerpt":{"rendered":"<p>Por Juan Calles \u201cDenunciamos que el Estado de Guatemala y estos gobiernos enterraron los Acuerdos de Paz y estamos en las v\u00edsperas de una nueva confrontaci\u00f3n social\u201d, expres\u00f3 Miguel Itzep coordinador del movimiento de v\u00edctimas del Conflicto Armado Interno CAI Con ofrendas de flores, comida, granos y cereales se realiz\u00f3 una ceremonia maya en la [&hellip;]<\/p>\n","protected":false},"author":21,"featured_media":40805,"comment_status":"open","ping_status":"closed","sticky":false,"template":"","format":"standard","meta":{"footnotes":""},"categories":[957,51,1284,826,958,935],"tags":[58,53,1305,567,147,37,545,87,148,27,483],"class_list":["post-40804","post","type-post","status-publish","format-standard","has-post-thumbnail","hentry","category-autonomia","category-autor","category-latinoamerica","category-medios-libres-2","category-megaproyectos","category-temas","tag-derechos-humanos","tag-justicia","tag-latinoamerica","tag-megaproyectos","tag-militarizacion","tag-presos-politicos","tag-pueblos-indigenas","tag-represion","tag-resistencia","tag-solidaridad","tag-tierra-y-territorio"],"_links":{"self":[{"href":"https:\/\/radiozapatista.org\/index.php?rest_route=\/wp\/v2\/posts\/40804","targetHints":{"allow":["GET"]}}],"collection":[{"href":"https:\/\/radiozapatista.org\/index.php?rest_route=\/wp\/v2\/posts"}],"about":[{"href":"https:\/\/radiozapatista.org\/index.php?rest_route=\/wp\/v2\/types\/post"}],"author":[{"embeddable":true,"href":"https:\/\/radiozapatista.org\/index.php?rest_route=\/wp\/v2\/users\/21"}],"replies":[{"embeddable":true,"href":"https:\/\/radiozapatista.org\/index.php?rest_route=%2Fwp%2Fv2%2Fcomments&post=40804"}],"version-history":[{"count":2,"href":"https:\/\/radiozapatista.org\/index.php?rest_route=\/wp\/v2\/posts\/40804\/revisions"}],"predecessor-version":[{"id":40815,"href":"https:\/\/radiozapatista.org\/index.php?rest_route=\/wp\/v2\/posts\/40804\/revisions\/40815"}],"wp:featuredmedia":[{"embeddable":true,"href":"https:\/\/radiozapatista.org\/index.php?rest_route=\/wp\/v2\/media\/40805"}],"wp:attachment":[{"href":"https:\/\/radiozapatista.org\/index.php?rest_route=%2Fwp%2Fv2%2Fmedia&parent=40804"}],"wp:term":[{"taxonomy":"category","embeddable":true,"href":"https:\/\/radiozapatista.org\/index.php?rest_route=%2Fwp%2Fv2%2Fcategories&post=40804"},{"taxonomy":"post_tag","embeddable":true,"href":"https:\/\/radiozapatista.org\/index.php?rest_route=%2Fwp%2Fv2%2Ftags&post=40804"}],"curies":[{"name":"wp","href":"https:\/\/api.w.org\/{rel}","templated":true}]}}