{"id":40786,"date":"2021-12-28T11:24:03","date_gmt":"2021-12-28T17:24:03","guid":{"rendered":"https:\/\/radiozapatista.org\/?p=40786"},"modified":"2021-12-31T09:16:29","modified_gmt":"2021-12-31T15:16:29","slug":"que-puede-festejar-un-migrante-cuando-no-ha-llegado-al-destino-final","status":"publish","type":"post","link":"https:\/\/radiozapatista.org\/?p=40786","title":{"rendered":"\u00bfQu\u00e9 puede festejar un migrante cuando no ha llegado al destino final?"},"content":{"rendered":"<p>Por Santiago Navarro F<\/p>\n<p class=\"has-white-color has-black-background-color has-text-color has-background\"><sup><em>A continuaci\u00f3n presentamos un fotoreportaje que registr\u00f3 la situaci\u00f3n de miles de migrantes haitianos, quienes atrapados durante los primeros d\u00edas de diciembre en Tapachula, esperaron ante la promesa de las autoridades migratorias para conseguir trasladarse hacia otros puntos del pa\u00eds. A\u00fan cuando la informaci\u00f3n oficial habla de miles reubicados, las autoridades desalojaron el campamento improvisado y a\u00fan no se tienen informaciones claras de hacia d\u00f3nde partieron los migrantes y del n\u00famero que a\u00fan permanecen en la ciudad fronteriza.<\/em><\/sup><\/p>\n<p>Algunos llevan a\u00f1os desde que emprendieron su marcha, ya no por el sue\u00f1o americano, sino por mejores condiciones de vida. El destino es incierto. Las posibilidades reales se desvanecen en cada frontera y con cada declaraci\u00f3n de alg\u00fan pol\u00edtico que jam\u00e1s ha conocido en carne propia lo que significa la migraci\u00f3n eterna, lo que significa dormir bajo un puente, en la intemperie, quedarse sin comida y sin dinero.<\/p>\n<p>\u201cVengo de Chile, tengo cinco meses en camino. Gracias a Dios llegue ac\u00e1 y llevo dos semanas durmiendo ac\u00e1 (en Tapachula Chiapas)\u201d, dice un migrante proveniente de Hait\u00ed, quien se ha presentando como Reynol.<br \/>\n<!--more--><\/p>\n<figure class=\"wp-block-image size-large\"><a class=\"td-modal-image\" href=\"https:\/\/avispa.org\/wp-content\/uploads\/2021\/12\/MigracionTapachula-5-1024x768.jpg\"><img loading=\"lazy\" decoding=\"async\" class=\"wp-image-47622\" src=\"https:\/\/avispa.org\/wp-content\/uploads\/2021\/12\/MigracionTapachula-5-1024x768.jpg\" sizes=\"auto, (max-width: 1024px) 100vw, 1024px\" srcset=\"https:\/\/avispa.org\/wp-content\/uploads\/2021\/12\/MigracionTapachula-5-1024x768.jpg 1024w, https:\/\/avispa.org\/wp-content\/uploads\/2021\/12\/MigracionTapachula-5-300x225.jpg 300w, https:\/\/avispa.org\/wp-content\/uploads\/2021\/12\/MigracionTapachula-5-768x576.jpg 768w, https:\/\/avispa.org\/wp-content\/uploads\/2021\/12\/MigracionTapachula-5-696x522.jpg 696w, https:\/\/avispa.org\/wp-content\/uploads\/2021\/12\/MigracionTapachula-5-1068x801.jpg 1068w, https:\/\/avispa.org\/wp-content\/uploads\/2021\/12\/MigracionTapachula-5-560x420.jpg 560w, https:\/\/avispa.org\/wp-content\/uploads\/2021\/12\/MigracionTapachula-5-80x60.jpg 80w, https:\/\/avispa.org\/wp-content\/uploads\/2021\/12\/MigracionTapachula-5-265x198.jpg 265w, https:\/\/avispa.org\/wp-content\/uploads\/2021\/12\/MigracionTapachula-5.jpg 1070w\" alt=\"\" width=\"1024\" height=\"768\" \/><\/a><figcaption><em><sup>Foto: Santiago Navarro F.<\/sup><\/em><\/figcaption><\/figure>\n<p>Despu\u00e9s del terremoto, suscitado en el a\u00f1o 2010 en Hait\u00ed, miles de haitianos, al igual que Reynol, salieron de su pa\u00eds. Primero viajaban en autob\u00fas desde la capital, Puerto Pr\u00edncipe, hasta Santo Domingo. Despu\u00e9s compraban un pasaje de avi\u00f3n con destino hacia Panam\u00e1. As\u00ed continuaban, en avi\u00f3n o en autob\u00fas hasta Quito, Ecuador, pero la gran mayor\u00eda termin\u00f3 en Brasil, cuando la econom\u00eda pintaba bien con el gobierno de Luiz In\u00e1cio Lula da Silva, mejor conocido como Lula.<\/p>\n<figure class=\"wp-block-image size-large\"><a class=\"td-modal-image\" href=\"https:\/\/avispa.org\/wp-content\/uploads\/2021\/12\/MigracionTapachula-13-1024x683.jpg\"><img loading=\"lazy\" decoding=\"async\" class=\"wp-image-47623\" src=\"https:\/\/avispa.org\/wp-content\/uploads\/2021\/12\/MigracionTapachula-13-1024x683.jpg\" sizes=\"auto, (max-width: 1024px) 100vw, 1024px\" srcset=\"https:\/\/avispa.org\/wp-content\/uploads\/2021\/12\/MigracionTapachula-13-1024x683.jpg 1024w, https:\/\/avispa.org\/wp-content\/uploads\/2021\/12\/MigracionTapachula-13-300x200.jpg 300w, https:\/\/avispa.org\/wp-content\/uploads\/2021\/12\/MigracionTapachula-13-768x512.jpg 768w, https:\/\/avispa.org\/wp-content\/uploads\/2021\/12\/MigracionTapachula-13-696x464.jpg 696w, https:\/\/avispa.org\/wp-content\/uploads\/2021\/12\/MigracionTapachula-13-1068x713.jpg 1068w, https:\/\/avispa.org\/wp-content\/uploads\/2021\/12\/MigracionTapachula-13-629x420.jpg 629w, https:\/\/avispa.org\/wp-content\/uploads\/2021\/12\/MigracionTapachula-13.jpg 1070w\" alt=\"\" width=\"1024\" height=\"683\" \/><\/a><figcaption><em><sup>Foto: Santiago Navarro F.<\/sup><\/em><\/figcaption><\/figure>\n<p>Con la llegada de Jair Messias Bolsonaro al gobierno de Brasil, el \u00e9xodo tom\u00f3 otros rumbos, sobre todo, comenzaron a viajar a otros pa\u00edses de Latinoam\u00e9rica, el objetivo era llegar a Estado Unidos.<\/p>\n<p class=\"has-vivid-cyan-blue-color has-text-color\"><a href=\"https:\/\/avispa.org\/haitianos-cambian-rutas-de-migracion-tras-crisis-en-brasil\/\" target=\"_blank\" rel=\"noreferrer noopener\">Te puede interesar \u2192 Haitianos cambian rutas de migraci\u00f3n tras crisis en Brasil<\/a><\/p>\n<p>Por a\u00f1os o meses trabajaron y vivieron en Chile, Colombia, Costa Rica, Panam\u00e1 y otros pa\u00edses. A finales de este a\u00f1o 2021, quienes decidieron continuar su viaje, se estancaron en Tapachula, Chiapas.<\/p>\n<p>En territorio mexicano el \u00e9xodo migratorio fue recibido por la Guardia Nacional de forma represiva.<\/p>\n<p>Despu\u00e9s del uso de la fuerza y las denuncias de la sociedad civil, el gobierno mexicano tom\u00f3 medidas menos duras con los migrantes atrapados en Tapachula. Implement\u00f3, en noviembre pasado, el programa de documentaci\u00f3n y traslados en autobuses hacia 15 estados de la rep\u00fablica mexicana. La movilidad ha sido gradual, mientras, las condiciones de vida, de quienes esperan, es cada vez m\u00e1s degradante.<\/p>\n<figure class=\"wp-block-image size-large\"><a class=\"td-modal-image\" href=\"https:\/\/avispa.org\/wp-content\/uploads\/2021\/12\/MigracionTapachula-21-1024x683.jpg\"><img loading=\"lazy\" decoding=\"async\" class=\"wp-image-47627\" src=\"https:\/\/avispa.org\/wp-content\/uploads\/2021\/12\/MigracionTapachula-21-1024x683.jpg\" sizes=\"auto, (max-width: 1024px) 100vw, 1024px\" srcset=\"https:\/\/avispa.org\/wp-content\/uploads\/2021\/12\/MigracionTapachula-21-1024x683.jpg 1024w, https:\/\/avispa.org\/wp-content\/uploads\/2021\/12\/MigracionTapachula-21-300x200.jpg 300w, https:\/\/avispa.org\/wp-content\/uploads\/2021\/12\/MigracionTapachula-21-768x512.jpg 768w, https:\/\/avispa.org\/wp-content\/uploads\/2021\/12\/MigracionTapachula-21-696x464.jpg 696w, https:\/\/avispa.org\/wp-content\/uploads\/2021\/12\/MigracionTapachula-21-1068x713.jpg 1068w, https:\/\/avispa.org\/wp-content\/uploads\/2021\/12\/MigracionTapachula-21-629x420.jpg 629w, https:\/\/avispa.org\/wp-content\/uploads\/2021\/12\/MigracionTapachula-21.jpg 1070w\" alt=\"\" width=\"1024\" height=\"683\" \/><\/a><figcaption><em><sup>Foto: Santiago Navarro F.<\/sup><\/em><\/figcaption><\/figure>\n<p>Reynol lleg\u00f3 en los primeros d\u00edas de diciembre y ya llevaba dos semanas durmiendo bajo una sombra improvisada que, a duras penas, les cubr\u00eda del sol intenso por el d\u00eda y, por la noche, serv\u00eda como cobijo para aligerar el fr\u00edo. \u201cYa no tengo dinero y tampoco comida. Aqu\u00ed la gente se est\u00e1 enfermando. Algunos no tienen dinero ni para ba\u00f1arse\u201d, cuenta el migrante.<\/p>\n<figure class=\"wp-block-image size-large\"><a class=\"td-modal-image\" href=\"https:\/\/avispa.org\/wp-content\/uploads\/2021\/12\/MigracionTapachula-22-1024x683.jpg\"><img loading=\"lazy\" decoding=\"async\" class=\"wp-image-47628\" src=\"https:\/\/avispa.org\/wp-content\/uploads\/2021\/12\/MigracionTapachula-22-1024x683.jpg\" sizes=\"auto, (max-width: 1024px) 100vw, 1024px\" srcset=\"https:\/\/avispa.org\/wp-content\/uploads\/2021\/12\/MigracionTapachula-22-1024x683.jpg 1024w, https:\/\/avispa.org\/wp-content\/uploads\/2021\/12\/MigracionTapachula-22-300x200.jpg 300w, https:\/\/avispa.org\/wp-content\/uploads\/2021\/12\/MigracionTapachula-22-768x512.jpg 768w, https:\/\/avispa.org\/wp-content\/uploads\/2021\/12\/MigracionTapachula-22-696x464.jpg 696w, https:\/\/avispa.org\/wp-content\/uploads\/2021\/12\/MigracionTapachula-22-1068x713.jpg 1068w, https:\/\/avispa.org\/wp-content\/uploads\/2021\/12\/MigracionTapachula-22-629x420.jpg 629w, https:\/\/avispa.org\/wp-content\/uploads\/2021\/12\/MigracionTapachula-22.jpg 1070w\" alt=\"\" width=\"1024\" height=\"683\" \/><\/a><figcaption><em><sup>Foto: Santiago Navarro F.<\/sup><\/em><\/figcaption><\/figure>\n<p>Reynol, junto a otros 3,000 migrantes, aguadraba en el Estadio Ol\u00edmpico de Tapachula, desde d\u00f3nde les hab\u00edan indicado que ser\u00edan trasladados a otros estados como parte del programa para reubicarlos y para que se pudiera regularizar su situaci\u00f3n migratoria en el pa\u00eds. Durante d\u00edas no vieron ning\u00fan autob\u00fas ni agentes del Instituto Nacional de Migraci\u00f3n (INM).<\/p>\n<p>Fue el d\u00eda 10 de diciembre, a primeras horas de la ma\u00f1ana, cuando elementos de la Guardia Nacional (GN) ejecutaron, junto a polic\u00edas estatales y locales, un operativo para desalojar a los migrantes que permanec\u00edan en la explanada del recinto deportivo, en filas que ellos mismos hab\u00edan organizado.<\/p>\n<p>En este operativo tambi\u00e9n ocuparon maquinaria pesada para desarmar los campamentos, levantar la basura y las vallas met\u00e1licas que usaron los migrantes para delimitar las filas y que, a su vez, sirvieron como techo. Reynol y, los que pudieron, se reorganizaron a la orilla de la carretera conocida como el libramiento en espera de camiones de parte del INM. No supimos m\u00e1s de \u00e9l.<\/p>\n<figure class=\"wp-block-image size-large\"><a class=\"td-modal-image\" href=\"https:\/\/avispa.org\/wp-content\/uploads\/2021\/12\/MigracionTapachula-24-1024x683.jpg\"><img loading=\"lazy\" decoding=\"async\" class=\"wp-image-47629\" src=\"https:\/\/avispa.org\/wp-content\/uploads\/2021\/12\/MigracionTapachula-24-1024x683.jpg\" sizes=\"auto, (max-width: 1024px) 100vw, 1024px\" srcset=\"https:\/\/avispa.org\/wp-content\/uploads\/2021\/12\/MigracionTapachula-24-1024x683.jpg 1024w, https:\/\/avispa.org\/wp-content\/uploads\/2021\/12\/MigracionTapachula-24-300x200.jpg 300w, https:\/\/avispa.org\/wp-content\/uploads\/2021\/12\/MigracionTapachula-24-768x512.jpg 768w, https:\/\/avispa.org\/wp-content\/uploads\/2021\/12\/MigracionTapachula-24-696x464.jpg 696w, https:\/\/avispa.org\/wp-content\/uploads\/2021\/12\/MigracionTapachula-24-1068x713.jpg 1068w, https:\/\/avispa.org\/wp-content\/uploads\/2021\/12\/MigracionTapachula-24-629x420.jpg 629w, https:\/\/avispa.org\/wp-content\/uploads\/2021\/12\/MigracionTapachula-24.jpg 1070w\" alt=\"\" width=\"1024\" height=\"683\" \/><\/a><figcaption><em><sup>Foto: Santiago Navarro F.<\/sup><\/em><\/figcaption><\/figure>\n<p>El programa de transporte hacia otros estados del pa\u00eds para continuar con la regularizaci\u00f3n migratoria fue suspendido el 22 de diciembre y, de acuerdo con el INM, en un operativo conjunto con la Guardia Nacional (GN) y la polic\u00eda municipal, \u201clos \u00faltimos mil migrantes haitianos\u201d fueron traslados en 25 autobuses que a\u00fan esperaban en Tapachula, ciudad conocida como la \u201cgran c\u00e1rcel migratoria\u201d. De acuerdo con el INM, trasladaron m\u00e1s de 20 mil migrantes a diversos estados de M\u00e9xico.<\/p>\n<figure class=\"wp-block-image size-large\"><a class=\"td-modal-image\" href=\"https:\/\/avispa.org\/wp-content\/uploads\/2021\/12\/MigracionTapachula-25-1024x683.jpg\"><img loading=\"lazy\" decoding=\"async\" class=\"wp-image-47630\" src=\"https:\/\/avispa.org\/wp-content\/uploads\/2021\/12\/MigracionTapachula-25-1024x683.jpg\" sizes=\"auto, (max-width: 1024px) 100vw, 1024px\" srcset=\"https:\/\/avispa.org\/wp-content\/uploads\/2021\/12\/MigracionTapachula-25-1024x683.jpg 1024w, https:\/\/avispa.org\/wp-content\/uploads\/2021\/12\/MigracionTapachula-25-300x200.jpg 300w, https:\/\/avispa.org\/wp-content\/uploads\/2021\/12\/MigracionTapachula-25-768x512.jpg 768w, https:\/\/avispa.org\/wp-content\/uploads\/2021\/12\/MigracionTapachula-25-696x464.jpg 696w, https:\/\/avispa.org\/wp-content\/uploads\/2021\/12\/MigracionTapachula-25-1068x713.jpg 1068w, https:\/\/avispa.org\/wp-content\/uploads\/2021\/12\/MigracionTapachula-25-629x420.jpg 629w, https:\/\/avispa.org\/wp-content\/uploads\/2021\/12\/MigracionTapachula-25.jpg 1070w\" alt=\"\" width=\"1024\" height=\"683\" \/><\/a><figcaption><em><sup>Foto: Santiago Navarro F.<\/sup><\/em><\/figcaption><\/figure>\n<p>\u201cPara nosotros no existe la navidad. No hay como celebrar en estas condiciones. Estamos separados de nuestros familiares, de nuestro pa\u00eds. Sin dinero, sin casa y sin comida \u00bft\u00fa como celebrar\u00edas?\u201d, cuestiona Reynol.<\/p>\n<p class=\"has-vivid-cyan-blue-color has-text-color\"><a href=\"https:\/\/avispa.org\/centroamerica-el-corredor-invisibilizado-de-la-migracion\/\" target=\"_blank\" rel=\"noreferrer noopener\">Te puede interesar \u2192 Centroam\u00e9rica: el corredor invisibilizado de la migraci\u00f3n<\/a><\/p>\n<p>Se desconoce la cifra oficial de migrantes que a\u00fan se encuentran en Tapachula. Mientras tanto, se aglomeran buscando trabajo, como se suscit\u00f3 en las afueras de las antiguas instalaciones de Pemex, donde se ubican las oficinas del programa de emergencia social en espera de ser llamados para ser contratados en d\u00edas posteriores. Otros m\u00e1s venden cosas e intentan sobrevivir de diversas formas.<\/p>\n<figure class=\"wp-block-gallery columns-2 is-cropped\">\n<ul class=\"blocks-gallery-grid\">\n<li class=\"blocks-gallery-item\">\n<figure><img loading=\"lazy\" decoding=\"async\" class=\"wp-image-47626\" src=\"https:\/\/avispa.org\/wp-content\/uploads\/2021\/12\/MigracionTapachula-20-1-1024x683.jpg\" sizes=\"auto, (max-width: 1024px) 100vw, 1024px\" srcset=\"https:\/\/avispa.org\/wp-content\/uploads\/2021\/12\/MigracionTapachula-20-1-1024x683.jpg 1024w, https:\/\/avispa.org\/wp-content\/uploads\/2021\/12\/MigracionTapachula-20-1-300x200.jpg 300w, https:\/\/avispa.org\/wp-content\/uploads\/2021\/12\/MigracionTapachula-20-1-768x512.jpg 768w, https:\/\/avispa.org\/wp-content\/uploads\/2021\/12\/MigracionTapachula-20-1-696x464.jpg 696w, https:\/\/avispa.org\/wp-content\/uploads\/2021\/12\/MigracionTapachula-20-1-1068x713.jpg 1068w, https:\/\/avispa.org\/wp-content\/uploads\/2021\/12\/MigracionTapachula-20-1-629x420.jpg 629w, https:\/\/avispa.org\/wp-content\/uploads\/2021\/12\/MigracionTapachula-20-1.jpg 1070w\" alt=\"\" width=\"1024\" height=\"683\" data-id=\"47626\" data-full-url=\"https:\/\/avispa.org\/wp-content\/uploads\/2021\/12\/MigracionTapachula-20-1.jpg\" data-link=\"https:\/\/avispa.org\/migraciontapachula-20-2\/\" \/><\/figure>\n<\/li>\n<li class=\"blocks-gallery-item\">\n<figure><img loading=\"lazy\" decoding=\"async\" class=\"wp-image-47631\" src=\"https:\/\/avispa.org\/wp-content\/uploads\/2021\/12\/MigracionTapachula-27-1024x683.jpg\" sizes=\"auto, (max-width: 1024px) 100vw, 1024px\" srcset=\"https:\/\/avispa.org\/wp-content\/uploads\/2021\/12\/MigracionTapachula-27-1024x683.jpg 1024w, https:\/\/avispa.org\/wp-content\/uploads\/2021\/12\/MigracionTapachula-27-300x200.jpg 300w, https:\/\/avispa.org\/wp-content\/uploads\/2021\/12\/MigracionTapachula-27-768x512.jpg 768w, https:\/\/avispa.org\/wp-content\/uploads\/2021\/12\/MigracionTapachula-27-696x464.jpg 696w, https:\/\/avispa.org\/wp-content\/uploads\/2021\/12\/MigracionTapachula-27-1068x713.jpg 1068w, https:\/\/avispa.org\/wp-content\/uploads\/2021\/12\/MigracionTapachula-27-629x420.jpg 629w, https:\/\/avispa.org\/wp-content\/uploads\/2021\/12\/MigracionTapachula-27.jpg 1070w\" alt=\"\" width=\"1024\" height=\"683\" data-id=\"47631\" data-full-url=\"https:\/\/avispa.org\/wp-content\/uploads\/2021\/12\/MigracionTapachula-27.jpg\" data-link=\"https:\/\/avispa.org\/migraciontapachula-27\/\" \/><\/figure>\n<\/li>\n<\/ul><figcaption class=\"blocks-gallery-caption\"><em><sup>Fotos: Santiago Navarro F.<\/sup><\/em><\/figcaption><\/figure>\n<p>Entre los meses de enero a noviembre de este a\u00f1o 2021, el Gobierno de M\u00e9xico detuvo a m\u00e1s de un cuarto de mill\u00f3n de migrantes. <a href=\"https:\/\/www.inm.gob.mx\/gobmx\/word\/wp-content\/uploads\/2021\/12\/Tarjeta-Migratoria-281221.pdf\">Seg\u00fan los registros de Unidad de Pol\u00edtica Migratoria<\/a> (UPM) de la Secretar\u00eda de Gobernaci\u00f3n, se detuvieron a 252 mil 526 migrantes, 108 mil 448 proven\u00edan de Honduras, 18 mil 235 eran haitianos; as\u00ed como otros 2,035 migrantes provenientes de Brasil y 2,246 de Chile.<\/p>\n<p>Gretchen Kuhner, directora del Instituto para las Mujeres en la Migraci\u00f3n (Imumi), advirti\u00f3 que el aumento de las detenciones no hubiera sido posible sin el involucramiento de la Guardia Nacional, el Ej\u00e9rcito y la Marina.<\/p>\n<p>Las medidas que ha tomado el Estado mexicano han sido encaminadas de acuerdo con la Declaraci\u00f3n Conjunta entre M\u00e9xico-Estados Unidos, firmada el 7 de junio del 2019, mediante la cual el gobierno de M\u00e9xico se comprometi\u00f3 a combatir el tr\u00e1fico de personas y desplegar a su Guardia Nacional en sus fronteras.<\/p>\n<figure class=\"wp-block-image size-large\"><a class=\"td-modal-image\" href=\"https:\/\/avispa.org\/wp-content\/uploads\/2021\/12\/MigracionTapachula-28-1-1024x683.jpg\"><img loading=\"lazy\" decoding=\"async\" class=\"wp-image-47632\" src=\"https:\/\/avispa.org\/wp-content\/uploads\/2021\/12\/MigracionTapachula-28-1-1024x683.jpg\" sizes=\"auto, (max-width: 1024px) 100vw, 1024px\" srcset=\"https:\/\/avispa.org\/wp-content\/uploads\/2021\/12\/MigracionTapachula-28-1-1024x683.jpg 1024w, https:\/\/avispa.org\/wp-content\/uploads\/2021\/12\/MigracionTapachula-28-1-300x200.jpg 300w, https:\/\/avispa.org\/wp-content\/uploads\/2021\/12\/MigracionTapachula-28-1-768x512.jpg 768w, https:\/\/avispa.org\/wp-content\/uploads\/2021\/12\/MigracionTapachula-28-1-696x464.jpg 696w, https:\/\/avispa.org\/wp-content\/uploads\/2021\/12\/MigracionTapachula-28-1-1068x713.jpg 1068w, https:\/\/avispa.org\/wp-content\/uploads\/2021\/12\/MigracionTapachula-28-1-629x420.jpg 629w, https:\/\/avispa.org\/wp-content\/uploads\/2021\/12\/MigracionTapachula-28-1.jpg 1070w\" alt=\"\" width=\"1024\" height=\"683\" \/><\/a><figcaption><em><sup>Foto: Santiago Navarro F.<\/sup><\/em><\/figcaption><\/figure>\n<p>Tambi\u00e9n, el gobierno mexicano se comprometi\u00f3 con los Estados Unidos para implementar y ampliar los llamados Protocolos de Protecci\u00f3n de Migrantes, conocidos como MPP. \u201cDesde la firma de la Declaraci\u00f3n Conjunta en junio (2019), hemos visto una reducci\u00f3n de casi el 60 por ciento en el n\u00famero de inmigrantes ilegales que llegan a la frontera sur de los EE. UU\u201d, seg\u00fan el testimonio del embajador Michael Kozak, registrado en el documento desclasificado <em>Estados Unidos, Pol\u00edtica en M\u00e9xico y Centroam\u00e9rica: garantizar pol\u00edticas efectivas para abordar la crisis en la frontera<\/em>, del 25 de septiembre de 2019.<\/p>\n<figure class=\"wp-block-gallery columns-2 is-cropped\">\n<ul class=\"blocks-gallery-grid\">\n<li class=\"blocks-gallery-item\">\n<figure><img loading=\"lazy\" decoding=\"async\" class=\"wp-image-47633\" src=\"https:\/\/avispa.org\/wp-content\/uploads\/2021\/12\/MigracionTapachula-29-1024x683.jpg\" sizes=\"auto, (max-width: 1024px) 100vw, 1024px\" srcset=\"https:\/\/avispa.org\/wp-content\/uploads\/2021\/12\/MigracionTapachula-29-1024x683.jpg 1024w, https:\/\/avispa.org\/wp-content\/uploads\/2021\/12\/MigracionTapachula-29-300x200.jpg 300w, https:\/\/avispa.org\/wp-content\/uploads\/2021\/12\/MigracionTapachula-29-768x512.jpg 768w, https:\/\/avispa.org\/wp-content\/uploads\/2021\/12\/MigracionTapachula-29-696x464.jpg 696w, https:\/\/avispa.org\/wp-content\/uploads\/2021\/12\/MigracionTapachula-29-1068x713.jpg 1068w, https:\/\/avispa.org\/wp-content\/uploads\/2021\/12\/MigracionTapachula-29-629x420.jpg 629w, https:\/\/avispa.org\/wp-content\/uploads\/2021\/12\/MigracionTapachula-29.jpg 1070w\" alt=\"\" width=\"1024\" height=\"683\" data-id=\"47633\" data-full-url=\"https:\/\/avispa.org\/wp-content\/uploads\/2021\/12\/MigracionTapachula-29.jpg\" data-link=\"https:\/\/avispa.org\/migraciontapachula-29\/\" \/><\/figure>\n<\/li>\n<li class=\"blocks-gallery-item\">\n<figure><img loading=\"lazy\" decoding=\"async\" class=\"wp-image-47634\" src=\"https:\/\/avispa.org\/wp-content\/uploads\/2021\/12\/MigracionTapachula-32-1024x683.jpg\" sizes=\"auto, (max-width: 1024px) 100vw, 1024px\" srcset=\"https:\/\/avispa.org\/wp-content\/uploads\/2021\/12\/MigracionTapachula-32-1024x683.jpg 1024w, https:\/\/avispa.org\/wp-content\/uploads\/2021\/12\/MigracionTapachula-32-300x200.jpg 300w, https:\/\/avispa.org\/wp-content\/uploads\/2021\/12\/MigracionTapachula-32-768x512.jpg 768w, https:\/\/avispa.org\/wp-content\/uploads\/2021\/12\/MigracionTapachula-32-696x464.jpg 696w, https:\/\/avispa.org\/wp-content\/uploads\/2021\/12\/MigracionTapachula-32-1068x713.jpg 1068w, https:\/\/avispa.org\/wp-content\/uploads\/2021\/12\/MigracionTapachula-32-629x420.jpg 629w, https:\/\/avispa.org\/wp-content\/uploads\/2021\/12\/MigracionTapachula-32.jpg 1070w\" alt=\"\" width=\"1024\" height=\"683\" data-id=\"47634\" data-full-url=\"https:\/\/avispa.org\/wp-content\/uploads\/2021\/12\/MigracionTapachula-32.jpg\" data-link=\"https:\/\/avispa.org\/migraciontapachula-32\/\" \/><\/figure>\n<\/li>\n<\/ul><figcaption class=\"blocks-gallery-caption\"><em><sup>Fotos: Santiago Navarro F.<\/sup><\/em><\/figcaption><\/figure>\n<p>Por su parte, el Departamento de Estado de los EE. UU., a trav\u00e9s de su secretario Antony J. Blinken, anunci\u00f3 el 18 de diciembre, considerado como el <em>D\u00eda Internacional del Migrante, <\/em>que trabajan con diversos gobiernos para \u201cmejorar la cooperaci\u00f3n y la gesti\u00f3n de la migraci\u00f3n. Para proteger a los migrantes en situaciones de vulnerabilidad\u201d.<\/p>\n<figure class=\"wp-block-gallery columns-2 is-cropped\">\n<ul class=\"blocks-gallery-grid\">\n<li class=\"blocks-gallery-item\">\n<figure><img loading=\"lazy\" decoding=\"async\" class=\"wp-image-47635\" src=\"https:\/\/avispa.org\/wp-content\/uploads\/2021\/12\/MigracionTapachula-33-1-1024x683.jpg\" sizes=\"auto, (max-width: 1024px) 100vw, 1024px\" srcset=\"https:\/\/avispa.org\/wp-content\/uploads\/2021\/12\/MigracionTapachula-33-1-1024x683.jpg 1024w, https:\/\/avispa.org\/wp-content\/uploads\/2021\/12\/MigracionTapachula-33-1-300x200.jpg 300w, https:\/\/avispa.org\/wp-content\/uploads\/2021\/12\/MigracionTapachula-33-1-768x512.jpg 768w, https:\/\/avispa.org\/wp-content\/uploads\/2021\/12\/MigracionTapachula-33-1-696x464.jpg 696w, https:\/\/avispa.org\/wp-content\/uploads\/2021\/12\/MigracionTapachula-33-1-1068x713.jpg 1068w, https:\/\/avispa.org\/wp-content\/uploads\/2021\/12\/MigracionTapachula-33-1-629x420.jpg 629w, https:\/\/avispa.org\/wp-content\/uploads\/2021\/12\/MigracionTapachula-33-1.jpg 1070w\" alt=\"\" width=\"1024\" height=\"683\" data-id=\"47635\" data-full-url=\"https:\/\/avispa.org\/wp-content\/uploads\/2021\/12\/MigracionTapachula-33-1.jpg\" data-link=\"https:\/\/avispa.org\/migraciontapachula-33-2\/\" \/><\/figure>\n<\/li>\n<li class=\"blocks-gallery-item\">\n<figure><img loading=\"lazy\" decoding=\"async\" class=\"wp-image-47624\" src=\"https:\/\/avispa.org\/wp-content\/uploads\/2021\/12\/MigracionTapachula-15-1024x683.jpg\" sizes=\"auto, (max-width: 1024px) 100vw, 1024px\" srcset=\"https:\/\/avispa.org\/wp-content\/uploads\/2021\/12\/MigracionTapachula-15-1024x683.jpg 1024w, https:\/\/avispa.org\/wp-content\/uploads\/2021\/12\/MigracionTapachula-15-300x200.jpg 300w, https:\/\/avispa.org\/wp-content\/uploads\/2021\/12\/MigracionTapachula-15-768x512.jpg 768w, https:\/\/avispa.org\/wp-content\/uploads\/2021\/12\/MigracionTapachula-15-696x464.jpg 696w, https:\/\/avispa.org\/wp-content\/uploads\/2021\/12\/MigracionTapachula-15-1068x713.jpg 1068w, https:\/\/avispa.org\/wp-content\/uploads\/2021\/12\/MigracionTapachula-15-629x420.jpg 629w, https:\/\/avispa.org\/wp-content\/uploads\/2021\/12\/MigracionTapachula-15.jpg 1070w\" alt=\"\" width=\"1024\" height=\"683\" data-id=\"47624\" data-full-url=\"https:\/\/avispa.org\/wp-content\/uploads\/2021\/12\/MigracionTapachula-15.jpg\" data-link=\"https:\/\/avispa.org\/migraciontapachula-15\/\" \/><\/figure>\n<\/li>\n<\/ul><figcaption class=\"blocks-gallery-caption\"><em><sup>Fotos: Santiago Navarro F.<\/sup><\/em><\/figcaption><\/figure>\n<p>\u201cPara los gobiernos nos hemos convertido en una moneda de cambio. No les interesamos, somos un estorbo. Pero cuando requieren mano de obra es cuando quieren m\u00e1s migrantes. Pero el planeta esta en crisis y entonces nos rechazan\u201d, arremete Reynol.<\/p>\n<p><\/p>","protected":false},"excerpt":{"rendered":"<p>Por Santiago Navarro F A continuaci\u00f3n presentamos un fotoreportaje que registr\u00f3 la situaci\u00f3n de miles de migrantes haitianos, quienes atrapados durante los primeros d\u00edas de diciembre en Tapachula, esperaron ante la promesa de las autoridades migratorias para conseguir trasladarse hacia otros puntos del pa\u00eds. A\u00fan cuando la informaci\u00f3n oficial habla de miles reubicados, las autoridades [&hellip;]<\/p>\n","protected":false},"author":21,"featured_media":40787,"comment_status":"open","ping_status":"closed","sticky":false,"template":"","format":"standard","meta":{"footnotes":""},"categories":[51,1284,826,959,935],"tags":[58,53,567,30,147,545,87,148,27],"class_list":["post-40786","post","type-post","status-publish","format-standard","has-post-thumbnail","hentry","category-autor","category-latinoamerica","category-medios-libres-2","category-migracion","category-temas","tag-derechos-humanos","tag-justicia","tag-megaproyectos","tag-migracion","tag-militarizacion","tag-pueblos-indigenas","tag-represion","tag-resistencia","tag-solidaridad"],"_links":{"self":[{"href":"https:\/\/radiozapatista.org\/index.php?rest_route=\/wp\/v2\/posts\/40786","targetHints":{"allow":["GET"]}}],"collection":[{"href":"https:\/\/radiozapatista.org\/index.php?rest_route=\/wp\/v2\/posts"}],"about":[{"href":"https:\/\/radiozapatista.org\/index.php?rest_route=\/wp\/v2\/types\/post"}],"author":[{"embeddable":true,"href":"https:\/\/radiozapatista.org\/index.php?rest_route=\/wp\/v2\/users\/21"}],"replies":[{"embeddable":true,"href":"https:\/\/radiozapatista.org\/index.php?rest_route=%2Fwp%2Fv2%2Fcomments&post=40786"}],"version-history":[{"count":2,"href":"https:\/\/radiozapatista.org\/index.php?rest_route=\/wp\/v2\/posts\/40786\/revisions"}],"predecessor-version":[{"id":40821,"href":"https:\/\/radiozapatista.org\/index.php?rest_route=\/wp\/v2\/posts\/40786\/revisions\/40821"}],"wp:featuredmedia":[{"embeddable":true,"href":"https:\/\/radiozapatista.org\/index.php?rest_route=\/wp\/v2\/media\/40787"}],"wp:attachment":[{"href":"https:\/\/radiozapatista.org\/index.php?rest_route=%2Fwp%2Fv2%2Fmedia&parent=40786"}],"wp:term":[{"taxonomy":"category","embeddable":true,"href":"https:\/\/radiozapatista.org\/index.php?rest_route=%2Fwp%2Fv2%2Fcategories&post=40786"},{"taxonomy":"post_tag","embeddable":true,"href":"https:\/\/radiozapatista.org\/index.php?rest_route=%2Fwp%2Fv2%2Ftags&post=40786"}],"curies":[{"name":"wp","href":"https:\/\/api.w.org\/{rel}","templated":true}]}}