{"id":40766,"date":"2021-12-24T12:14:04","date_gmt":"2021-12-24T18:14:04","guid":{"rendered":"https:\/\/radiozapatista.org\/?p=40766"},"modified":"2021-12-24T12:14:04","modified_gmt":"2021-12-24T18:14:04","slug":"comunicado-hermanos-ancalaf-inician-huelga-de-hambre-en-carcel-de-valdivia","status":"publish","type":"post","link":"https:\/\/radiozapatista.org\/?p=40766","title":{"rendered":"[Comunicado] Hermanos Ancalaf inician huelga de hambre en c\u00e1rcel de Valdivia"},"content":{"rendered":"<p><\/p>\n<div class=\"et_pb_section et_pb_section_2_tb_body et_section_regular\">\n<div class=\"et_pb_row et_pb_row_1_tb_body\">\n<div class=\"et_pb_column et_pb_column_4_4 et_pb_column_1_tb_body  et_pb_css_mix_blend_mode_passthrough et-last-child\">\n<div class=\"et_pb_module et_pb_post_content et_pb_post_content_0_tb_body\">\n<p>Ante la negativa de acatar orden judicial por por parte de gendarmer\u00eda que orden\u00f3 traslado de hermanos Ancalaf a c\u00e1rcel de Temuco, estos han iniciado una huelga de hambre por traslado a c\u00e1rcel de Angol.<\/p>\n<p>Comunicado P\u00fablico<\/p>\n<p>A la opini\u00f3n p\u00fablica nacional e internacional, a las comunidades en resistencia, les comunicamos que:<\/p>\n<p>El martes 21 de diciembre se inici\u00f3 la huelga de hambre por parte de los presos pol\u00edticos mapuche Mat\u00edas Ancalaf y Moroni Ancalaf, quienes est\u00e1n en prisi\u00f3n preventiva desde el 9 de octubre del presente a\u00f1o, en el Complejo Penitenciario Llancahue de Valdivia.<\/p>\n<p>Ki\u00f1e: Hace m\u00e1s de dos meses que la familia de lo PPM solicitaron el traslado de los lamgen a la c\u00e1rcel de Angol, quienes a\u00fan se encuentran en prisi\u00f3n preventiva, Morini y Matias Ancalaf.<\/p>\n<p>Epu: El d\u00eda 15 de diciembre en la Audiencia de traslado en el Juzgado de Letras y Garant\u00eda de Collipulli, d\u00f3nde se determin\u00f3 el cambio a la c\u00e1rcel de Temuco; el d\u00eda 16 de diciembre se les notific\u00f3 el traslado a los lamgen Mat\u00edas y Moroni Ancalaf, situaci\u00f3n que se ha dilatado hasta la fecha.<\/p>\n<p>Kvla: El mismo d\u00eda 16 de diciembre es dejado en libertad con arresto domiciliario nocturno al lamgen V\u00edctor Ancalaf, cuyo tramite dejo en espera a la familia m\u00e1s de 4 horas a las afueras de la c\u00e1rcel, justificando que la notificaci\u00f3n oficial a\u00fan no llegaba desde el Juzgado de Letras y Garant\u00eda de Collipulli, tr\u00e1mites que son v\u00eda online de r\u00e1pida notificaci\u00f3n y donde se le inform\u00f3 al lamgen, desde antes del mediod\u00eda que ser\u00eda dejado en libertad, la cual reci\u00e9n cercana a las 20:00 p.m. se le dejo salir de la penitenciar\u00eda, extendiendo lo mayor posible su liberaci\u00f3n.<\/p>\n<p>Meli: Repudiamos rotundamente las condiciones carcelarias, el trato inhumano y racista de parte del Director Regional de Gendarmer\u00eda en la regi\u00f3n de Los R\u00edos: PEDRO FERRADA QUINTANA, denunciamos su actuar racista en contra de los presos pol\u00edticos mapuche en la c\u00e1rcel Llancahue de Valdivia, donde no existe las condiciones adecuadas, que demuestran una violaci\u00f3n a sus derechos carcelarios, en l\u00ednea con el Convenio 169 de la Organizaci\u00f3n Internacional del Trabajo (OIT), donde se contempla crear unidades dentro de los penales para personas ind\u00edgenas.<\/p>\n<p>Kech\u00fc: Estas peticiones son m\u00ednimas y alcanzables, s\u00f3lo por decisi\u00f3n pol\u00edtica del gobierno no se ha llevado a cabo el traslado a la c\u00e1rcel de Temuco, con la clara muestra de debilitar emocionalmente a pu lamgen y mantenerlos alejados de sus familias y su mapu.<\/p>\n<p>Kayu: Exigimos la libertad de todos los presos pol\u00edticos mapuche que se encuentran en las c\u00e1rceles del Wallmapu y han sido injustamente condenados por el estado chileno con sus medidas arbitrarias y racistas.<\/p>\n<p>Regle: Se hace un llamado a llamado a pu lamgen ka pu pe\u00f1i de Ainileufu (Valdivia) a reunirnos ma\u00f1ana 24 de diciembre, a partir de las 10 am. A realizar un ayekan en las afueras de la c\u00e1rcel Llancahue, en apoyo a la lucha que llevan al interior del recinto pu lamgen Moroni Ancalaf y Mat\u00edas Ancalaf.<\/p>\n<p>Esperamos que por medio de la presi\u00f3n y solidaridad de quienes apoyan nuestra justa lucha, podamos alcanzar debidamente estos objetivos.<\/p>\n<p>\u00a1Libertad a todos los presos pol\u00edticos Mapuche!\u00a1\u00a1AMULEPE TAI\u00d1 WEICHAN!! \u00a1\u00a1MARRICHIWEW!!\u00a1\u00a1FUERA LAS FORESTALES DEL WALMAPU!!<\/p>\n<p>Hogar estudiantil y Centro Cultural Weliwen, Ainileufu (Valdivia).<\/p>\n<p>23 diciembre 2021.-<\/p>\n<\/div>\n<\/div>\n<\/div>\n<\/div>\n<p><\/p>","protected":false},"excerpt":{"rendered":"<p>Ante la negativa de acatar orden judicial por por parte de gendarmer\u00eda que orden\u00f3 traslado de hermanos Ancalaf a c\u00e1rcel de Temuco, estos han iniciado una huelga de hambre por traslado a c\u00e1rcel de Angol. Comunicado P\u00fablico A la opini\u00f3n p\u00fablica nacional e internacional, a las comunidades en resistencia, les comunicamos que: El martes 21 [&hellip;]<\/p>\n","protected":false},"author":21,"featured_media":40767,"comment_status":"open","ping_status":"closed","sticky":false,"template":"","format":"standard","meta":{"footnotes":""},"categories":[957,51,1284,826,935],"tags":[79,58,53,1305,567,147,37,545,87,148,27,483,1242],"class_list":["post-40766","post","type-post","status-publish","format-standard","has-post-thumbnail","hentry","category-autonomia","category-autor","category-latinoamerica","category-medios-libres-2","category-temas","tag-autonomia","tag-derechos-humanos","tag-justicia","tag-latinoamerica","tag-megaproyectos","tag-militarizacion","tag-presos-politicos","tag-pueblos-indigenas","tag-represion","tag-resistencia","tag-solidaridad","tag-tierra-y-territorio","tag-wallmapu"],"_links":{"self":[{"href":"https:\/\/radiozapatista.org\/index.php?rest_route=\/wp\/v2\/posts\/40766","targetHints":{"allow":["GET"]}}],"collection":[{"href":"https:\/\/radiozapatista.org\/index.php?rest_route=\/wp\/v2\/posts"}],"about":[{"href":"https:\/\/radiozapatista.org\/index.php?rest_route=\/wp\/v2\/types\/post"}],"author":[{"embeddable":true,"href":"https:\/\/radiozapatista.org\/index.php?rest_route=\/wp\/v2\/users\/21"}],"replies":[{"embeddable":true,"href":"https:\/\/radiozapatista.org\/index.php?rest_route=%2Fwp%2Fv2%2Fcomments&post=40766"}],"version-history":[{"count":1,"href":"https:\/\/radiozapatista.org\/index.php?rest_route=\/wp\/v2\/posts\/40766\/revisions"}],"predecessor-version":[{"id":40768,"href":"https:\/\/radiozapatista.org\/index.php?rest_route=\/wp\/v2\/posts\/40766\/revisions\/40768"}],"wp:featuredmedia":[{"embeddable":true,"href":"https:\/\/radiozapatista.org\/index.php?rest_route=\/wp\/v2\/media\/40767"}],"wp:attachment":[{"href":"https:\/\/radiozapatista.org\/index.php?rest_route=%2Fwp%2Fv2%2Fmedia&parent=40766"}],"wp:term":[{"taxonomy":"category","embeddable":true,"href":"https:\/\/radiozapatista.org\/index.php?rest_route=%2Fwp%2Fv2%2Fcategories&post=40766"},{"taxonomy":"post_tag","embeddable":true,"href":"https:\/\/radiozapatista.org\/index.php?rest_route=%2Fwp%2Fv2%2Ftags&post=40766"}],"curies":[{"name":"wp","href":"https:\/\/api.w.org\/{rel}","templated":true}]}}