{"id":40745,"date":"2021-12-22T19:19:28","date_gmt":"2021-12-23T01:19:28","guid":{"rendered":"https:\/\/radiozapatista.org\/?p=40745"},"modified":"2021-12-22T19:19:28","modified_gmt":"2021-12-23T01:19:28","slug":"luchas-contra-la-mineria-en-portugal-zapatistas-y-cni-hermanan-sus-luchas-por-la-vida","status":"publish","type":"post","link":"https:\/\/radiozapatista.org\/?p=40745","title":{"rendered":"Luchas contra la miner\u00eda en Portugal, Zapatistas y CNI hermanan sus luchas por la Vida"},"content":{"rendered":"<p><\/p>\n<h3><strong>Delegaciones zapatistas y del Congreso Nacional Ind\u00edgena visitaron diferentes luchas contra la miner\u00eda en el centro y norte de Portugal. Desde las monta\u00f1as del sureste mexicano hasta los valles neblinosos de Portugal, diferentes pueblos se hermanan en lucha. Juntos, dicen s\u00ed a la vida y no a los proyectos de muerte.<\/strong><\/h3>\n<p><strong>Por Medios Libres\/Gira por la Vida-Portugal para La tinta<\/strong><\/p>\n<p>Movimientos y personas de diferentes pueblos de Barroso recibieron a los y las representantes ind\u00edgenas y zapatistas en un ambiente de resistencia, rebeld\u00eda y esperanza. En este lugar, se miraron al espejo luchas contra proyectos extractivos que los malos gobiernos alegan que son por el bien del pueblo.<\/p>\n<p><a href=\"https:\/\/latinta.com.ar\/wp-content\/uploads\/2021\/12\/portugal-zapatistas-Congreso-Nacional-Indigena-miner\u00eda-3.jpg\"><img loading=\"lazy\" decoding=\"async\" class=\"size-full wp-image-127491\" src=\"https:\/\/latinta.com.ar\/wp-content\/uploads\/2021\/12\/portugal-zapatistas-Congreso-Nacional-Indigena-miner\u00eda-3.jpg\" sizes=\"auto, (max-width: 1920px) 100vw, 1920px\" srcset=\"https:\/\/latinta.com.ar\/wp-content\/uploads\/2021\/12\/portugal-zapatistas-Congreso-Nacional-Indigena-miner\u00eda-3.jpg 1920w, https:\/\/latinta.com.ar\/wp-content\/uploads\/2021\/12\/portugal-zapatistas-Congreso-Nacional-Indigena-miner\u00eda-3-300x169.jpg 300w, https:\/\/latinta.com.ar\/wp-content\/uploads\/2021\/12\/portugal-zapatistas-Congreso-Nacional-Indigena-miner\u00eda-3-768x432.jpg 768w, https:\/\/latinta.com.ar\/wp-content\/uploads\/2021\/12\/portugal-zapatistas-Congreso-Nacional-Indigena-miner\u00eda-3-1024x576.jpg 1024w\" alt=\"portugal-zapatistas-Congreso-Nacional-Indigena-miner\u00eda-3\" width=\"1920\" height=\"1080\" \/><\/a><\/p>\n<div id=\"gallery-2\" class=\"gallery galleryid-127480 gallery-columns-2 gallery-size-full\">\n<figure class=\"gallery-item\">\n<div class=\"gallery-icon landscape\"><a href=\"https:\/\/latinta.com.ar\/2021\/12\/mineria-portugal-zapatistas\/portugal-zapatistas-congreso-nacional-indigena-mineria-6\/\"><img loading=\"lazy\" decoding=\"async\" class=\"attachment-full size-full\" src=\"https:\/\/latinta.com.ar\/wp-content\/uploads\/2021\/12\/portugal-zapatistas-Congreso-Nacional-Indigena-miner\u00eda-6.jpg\" sizes=\"auto, (max-width: 1920px) 100vw, 1920px\" srcset=\"https:\/\/latinta.com.ar\/wp-content\/uploads\/2021\/12\/portugal-zapatistas-Congreso-Nacional-Indigena-miner\u00eda-6.jpg 1920w, https:\/\/latinta.com.ar\/wp-content\/uploads\/2021\/12\/portugal-zapatistas-Congreso-Nacional-Indigena-miner\u00eda-6-300x169.jpg 300w, https:\/\/latinta.com.ar\/wp-content\/uploads\/2021\/12\/portugal-zapatistas-Congreso-Nacional-Indigena-miner\u00eda-6-768x432.jpg 768w, https:\/\/latinta.com.ar\/wp-content\/uploads\/2021\/12\/portugal-zapatistas-Congreso-Nacional-Indigena-miner\u00eda-6-1024x576.jpg 1024w\" alt=\"portugal-zapatistas-Congreso-Nacional-Indigena-miner\u00eda-6\" width=\"1920\" height=\"1080\" aria-describedby=\"gallery-2-127494\" \/><\/a><\/div><figcaption id=\"gallery-2-127494\" class=\"wp-caption-text gallery-caption\">(Imagen: Mauricio Centuri\u00f3n)<\/figcaption><\/figure>\n<figure class=\"gallery-item\">\n<div class=\"gallery-icon landscape\"><a href=\"https:\/\/latinta.com.ar\/2021\/12\/mineria-portugal-zapatistas\/portugal-zapatistas-congreso-nacional-indigena-mineria-4\/\"><img loading=\"lazy\" decoding=\"async\" class=\"attachment-full size-full\" src=\"https:\/\/latinta.com.ar\/wp-content\/uploads\/2021\/12\/portugal-zapatistas-Congreso-Nacional-Indigena-miner\u00eda-4.jpg\" sizes=\"auto, (max-width: 1920px) 100vw, 1920px\" srcset=\"https:\/\/latinta.com.ar\/wp-content\/uploads\/2021\/12\/portugal-zapatistas-Congreso-Nacional-Indigena-miner\u00eda-4.jpg 1920w, https:\/\/latinta.com.ar\/wp-content\/uploads\/2021\/12\/portugal-zapatistas-Congreso-Nacional-Indigena-miner\u00eda-4-300x169.jpg 300w, https:\/\/latinta.com.ar\/wp-content\/uploads\/2021\/12\/portugal-zapatistas-Congreso-Nacional-Indigena-miner\u00eda-4-768x432.jpg 768w, https:\/\/latinta.com.ar\/wp-content\/uploads\/2021\/12\/portugal-zapatistas-Congreso-Nacional-Indigena-miner\u00eda-4-1024x576.jpg 1024w\" alt=\"portugal-zapatistas-Congreso-Nacional-Indigena-miner\u00eda-4\" width=\"1920\" height=\"1080\" aria-describedby=\"gallery-2-127492\" \/><\/a><\/div><figcaption id=\"gallery-2-127492\" class=\"wp-caption-text gallery-caption\">(Imagen: Mauricio Centuri\u00f3n)<\/figcaption><\/figure>\n<\/div>\n<p>Minas de litio a cielo abierto, termoel\u00e9ctricas, parques e\u00f3licos, presas, gasoductos, agroindustria y agropecuaria intensiva, fracking, emprendimientos y trenes tur\u00edsticos, todos estos proyectos llegan con las promesas de reducir emisiones, acelerar el desarrollo econ\u00f3mico y traer prosperidad. Pero, en verdad, dictan una sentencia de contaminaci\u00f3n del aire, del agua y de la tierra en los pueblos a donde se establecen, destruyendo no solo los medios de subsistencia locales, sino tambi\u00e9n el acceso a recursos naturales b\u00e1sicos.<\/p>\n<p><i>\u201cEn nuestro pa\u00eds tambi\u00e9n hay despojos de tierra y agua.<br \/>\n<\/i><i>Hoy estamos aqu\u00ed para decir que las luchas no deben de caminar solas ni tener un solo protagonista. Mandemos para all\u00e1 el individualismo, que es el fracaso de las luchas.<br \/>\n<\/i><i>No m\u00e1s luchas solas, ahora luchas hermanadas.<br \/>\nNo estan solos, no estamos solos\u201d.<br \/>\n<\/i>Palabras del Congreso Nacional Ind\u00edgena (CNI) en Barroso.<\/p>\n<p>La delegacion del CNI alerta:\u00a0\u201c<i>La Madre Tierra nos pide a gritos que nos levantemos de una vez y frenemos la destrucci\u00f3n que la va a matar, y que nos va a llevar a todos con ella\u201d.<\/i><\/p>\n<figure id=\"attachment_127489\" class=\"wp-caption aligncenter\"><a href=\"https:\/\/latinta.com.ar\/wp-content\/uploads\/2021\/12\/portugal-zapatistas-Congreso-Nacional-Indigena-miner\u00eda.jpg\"><img loading=\"lazy\" decoding=\"async\" class=\"size-full wp-image-127489\" src=\"https:\/\/latinta.com.ar\/wp-content\/uploads\/2021\/12\/portugal-zapatistas-Congreso-Nacional-Indigena-miner\u00eda.jpg\" sizes=\"auto, (max-width: 1920px) 100vw, 1920px\" srcset=\"https:\/\/latinta.com.ar\/wp-content\/uploads\/2021\/12\/portugal-zapatistas-Congreso-Nacional-Indigena-miner\u00eda.jpg 1920w, https:\/\/latinta.com.ar\/wp-content\/uploads\/2021\/12\/portugal-zapatistas-Congreso-Nacional-Indigena-miner\u00eda-300x169.jpg 300w, https:\/\/latinta.com.ar\/wp-content\/uploads\/2021\/12\/portugal-zapatistas-Congreso-Nacional-Indigena-miner\u00eda-768x432.jpg 768w, https:\/\/latinta.com.ar\/wp-content\/uploads\/2021\/12\/portugal-zapatistas-Congreso-Nacional-Indigena-miner\u00eda-1024x576.jpg 1024w\" alt=\"portugal-zapatistas-Congreso-Nacional-Indigena-miner\u00eda\" width=\"1920\" height=\"1080\" \/><\/a><figcaption class=\"wp-caption-text\">(Imagen: Mauricio Centuri\u00f3n)<\/figcaption><\/figure>\n<p>Escuchamos los gritos que irrumpen de las cicatrices que dej\u00f3 la extracci\u00f3n de esta\u00f1o en Cerdedo, de las heridas abiertas por la antigua mina de tungst\u00e9nio en Borralha y la exploraci\u00f3n de quarzo y feldespato en Couto de Dornelas. Tambi\u00e9n son ensordecedores los gritos que salen de los terrenos comunales que cubren las monta\u00f1as de Covas do Barroso, ahora amenazadas por la minera brit\u00e1nica Savannah Resources, y las monta\u00f1as de Morgade, amenazadas por Lusorecursos.<\/p>\n<p>En la Caravana por la Vida, los pueblos ind\u00edgenas de M\u00e9xico unieron su fuerza con los pueblos de diferentes zonas de Portugal que est\u00e1n en lucha contra la llegada de las \u201cmineras verdes\u201d a sus valles. Estos valles tricolores, los pinares brumosos y el horizonte de monta\u00f1as azules hacen sentir en casa a los visitantes.<\/p>\n<figure id=\"attachment_127486\" class=\"wp-caption aligncenter\"><a href=\"https:\/\/latinta.com.ar\/wp-content\/uploads\/2021\/12\/portugal-zapatistas-Congreso-Nacional-Indigena-miner\u00eda-8.jpg\"><img loading=\"lazy\" decoding=\"async\" class=\"size-full wp-image-127486\" src=\"https:\/\/latinta.com.ar\/wp-content\/uploads\/2021\/12\/portugal-zapatistas-Congreso-Nacional-Indigena-miner\u00eda-8.jpg\" sizes=\"auto, (max-width: 1920px) 100vw, 1920px\" srcset=\"https:\/\/latinta.com.ar\/wp-content\/uploads\/2021\/12\/portugal-zapatistas-Congreso-Nacional-Indigena-miner\u00eda-8.jpg 1920w, https:\/\/latinta.com.ar\/wp-content\/uploads\/2021\/12\/portugal-zapatistas-Congreso-Nacional-Indigena-miner\u00eda-8-300x169.jpg 300w, https:\/\/latinta.com.ar\/wp-content\/uploads\/2021\/12\/portugal-zapatistas-Congreso-Nacional-Indigena-miner\u00eda-8-768x432.jpg 768w, https:\/\/latinta.com.ar\/wp-content\/uploads\/2021\/12\/portugal-zapatistas-Congreso-Nacional-Indigena-miner\u00eda-8-1024x576.jpg 1024w\" alt=\"portugal-zapatistas-Congreso-Nacional-Indigena-miner\u00eda-8\" width=\"1920\" height=\"1080\" \/><\/a><figcaption class=\"wp-caption-text\">(Imagen: Mauricio Centuri\u00f3n)<\/figcaption><\/figure>\n<p>Barroso y sus habitantes luchan por preservar la vida, en una regi\u00f3n repleta de cultura y tradiciones ancestrales. La biodiversidad ti\u00f1e de colores estas monta\u00f1as que est\u00e1n amenazadas de volverse gris oscuro con estos megaproyectos.<\/p>\n<p>La lucha por el agua es uno de los principales lazos que une todos estos pueblos. El agua est\u00e1 amenazada por megaproyectos y tambi\u00e9n por las multinacionales que, con sus f\u00e1bricas, la saquean y despu\u00e9s, dicen, vienen a \u201csalvar\u201d el pueblo, vendi\u00e9ndole agua embotellada que las propias compa\u00f1\u00edas contaminaron.<\/p>\n<figure id=\"attachment_127487\" class=\"wp-caption aligncenter\"><a href=\"https:\/\/latinta.com.ar\/wp-content\/uploads\/2021\/12\/portugal-zapatistas-Congreso-Nacional-Indigena-miner\u00eda-9.jpg\"><img loading=\"lazy\" decoding=\"async\" class=\"size-full wp-image-127487\" src=\"https:\/\/latinta.com.ar\/wp-content\/uploads\/2021\/12\/portugal-zapatistas-Congreso-Nacional-Indigena-miner\u00eda-9.jpg\" sizes=\"auto, (max-width: 1920px) 100vw, 1920px\" srcset=\"https:\/\/latinta.com.ar\/wp-content\/uploads\/2021\/12\/portugal-zapatistas-Congreso-Nacional-Indigena-miner\u00eda-9.jpg 1920w, https:\/\/latinta.com.ar\/wp-content\/uploads\/2021\/12\/portugal-zapatistas-Congreso-Nacional-Indigena-miner\u00eda-9-300x169.jpg 300w, https:\/\/latinta.com.ar\/wp-content\/uploads\/2021\/12\/portugal-zapatistas-Congreso-Nacional-Indigena-miner\u00eda-9-768x432.jpg 768w, https:\/\/latinta.com.ar\/wp-content\/uploads\/2021\/12\/portugal-zapatistas-Congreso-Nacional-Indigena-miner\u00eda-9-1024x576.jpg 1024w\" alt=\"portugal-zapatistas-Congreso-Nacional-Indigena-miner\u00eda-9\" width=\"1920\" height=\"1080\" \/><\/a><figcaption class=\"wp-caption-text\">(Imagen: Mauricio Centuri\u00f3n)<\/figcaption><\/figure>\n<p><i>\u201cEse r\u00edo hermoso que ven ah\u00ed ya no va a estar hermoso, compas, si se instala la mina.<br \/>\n<\/i><i>Se va a contaminar y va a ir contaminando a los r\u00edos que lo unen.<br \/>\n<\/i><i>El agua que hoy se toma ya no se va a poder tomar\u201d.<br \/>\n<\/i>Palabras del Congreso Nacional Ind\u00edgena.<\/p>\n<p>Al paso que las transnacionales recorren a las redes sociales y a los medios masivos para anunciar sus encuentros con importantes personalidades y mantener su imagen, los pueblos se encuentran de forma discreta, se miran y se reconocen unos en los otros, tejiendo lazos de fuerza y esperanza para enfrentar al enemigo com\u00fan: el capitalismo.<\/p>\n<p>Barroso ya est\u00e1 del otro lado del mundo tambi\u00e9n, junto a los pueblos de M\u00e9xico. Y, como dicen las compa\u00f1eras del CNI, ya no somos solo la voz y los ojos de todos los pueblos de M\u00e9xico, sino de todos los pueblos del mundo.<\/p>\n<p>Barroso ya no lucha solo.<\/p>\n<figure id=\"attachment_127485\" class=\"wp-caption aligncenter\"><a href=\"https:\/\/latinta.com.ar\/wp-content\/uploads\/2021\/12\/portugal-zapatistas-Congreso-Nacional-Indigena-miner\u00eda-7.jpg\"><img loading=\"lazy\" decoding=\"async\" class=\"size-full wp-image-127485\" src=\"https:\/\/latinta.com.ar\/wp-content\/uploads\/2021\/12\/portugal-zapatistas-Congreso-Nacional-Indigena-miner\u00eda-7.jpg\" sizes=\"auto, (max-width: 1920px) 100vw, 1920px\" srcset=\"https:\/\/latinta.com.ar\/wp-content\/uploads\/2021\/12\/portugal-zapatistas-Congreso-Nacional-Indigena-miner\u00eda-7.jpg 1920w, https:\/\/latinta.com.ar\/wp-content\/uploads\/2021\/12\/portugal-zapatistas-Congreso-Nacional-Indigena-miner\u00eda-7-300x169.jpg 300w, https:\/\/latinta.com.ar\/wp-content\/uploads\/2021\/12\/portugal-zapatistas-Congreso-Nacional-Indigena-miner\u00eda-7-768x432.jpg 768w, https:\/\/latinta.com.ar\/wp-content\/uploads\/2021\/12\/portugal-zapatistas-Congreso-Nacional-Indigena-miner\u00eda-7-1024x576.jpg 1024w\" alt=\"portugal-zapatistas-Congreso-Nacional-Indigena-miner\u00eda-7\" width=\"1920\" height=\"1080\" \/><\/a><figcaption class=\"wp-caption-text\">(Imagen: Mauricio Centuri\u00f3n)<\/figcaption><\/figure>\n<h4><b>\u201cAqu\u00ed, como les est\u00e1n haciendo, all\u00e1 nos hicieron\u201d<\/b><\/h4>\n<p>El caminar del Congreso Nacional Ind\u00edgena tambi\u00e9n les ha llevado hasta la Serra de Argemela, otra zona de monta\u00f1as amenazada por la miner\u00eda de litio, ahora en el interior y centro del territorio portugu\u00e9s. Una vez m\u00e1s, la delegaci\u00f3n del CNI se mir\u00f3 al espejo, intercambiando con movimientos y la poblaci\u00f3n local sobre sus dolores, sus problemas, los ataques que enfrentan, que son los mismos y uno solo. Sobre la necesidad de responder al llamado de la Madre Tierra y organizarnos desde abajo, desde cada comunidad, para defender nuestros modos, nuestras culturas, nuestros pueblos, nuestro territorio, nuestra agua, nuestra Vida.<\/p>\n<p><a href=\"https:\/\/latinta.com.ar\/wp-content\/uploads\/2021\/12\/portugal-zapatistas-Congreso-Nacional-Indigena-miner\u00eda-10.jpg\"><img loading=\"lazy\" decoding=\"async\" class=\"size-full wp-image-127488\" src=\"https:\/\/latinta.com.ar\/wp-content\/uploads\/2021\/12\/portugal-zapatistas-Congreso-Nacional-Indigena-miner\u00eda-10.jpg\" sizes=\"auto, (max-width: 1920px) 100vw, 1920px\" srcset=\"https:\/\/latinta.com.ar\/wp-content\/uploads\/2021\/12\/portugal-zapatistas-Congreso-Nacional-Indigena-miner\u00eda-10.jpg 1920w, https:\/\/latinta.com.ar\/wp-content\/uploads\/2021\/12\/portugal-zapatistas-Congreso-Nacional-Indigena-miner\u00eda-10-300x169.jpg 300w, https:\/\/latinta.com.ar\/wp-content\/uploads\/2021\/12\/portugal-zapatistas-Congreso-Nacional-Indigena-miner\u00eda-10-768x432.jpg 768w, https:\/\/latinta.com.ar\/wp-content\/uploads\/2021\/12\/portugal-zapatistas-Congreso-Nacional-Indigena-miner\u00eda-10-1024x576.jpg 1024w\" alt=\"portugal-zapatistas-Congreso-Nacional-Indigena-miner\u00eda-10\" width=\"1920\" height=\"1080\" \/><\/a><\/p>\n<figure id=\"attachment_127493\" class=\"wp-caption aligncenter\"><a href=\"https:\/\/latinta.com.ar\/wp-content\/uploads\/2021\/12\/portugal-zapatistas-Congreso-Nacional-Indigena-miner\u00eda-5.jpg\"><img loading=\"lazy\" decoding=\"async\" class=\"size-full wp-image-127493\" src=\"https:\/\/latinta.com.ar\/wp-content\/uploads\/2021\/12\/portugal-zapatistas-Congreso-Nacional-Indigena-miner\u00eda-5.jpg\" sizes=\"auto, (max-width: 1920px) 100vw, 1920px\" srcset=\"https:\/\/latinta.com.ar\/wp-content\/uploads\/2021\/12\/portugal-zapatistas-Congreso-Nacional-Indigena-miner\u00eda-5.jpg 1920w, https:\/\/latinta.com.ar\/wp-content\/uploads\/2021\/12\/portugal-zapatistas-Congreso-Nacional-Indigena-miner\u00eda-5-300x169.jpg 300w, https:\/\/latinta.com.ar\/wp-content\/uploads\/2021\/12\/portugal-zapatistas-Congreso-Nacional-Indigena-miner\u00eda-5-768x432.jpg 768w, https:\/\/latinta.com.ar\/wp-content\/uploads\/2021\/12\/portugal-zapatistas-Congreso-Nacional-Indigena-miner\u00eda-5-1024x576.jpg 1024w\" alt=\"portugal-zapatistas-Congreso-Nacional-Indigena-miner\u00eda-5\" width=\"1920\" height=\"1080\" \/><\/a><figcaption class=\"wp-caption-text\">(Imagen: Mauricio Centuri\u00f3n)<\/figcaption><\/figure>\n<p><i>\u201cHermanos y Hermanas, la mejor manera, la mejor receta, el mejor remedio, es organizarnos.<br \/>\n<\/i><i>Ya dec\u00eda, dejemos a un lado nuestras diferencias. Que no haya liderazgos, que no haya pol\u00edticos,<br \/>\n<\/i><i>que no haya caudillismo. Porque donde hay caudillos, hay protagonistas, hay un pol\u00edtico en una organizaci\u00f3n, fracasan. \u00bfPor qu\u00e9? Porque esa persona, l\u00edder o dirigente, se vende, lo compran,<br \/>\n<\/i><i>y la organizaci\u00f3n se fue para abajo. Esto debe ser comunitario, colectivo.<br \/>\n<\/i><i>La colectividad es lo que nos lleva al triunfo de nuestras luchas\u201d.<br \/>\n<\/i>Palabras del CNI en el pueblo de Barco, en la Serra de Argemela.<\/p>\n<p><em>*Por Medios Libres\/Gira por la Vida-Portugal para La tinta \/ Imagen de portada:\u00a0Mauricio Centuri\u00f3n.<\/em><\/p>\n<div id=\"wp_rp_first\" class=\"wp_rp_wrap  wp_rp_vertical\">\n<div class=\"wp_rp_content\">\n<h3 class=\"related_post_title\"><\/h3>\n<\/div>\n<\/div>\n<p><\/p>","protected":false},"excerpt":{"rendered":"<p>Delegaciones zapatistas y del Congreso Nacional Ind\u00edgena visitaron diferentes luchas contra la miner\u00eda en el centro y norte de Portugal. Desde las monta\u00f1as del sureste mexicano hasta los valles neblinosos de Portugal, diferentes pueblos se hermanan en lucha. Juntos, dicen s\u00ed a la vida y no a los proyectos de muerte. Por Medios Libres\/Gira por [&hellip;]<\/p>\n","protected":false},"author":21,"featured_media":40746,"comment_status":"open","ping_status":"closed","sticky":false,"template":"","format":"standard","meta":{"footnotes":""},"categories":[1318,1024,826,954],"tags":[79,36,58,56,53,567,147,545,87,148,27,483,1317],"class_list":["post-40745","post","type-post","status-publish","format-standard","has-post-thumbnail","hentry","category-caravana-zapatista-a-europa","category-cni-temas","category-medios-libres-2","category-mexico","tag-autonomia","tag-comunidades-zapatistas","tag-derechos-humanos","tag-encuentros","tag-justicia","tag-megaproyectos","tag-militarizacion","tag-pueblos-indigenas","tag-represion","tag-resistencia","tag-solidaridad","tag-tierra-y-territorio","tag-travesia-por-la-vida"],"_links":{"self":[{"href":"https:\/\/radiozapatista.org\/index.php?rest_route=\/wp\/v2\/posts\/40745","targetHints":{"allow":["GET"]}}],"collection":[{"href":"https:\/\/radiozapatista.org\/index.php?rest_route=\/wp\/v2\/posts"}],"about":[{"href":"https:\/\/radiozapatista.org\/index.php?rest_route=\/wp\/v2\/types\/post"}],"author":[{"embeddable":true,"href":"https:\/\/radiozapatista.org\/index.php?rest_route=\/wp\/v2\/users\/21"}],"replies":[{"embeddable":true,"href":"https:\/\/radiozapatista.org\/index.php?rest_route=%2Fwp%2Fv2%2Fcomments&post=40745"}],"version-history":[{"count":1,"href":"https:\/\/radiozapatista.org\/index.php?rest_route=\/wp\/v2\/posts\/40745\/revisions"}],"predecessor-version":[{"id":40747,"href":"https:\/\/radiozapatista.org\/index.php?rest_route=\/wp\/v2\/posts\/40745\/revisions\/40747"}],"wp:featuredmedia":[{"embeddable":true,"href":"https:\/\/radiozapatista.org\/index.php?rest_route=\/wp\/v2\/media\/40746"}],"wp:attachment":[{"href":"https:\/\/radiozapatista.org\/index.php?rest_route=%2Fwp%2Fv2%2Fmedia&parent=40745"}],"wp:term":[{"taxonomy":"category","embeddable":true,"href":"https:\/\/radiozapatista.org\/index.php?rest_route=%2Fwp%2Fv2%2Fcategories&post=40745"},{"taxonomy":"post_tag","embeddable":true,"href":"https:\/\/radiozapatista.org\/index.php?rest_route=%2Fwp%2Fv2%2Ftags&post=40745"}],"curies":[{"name":"wp","href":"https:\/\/api.w.org\/{rel}","templated":true}]}}