{"id":40742,"date":"2021-12-22T19:07:58","date_gmt":"2021-12-23T01:07:58","guid":{"rendered":"https:\/\/radiozapatista.org\/?p=40742"},"modified":"2021-12-22T19:07:58","modified_gmt":"2021-12-23T01:07:58","slug":"el-estado-guatemalteco-es-hallado-culpable-por-masacre-en-aldea-los-josefinos-en-1982-bajo-el-regimen-de-rios-montt","status":"publish","type":"post","link":"https:\/\/radiozapatista.org\/?p=40742","title":{"rendered":"El Estado Guatemalteco es hallado culpable por masacre en Aldea Los Josefinos en 1982 bajo el r\u00e9gimen de R\u00edos Montt"},"content":{"rendered":"<p>Por Juan Calles<\/p>\n<p>Era de madrugada, en la aldea Los Josefinos, en la Libertad Pet\u00e9n, pocas personas se hab\u00edan levantado de su cama para iniciar la jornada del d\u00eda, de pronto, la aldea estuvo rodeada por elementos del Ej\u00e9rcito de Guatemala; para antes de llegar el medio d\u00eda la aldea hab\u00eda sido arrasada, ancianos, ni\u00f1os, ni\u00f1as, hombres y mujeres fueron masacrados, era 29 de abril de 1982.<\/p>\n<p>Despu\u00e9s de asesinar a familias enteras, los efectivos militares quemaron las viviendas y al siguiente d\u00eda enterraron los cuerpos en una fosa com\u00fan.<\/p>\n<p>Al menos 38 personas murieron durante la masacre, algunos sobrevivientes huyeron a las monta\u00f1as cercanas y otros salieron del pa\u00eds como refugiados pol\u00edticos.<\/p>\n<p>Este 21 de diciembre de 2021 la Corte Interamericana de Derechos Humanos \u2013 CorteIDH \u2013 encontr\u00f3 al Estado de Guatemala responsable internacionalmente por las violaciones de derechos humanos relacionadas con la masacre de la Aldea Los Josefinos. Al mismo tiempo, el caso se encuentra bajo investigaci\u00f3n por parte de la Unidad de Casos Especiales del Conflicto Armado Interno de la Fiscal\u00eda de Derechos Humanos del Ministerio P\u00fablico en Guatemala.<\/p>\n<p>En la sentencia de la CorteIDH se se\u00f1ala al Estado de Guatemala como responsable de la desaparici\u00f3n forzada de 14 personas, el desplazamiento forzado de 7 personas y sus n\u00facleos familiares, la violaci\u00f3n al derecho a la familia de 6 personas, la violaci\u00f3n del derecho a la ni\u00f1ez de 6 ni\u00f1os y ni\u00f1as, as\u00ed como la violaci\u00f3n de los derechos a las garant\u00edas judiciales, a la protecci\u00f3n judicial y a conocer la verdad en perjuicio de 1.439 personas; el tribunal internacional tambi\u00e9n determin\u00f3 que el Estado viol\u00f3 el derecho a la integridad personal de los familiares de las personas que fueron desaparecidas y ejecutadas extrajudicialmente, as\u00ed como de las v\u00edctimas sobrevivientes de la masacre.<\/p>\n<p><strong>La sentencia tambi\u00e9n ordena medidas de reparaci\u00f3n <\/strong><\/p>\n<p>Entre otras, la CorteIDH ordena al Estado guatemalteco:<\/p>\n<ul>\n<li>Remover todos los obst\u00e1culos legales y no legales que mantienen la impunidad en este caso<\/li>\n<li>Continuar o reabrir las investigaciones que sean necesarias para sancionar a los responsables de las violaciones de los derechos humanos<\/li>\n<li>Elaborar un plan detallado con definici\u00f3n de objetivos y metas concretas para la b\u00fasqueda de los miembros de la Aldea los Josefinos desaparecidos forzadamente<\/li>\n<li>Implementar una medida de fortalecimiento del centro de salud ubicado en la Aldea Los Josefinos mediante la dotaci\u00f3n de recursos humanos permanentes y calificados en materia de atenci\u00f3n a la salud f\u00edsica, psicol\u00f3gica y odontol\u00f3gica<\/li>\n<li>Continuar con la construcci\u00f3n del monumento en la zona donde se encontr\u00f3 la fosa clandestina, as\u00ed con la instalaci\u00f3n de una placa conmemorativa de los hechos ocurridos<\/li>\n<li>Realizar un documental audiovisual sobre la masacre ocurrida los d\u00edas 28 y 29 de abril de 1982 en la Aldea Los Josefinos.<\/li>\n<\/ul>\n<p>La comisi\u00f3n del esclarecimiento hist\u00f3rico document\u00f3 669 masacres durante la guerra civil de 36 a\u00f1os, de las cuales 626 fueron atribuidas al ej\u00e9rcito de Guatemala; el conflicto dej\u00f3 unos 200.000 muertos y desaparecidos, seg\u00fan el informe presentado en 1999.<\/p>\n<div class=\"twitter-tweet twitter-tweet-rendered\"><iframe loading=\"lazy\" id=\"twitter-widget-0\" class=\"\" title=\"Twitter Tweet\" src=\"https:\/\/platform.twitter.com\/embed\/Tweet.html?dnt=true&amp;embedId=twitter-widget-0&amp;features=eyJ0ZndfZXhwZXJpbWVudHNfY29va2llX2V4cGlyYXRpb24iOnsiYnVja2V0IjoxMjA5NjAwLCJ2ZXJzaW9uIjpudWxsfSwidGZ3X2hvcml6b25fdHdlZXRfZW1iZWRfOTU1NSI6eyJidWNrZXQiOiJodGUiLCJ2ZXJzaW9uIjpudWxsfSwidGZ3X3NwYWNlX2NhcmQiOnsiYnVja2V0Ijoib2ZmIiwidmVyc2lvbiI6bnVsbH19&amp;frame=false&amp;hideCard=false&amp;hideThread=false&amp;id=1473452155243679744&amp;lang=es&amp;origin=https%3A%2F%2Fwww.prensacomunitaria.org%2F2021%2F12%2Fel-estado-guatemalteco-es-hallado-culpable-por-masacre-en-aldea-los-josefinos-en-1982-bajo-el-regimen-de-rios-montt%2F&amp;sessionId=02b923e93428dfaa2dc91ad5e54ac5c7359d1f0f&amp;theme=light&amp;widgetsVersion=9fd78d5%3A1638479056965&amp;width=550px\" width=\"300\" height=\"150\" frameborder=\"0\" scrolling=\"no\" allowfullscreen=\"allowfullscreen\" data-tweet-id=\"1473452155243679744\" data-mce-fragment=\"1\"><\/iframe><\/div>\n<p>Proceso de exhumaci\u00f3n de la fosa com\u00fan en la aldea Josefinos en Pet\u00e9n:<\/p>\n<div id=\"gallery-1\" class=\"gallery galleryid-81466 gallery-columns-2 gallery-size-large\">\n<figure class=\"gallery-item\">\n<div class=\"gallery-icon landscape\"><a href=\"https:\/\/www.prensacomunitaria.org\/2021\/12\/el-estado-guatemalteco-es-hallado-culpable-por-masacre-en-aldea-los-josefinos-en-1982-bajo-el-regimen-de-rios-montt\/photo_2021-12-22_15-39-02\/#main\"><img loading=\"lazy\" decoding=\"async\" class=\"attachment-large size-large\" src=\"https:\/\/www.prensacomunitaria.org\/wp-content\/uploads\/2021\/12\/photo_2021-12-22_15-39-02.jpg\" sizes=\"auto, (max-width: 1280px) 100vw, 1280px\" srcset=\"https:\/\/www.prensacomunitaria.org\/wp-content\/uploads\/2021\/12\/photo_2021-12-22_15-39-02.jpg 1280w, https:\/\/www.prensacomunitaria.org\/wp-content\/uploads\/2021\/12\/photo_2021-12-22_15-39-02-300x232.jpg 300w\" alt=\"\" width=\"1280\" height=\"989\" aria-describedby=\"gallery-1-81472\" \/><\/a><\/div><figcaption id=\"gallery-1-81472\" class=\"wp-caption-text gallery-caption\">Fotos FAMDEGUA<\/figcaption><\/figure>\n<figure class=\"gallery-item\">\n<div class=\"gallery-icon landscape\"><a href=\"https:\/\/www.prensacomunitaria.org\/2021\/12\/el-estado-guatemalteco-es-hallado-culpable-por-masacre-en-aldea-los-josefinos-en-1982-bajo-el-regimen-de-rios-montt\/photo_2021-12-22_15-38-58\/#main\"><img loading=\"lazy\" decoding=\"async\" class=\"attachment-large size-large\" src=\"https:\/\/www.prensacomunitaria.org\/wp-content\/uploads\/2021\/12\/photo_2021-12-22_15-38-58.jpg\" sizes=\"auto, (max-width: 1280px) 100vw, 1280px\" srcset=\"https:\/\/www.prensacomunitaria.org\/wp-content\/uploads\/2021\/12\/photo_2021-12-22_15-38-58.jpg 1280w, https:\/\/www.prensacomunitaria.org\/wp-content\/uploads\/2021\/12\/photo_2021-12-22_15-38-58-300x232.jpg 300w\" alt=\"\" width=\"1280\" height=\"989\" \/><\/a><\/div>\n<\/figure>\n<\/div>\n<p><\/p>","protected":false},"excerpt":{"rendered":"<p>Por Juan Calles Era de madrugada, en la aldea Los Josefinos, en la Libertad Pet\u00e9n, pocas personas se hab\u00edan levantado de su cama para iniciar la jornada del d\u00eda, de pronto, la aldea estuvo rodeada por elementos del Ej\u00e9rcito de Guatemala; para antes de llegar el medio d\u00eda la aldea hab\u00eda sido arrasada, ancianos, ni\u00f1os, [&hellip;]<\/p>\n","protected":false},"author":21,"featured_media":40743,"comment_status":"open","ping_status":"closed","sticky":false,"template":"","format":"standard","meta":{"footnotes":""},"categories":[51,1284,826,958,935],"tags":[58,53,1305,147,23,37,545,87,148,27,483],"class_list":["post-40742","post","type-post","status-publish","format-standard","has-post-thumbnail","hentry","category-autor","category-latinoamerica","category-medios-libres-2","category-megaproyectos","category-temas","tag-derechos-humanos","tag-justicia","tag-latinoamerica","tag-militarizacion","tag-paramilitares","tag-presos-politicos","tag-pueblos-indigenas","tag-represion","tag-resistencia","tag-solidaridad","tag-tierra-y-territorio"],"_links":{"self":[{"href":"https:\/\/radiozapatista.org\/index.php?rest_route=\/wp\/v2\/posts\/40742","targetHints":{"allow":["GET"]}}],"collection":[{"href":"https:\/\/radiozapatista.org\/index.php?rest_route=\/wp\/v2\/posts"}],"about":[{"href":"https:\/\/radiozapatista.org\/index.php?rest_route=\/wp\/v2\/types\/post"}],"author":[{"embeddable":true,"href":"https:\/\/radiozapatista.org\/index.php?rest_route=\/wp\/v2\/users\/21"}],"replies":[{"embeddable":true,"href":"https:\/\/radiozapatista.org\/index.php?rest_route=%2Fwp%2Fv2%2Fcomments&post=40742"}],"version-history":[{"count":1,"href":"https:\/\/radiozapatista.org\/index.php?rest_route=\/wp\/v2\/posts\/40742\/revisions"}],"predecessor-version":[{"id":40744,"href":"https:\/\/radiozapatista.org\/index.php?rest_route=\/wp\/v2\/posts\/40742\/revisions\/40744"}],"wp:featuredmedia":[{"embeddable":true,"href":"https:\/\/radiozapatista.org\/index.php?rest_route=\/wp\/v2\/media\/40743"}],"wp:attachment":[{"href":"https:\/\/radiozapatista.org\/index.php?rest_route=%2Fwp%2Fv2%2Fmedia&parent=40742"}],"wp:term":[{"taxonomy":"category","embeddable":true,"href":"https:\/\/radiozapatista.org\/index.php?rest_route=%2Fwp%2Fv2%2Fcategories&post=40742"},{"taxonomy":"post_tag","embeddable":true,"href":"https:\/\/radiozapatista.org\/index.php?rest_route=%2Fwp%2Fv2%2Ftags&post=40742"}],"curies":[{"name":"wp","href":"https:\/\/api.w.org\/{rel}","templated":true}]}}