{"id":40692,"date":"2021-12-17T13:42:25","date_gmt":"2021-12-17T19:42:25","guid":{"rendered":"https:\/\/radiozapatista.org\/?p=40692"},"modified":"2021-12-17T13:42:25","modified_gmt":"2021-12-17T19:42:25","slug":"comunicado-convocatoria-jornada-de-agitacion-y-propaganda-en-solidaridad-con-el-wallmapu","status":"publish","type":"post","link":"https:\/\/radiozapatista.org\/?p=40692","title":{"rendered":"[Comunicado] Convocatoria Jornada de agitaci\u00f3n y propaganda en solidaridad con el Wallmapu"},"content":{"rendered":"<p><\/p>\n<div id=\"titulo-container\" class=\"et_pb_section et_pb_section_0_tb_body et_section_regular\">\n<div id=\"titulo-letra\" class=\"et_pb_row et_pb_row_0_tb_body\">\n<div class=\"et_pb_column et_pb_column_4_4 et_pb_column_0_tb_body  et_pb_css_mix_blend_mode_passthrough et-last-child\">\n<div class=\"et_pb_module et_pb_post_title et_pb_post_title_0_tb_body et_pb_bg_layout_light  et_pb_text_align_left\">\n<div class=\"et_pb_title_container\"><\/div>\n<\/div>\n<\/div>\n<\/div>\n<\/div>\n<div id=\"titulo-noticia\" class=\"et_pb_section et_pb_section_1_tb_body titulo-noticia et_pb_fullwidth_section et_section_regular\">\n<div class=\"et_pb_module et_pb_fullwidth_post_title_0_tb_body et_pb_post_title  et_pb_text_align_left et_pb_bg_layout_dark et_pb_featured_bg\"><\/div>\n<\/div>\n<div class=\"et_pb_section et_pb_section_2_tb_body et_section_regular\">\n<div class=\"et_pb_row et_pb_row_1_tb_body\">\n<div class=\"et_pb_column et_pb_column_4_4 et_pb_column_1_tb_body  et_pb_css_mix_blend_mode_passthrough et-last-child\">\n<div class=\"et_pb_module et_pb_post_content et_pb_post_content_0_tb_body\">\n<p class=\"has-background\">\u00ab<strong>QUEREMOS CONVOCAR A TODOS LOS TERRITORIOS A ACTIVAR UNA JORNADA DE AGITACI\u00d3N Y PROPAGANDA; CHEM DE RESISTENCIA: CONTRA LA VIOLENCIA DE ESTE E$TADO POLICIAL\/LATIFUNDISTA QUE HOY TIENE SITIADO A LAS DIVERSOS LOF DEL WALLMAPU QUE PERSIGUE Y MATAN A TODA PERSONA QUE LUCHA POR LA RECUPERACI\u00d3N DEL AGUA, DE LA MAPU, DE LA LIBERTAD Y LA DIGNIDAD.<br \/>\nIniciando \u00e9sta el 19 al 31 de DICIEMBRE con una campa\u00f1a con afiches\/propaganda \/ diversas acciones de solidaridad con el pueblo mapuche.<\/strong>\u00ab<\/p>\n<p><strong>Comunicado<\/strong><\/p>\n<p>JORNADA DE AGITACION Y PROPAGANDA EN SOLIDARIDAD CON EL WALLMAPU<br \/>\n(19 al 31 de diciembre).<\/p>\n<p>Marri marri pu pe\u00f1i pu lamien ka pu wenuy<\/p>\n<p>Desde la coordinacion realizada hace un mes para dar a conocer el caso del desaparecimiento forzado de nuestro hermano Jose Huenante por parte de Carabineros de Chile en la que se convoco a diversos territorios para exigir verdad y justicia, confluyendo distintas organizaciones y lugares dando el apoyo y difusion a la familia de nuestro hermano , hoy nuevamente nos autoconvocamos frente a la actual situacion que se esta viviendo en el wallmapu y la militarizacion por parte del estado chileno, comunicando lo siguiente :<\/p>\n<p>Ki\u00f1e._Queremos saludar a las organizaciones mapuche y a todxs nuestrxs hermanxs en pie de lucha y resistencia a lo largo de todo el territorio del wallmapu; pu pe\u00f1i y lamngen ejerciendo control territorial en los lof de una y otra forma aportando a liberaci\u00f3n del pueblo nacion mapuche y su autonomia ;a los presxs pol\u00edticxs mapuche y chilenxs a cada una de sus pu re\u00f1ma (familias) que sufren diariamente el abandono , la persecucion y los continuos asesinatos de weichafe ; al pueblo consciente que trabaja por la recuperaci\u00f3n del kvme mongen en sus distintas expresiones: tomas de terreno urbanas, escuelas autogestionadas, autocultivo, cuidado y protecci\u00f3n de menokos y humedales, etc.<\/p>\n<p>Epu._ Hoy, en un momento politico en que nuevamente la peque\u00f1a burguesia frena las luchas sociales y buscando su acomodo en este sistema winka y capitalista,con su tendencia fascista por una y por otro la socialdemocracia llevando como ganado a la \u00abciudadan\u00eda\u00bb a elegir su proximo opresor en esta mal llamada \u00abdemocracia\u00bb; la represi\u00f3n y la injusticia no han terminado, por el contrario, crecen y se perfeccionan cada d\u00eda. La misma polic\u00eda y los yanakonas es la que cuida los predios que lxs ricxs le han robado a nuestros pueblos, la que nos golpea en las marchas, llega con sus tanquetas a las comunidades, invade las calles de nuestras poblaciones y encarcela y asesina a lxs nuestrxs.<br \/>\nSin ir m\u00e1s lejos, durante estos meses el gobierno del delincuente $ebasti\u00e1n Pi\u00f1era junto al lacayo poder legislativo ha decretado el estado de excepcion para una parte del Wallmapu, luego de preparar un escenario medi\u00e1tico (con el apoyo de la prensa tradicional) de supuesto \u00abnarco-terrorismo desenfrenado\u00bb en su zona macrosur, coronado por la presion de camioneros -gremio que hist\u00f3ricamente nunca ha dudado en prestarse para los montajes que sirvan a la derecha fascista de este pa\u00eds. Sabemos que este decreto no es otra cosa que el avance militar que hace tiempo buscaban, como respuesta al gran aumento en el n\u00famero de recuperaciones territoriales por parte de las comunidades. La mayor\u00eda de \u00e9stas han afectado al gran latifundio agr\u00edcola (Kunz, Garc\u00eda,etc.) Y a extensos predios dispuestos para el negocio forestal, que pertenecen a los grupos econ\u00f3micos m\u00e1s influyentes de este pa\u00eds, c\u00f3mo forestal Mininco y forestal Arauco (Matte y Angelini), entre otros.<\/p>\n<p>Kila._ Las fuerzas armadas y de orden han demostrado entonces no ser otra cosa que la bala que protege a lxs verdaderxs asesinxs: lxs ricxs y poderosxs, quienes se amparan en un Estado latifundistas que dicta las leyes para ellxs y dirige sus fuerzas contra quienes se les oponen o atentan sus intereses ($$$). C\u00f3mo qued\u00f3 tambi\u00e9n de manifiesto durante la revuelta social de octubre, en la que no dudaron en disparar a su propio pueblo, al ver cuestionadas sus pol\u00edticas de miseria.<\/p>\n<p>Meli._Corren tiempos dif\u00edciles, nuestra mapu ha sido ya muy golpeada por el inter\u00e9s capitalista: los r\u00edos se secan, los bosques se destruyen, ya se habla de la crisis del agua que se nos viene, la devastaci\u00f3n contin\u00faa a pasos agigantados. En este punto, hacemos un llamado a organizarnos, lejos de las instituciones que ellxs mismxs han preparado bajo sus reglas (como la actual convenci\u00f3n constituyente), pero no por eso descuidando los avances que hacen en materia de leyes, ya que de esa manera igual nos van achicando la cancha, poniendo candados a nuestra posibilidad de organizaci\u00f3n, y d\u00e1ndose m\u00e1s licencias con sus leyes malditas para reprimirnos, saquear y destruir la tierra.<\/p>\n<p>Kayu._Por todo lo anterior -y por mucho m\u00e1s- QUEREMOS CONVOCAR A TODOS LOS TERRITORIOS A ACTIVAR UNA JORNADA DE AGITACI\u00d3N Y PROPAGANDA;<br \/>\nCHEM DE RESISTENCIA: CONTRA LA VIOLENCIA DE ESTE E$TADO POLICIAL\/LATIFUNDISTA QUE HOY TIENE SITIADO A LAS DIVERSOS LOF DEL WALLMAPU QUE PERSIGUE Y MATAN A TODA PERSONA QUE LUCHA POR LA RECUPERACI\u00d3N DEL AGUA, DE LA MAPU, DE LA LIBERTAD Y LA DIGNIDAD.<br \/>\nIniciando \u00e9sta el 19 al 31 de DICIEMBRE con una campa\u00f1a con afiches\/propaganda \/ diversas acciones de solidaridad con el pueblo mapuche.<\/p>\n<p>Que no se apague la llama que por estos d\u00edas ha vuelto a encenderse, \u00a1sigamos encontr\u00e1ndonos y conversando, compartiendo experiencias, tendiendo nuestras manos en solidaridad, organiz\u00e1ndonos y haci\u00e9ndonos fuertes, superando juntxs el llafkun (divisi\u00f3n) y kvtran (enfermedad) que nos aqueja, y as\u00ed encontrando la manera de golpearlxs y recuperar lo que es nuestro, nuestro kvme mongen, la vida!<br \/>\nAmulepe tai\u00f1 weichan!!!<\/p>\n<div class=\"wp-block-image\">\n<figure class=\"aligncenter size-large\"><img loading=\"lazy\" decoding=\"async\" class=\"wp-image-25879\" src=\"https:\/\/radiokurruf.org\/wp-content\/uploads\/2021\/12\/convocatoria-jornada-solidaridad-con-wallmapu-565x800.jpeg\" sizes=\"auto, (min-width: 0px) and (max-width: 480px) 480px, (min-width: 481px) 565px, 100vw\" srcset=\"https:\/\/radiokurruf.org\/wp-content\/uploads\/2021\/12\/convocatoria-jornada-solidaridad-con-wallmapu-565x800.jpeg 565w, https:\/\/radiokurruf.org\/wp-content\/uploads\/2021\/12\/convocatoria-jornada-solidaridad-con-wallmapu-480x680.jpeg 480w\" alt=\"\" width=\"565\" height=\"800\" \/><\/figure>\n<\/div>\n<p>Enviado a la radio.<\/p>\n<\/div>\n<\/div>\n<\/div>\n<\/div>\n<div class=\"et_pb_section et_pb_section_3_tb_body et_section_regular\"><\/div>\n<p><\/p>","protected":false},"excerpt":{"rendered":"<p>\u00abQUEREMOS CONVOCAR A TODOS LOS TERRITORIOS A ACTIVAR UNA JORNADA DE AGITACI\u00d3N Y PROPAGANDA; CHEM DE RESISTENCIA: CONTRA LA VIOLENCIA DE ESTE E$TADO POLICIAL\/LATIFUNDISTA QUE HOY TIENE SITIADO A LAS DIVERSOS LOF DEL WALLMAPU QUE PERSIGUE Y MATAN A TODA PERSONA QUE LUCHA POR LA RECUPERACI\u00d3N DEL AGUA, DE LA MAPU, DE LA LIBERTAD Y [&hellip;]<\/p>\n","protected":false},"author":21,"featured_media":40693,"comment_status":"open","ping_status":"closed","sticky":false,"template":"","format":"standard","meta":{"footnotes":""},"categories":[51,826],"tags":[79,58,53,1305,567,147,37,545,87,148,27,483,1242],"class_list":["post-40692","post","type-post","status-publish","format-standard","has-post-thumbnail","hentry","category-autor","category-medios-libres-2","tag-autonomia","tag-derechos-humanos","tag-justicia","tag-latinoamerica","tag-megaproyectos","tag-militarizacion","tag-presos-politicos","tag-pueblos-indigenas","tag-represion","tag-resistencia","tag-solidaridad","tag-tierra-y-territorio","tag-wallmapu"],"_links":{"self":[{"href":"https:\/\/radiozapatista.org\/index.php?rest_route=\/wp\/v2\/posts\/40692","targetHints":{"allow":["GET"]}}],"collection":[{"href":"https:\/\/radiozapatista.org\/index.php?rest_route=\/wp\/v2\/posts"}],"about":[{"href":"https:\/\/radiozapatista.org\/index.php?rest_route=\/wp\/v2\/types\/post"}],"author":[{"embeddable":true,"href":"https:\/\/radiozapatista.org\/index.php?rest_route=\/wp\/v2\/users\/21"}],"replies":[{"embeddable":true,"href":"https:\/\/radiozapatista.org\/index.php?rest_route=%2Fwp%2Fv2%2Fcomments&post=40692"}],"version-history":[{"count":1,"href":"https:\/\/radiozapatista.org\/index.php?rest_route=\/wp\/v2\/posts\/40692\/revisions"}],"predecessor-version":[{"id":40694,"href":"https:\/\/radiozapatista.org\/index.php?rest_route=\/wp\/v2\/posts\/40692\/revisions\/40694"}],"wp:featuredmedia":[{"embeddable":true,"href":"https:\/\/radiozapatista.org\/index.php?rest_route=\/wp\/v2\/media\/40693"}],"wp:attachment":[{"href":"https:\/\/radiozapatista.org\/index.php?rest_route=%2Fwp%2Fv2%2Fmedia&parent=40692"}],"wp:term":[{"taxonomy":"category","embeddable":true,"href":"https:\/\/radiozapatista.org\/index.php?rest_route=%2Fwp%2Fv2%2Fcategories&post=40692"},{"taxonomy":"post_tag","embeddable":true,"href":"https:\/\/radiozapatista.org\/index.php?rest_route=%2Fwp%2Fv2%2Ftags&post=40692"}],"curies":[{"name":"wp","href":"https:\/\/api.w.org\/{rel}","templated":true}]}}