{"id":40678,"date":"2021-12-15T14:57:52","date_gmt":"2021-12-15T20:57:52","guid":{"rendered":"https:\/\/radiozapatista.org\/?p=40678"},"modified":"2022-02-20T09:01:58","modified_gmt":"2022-02-20T15:01:58","slug":"subcomandante-insurgente-moises-gracias","status":"publish","type":"post","link":"https:\/\/radiozapatista.org\/?p=40678","title":{"rendered":"[:es]Subcomandante Insurgente Mois\u00e9s: Gracias[:en]Subcomandante Insurgente Mois\u00e9s: Thank you[:]"},"content":{"rendered":"<p>[:es]<small>Fuente: <a href=\"https:\/\/enlacezapatista.ezln.org.mx\/2021\/12\/15\/gracias\/\" target=\"_blank\" rel=\"noopener\">Enlace Zapatista<\/a><\/small><\/p>\n<p><a href=\"https:\/\/enlacezapatista.ezln.org.mx\/2021\/12\/15\/tak-skal-du-have\/\">Dansk<\/a>\u00a0(Dan\u00e9s)<br \/>\n<a href=\"https:\/\/enlacezapatista.ezln.org.mx\/2021\/12\/15\/danke-schon\/\">Deutsch \u00dcbersetzung<\/a>\u00a0(Alem\u00e1n)<br \/>\n<a href=\"https:\/\/enlacezapatista.ezln.org.mx\/2021\/12\/15\/obrigada\/\">Tradu\u00e7\u00e3o em portug\u00eas<\/a>\u00a0(Portugu\u00e9s)<br \/>\n<a href=\"https:\/\/enlacezapatista.ezln.org.mx\/2021\/12\/16\/eskerrik-asko\/\">Euskarazko Itzulpena<\/a>\u00a0(Euskera)<br \/>\n<a href=\"https:\/\/enlacezapatista.ezln.org.mx\/2021\/12\/16\/grazie\/\">Traduzione Italiano<\/a>\u00a0(Italiano)<br \/>\n<a href=\"https:\/\/radiozapatista.org\/?p=40678&amp;lang=en\">English Translation<\/a>\u00a0(Ingl\u00e9s)<br \/>\n<a href=\"https:\/\/enlacezapatista.ezln.org.mx\/2021\/12\/17\/merci\/\">Traduction en Fran\u00e7ais<\/a>\u00a0(Franc\u00e9s)<br \/>\n<a href=\"https:\/\/enlacezapatista.ezln.org.mx\/2021\/12\/22\/hvala-vam\/\">Slovenski prevod<\/a>\u00a0(Esloveno)<br \/>\n<a href=\"https:\/\/enlacezapatista.ezln.org.mx\/2021\/12\/29\/%d9%85%d8%aa%d8%b4%da%a9%d8%b1%d9%85\/\">\u0641\u0627\u0631\u0633\u06cc<\/a>\u00a0(Farsi)<br \/>\n<a href=\"https:\/\/enlacezapatista.ezln.org.mx\/2022\/01\/03\/%cf%83%ce%b1%cf%82-%ce%b5%cf%85%cf%87%ce%b1%cf%81%ce%b9%cf%83%cf%84%ce%bf%cf%8d%ce%bc%ce%b5\/\">\u0395\u03bb\u03bb\u03b7\u03bd\u03b9\u03ba\u03ae \u03bc\u03b5\u03c4\u03ac\u03c6\u03c1\u03b1\u03c3\u03b7<\/a>\u00a0 (Griego)<br \/>\n<a href=\"https:\/\/enlacezapatista.ezln.org.mx\/2022\/01\/08\/%d1%81%d0%bf%d0%b0%d1%81%d0%b8%d0%b1%d0%be\/\">\u041f\u0435\u0440\u0435\u0432\u043e\u0434 \u043d\u0430 \u0440\u0443\u0441\u0441\u043a\u0438\u0439 \u044f\u0437\u044b\u043a<\/a> (Ruso)<\/p>\n<p style=\"text-align: center;\"><strong>Comisi\u00f3n Sexta Zapatista.<br \/>\n<\/strong>Coordinaci\u00f3n Traves\u00eda por la Vida-Cap\u00edtulo Europa.<\/p>\n<p>14 de Diciembre del 2021.<\/p>\n<p>A las organizaciones, movimientos, grupos, colectivos, pueblos originarios, e individualidades de las distintas geograf\u00edas de la tierra ahora conocida como <em>Slumil K\u00b4ajxemk\u00b4op.<\/em><\/p>\n<p>De la Delegaci\u00f3n Zapatista La Extempor\u00e1nea.<\/p>\n<p>Compa\u00f1eras, <strong><em>compa\u00f1eroas<\/em><\/strong>, compa\u00f1eros:<br \/>\n<strong><em>Hermanoas<\/em><\/strong>, hermanas, hermanos.<\/p>\n<p>Les saludamos desde las monta\u00f1as del Sureste Mexicano y les avisamos que ya todas las compa\u00f1eras y compa\u00f1eros de la delegaci\u00f3n a\u00e9reo-transportada que, durante los meses de septiembre, octubre, noviembre y diciembre de este a\u00f1o del 2021, les visitaron en sus respectivas geograf\u00edas, ya est\u00e1n en sus respectivos pueblos y posiciones.<\/p>\n<p>A las 21:34 hora zapatista -20:34 hora de M\u00e9xico-, de este 14 de diciembre: las 03:34 del 15 de diciembre, hora de Slumil K\u00b4ajxemk\u00b4op, se confirm\u00f3 que todas y todos est\u00e1n ya en sus parajes, poblados y posiciones.<\/p>\n<p>Llegamos todas y todos con bien, completos y sanos.\u00a0 Aunque tod@s estamos movidos y conmovidos por los d\u00edas y noches que nos permitieron compartir con ustedes.\u00a0 Regresamos con una herida en el coraz\u00f3n que es de vida.\u00a0 Una herida que no dejaremos que se cierre.<\/p>\n<p>Ahora nos toca revisar nuestros apuntes para informar a nuestros pueblos y comunidades de todo lo que aprendimos y recibimos de ustedes: sus historias, sus luchas, su resistencia, su insumiso existir.\u00a0 Y, sobre todo, el abrazo de humanidad que recibimos de sus corazones.<\/p>\n<p>Todo lo que les llevamos fue de nuestros pueblos.\u00a0 Todo lo que recibimos de ustedes, es para nuestras comunidades.<\/p>\n<p>Por todo eso, p<em>or su hospitalidad, por su fraternidad, por su palabra, por su o\u00eddo, por su mirada, por sus alimentos, por sus bebidas, por su hospedaje, por su compa\u00f1\u00eda, por su historia, por el abrazo colectivo del coraz\u00f3n que son, les decimos:<\/em><\/p>\n<p style=\"text-align: center;\"><em><strong>Kiitos<br \/>\n<\/strong><\/em><em><strong>Danke sch\u00f6n<br \/>\n<\/strong><\/em><em><strong>Hvala ti<br \/>\n<\/strong><\/em><em><strong>\u0411\u043b\u0430\u0433\u043e\u0434\u0430\u0440\u044f \u0442\u0438<br \/>\n<\/strong><\/em><em><strong>Gr\u00e0cies<br \/>\n<\/strong><\/em><em><strong>D\u011bkuju<br \/>\n<\/strong><\/em><em><strong>Grazie<br \/>\n<\/strong><\/em><em><strong>Hvala vam<br \/>\n<\/strong><\/em><em><strong>Tak skal du have<br \/>\n<\/strong><\/em><em><strong>\u010eakujem<br \/>\n<\/strong><\/em><em><strong>Ait\u00e4h<br \/>\n<\/strong><\/em><em><strong>Eskerrik asko<br \/>\n<\/strong><\/em><em><strong>Merci<br \/>\n<\/strong><\/em><em><strong>Diolch<br \/>\n<\/strong><\/em><em><strong>Grazas<br \/>\n<\/strong><\/em><em><strong>\u03a3\u03b1\u03c2 \u03b5\u03c5\u03c7\u03b1\u03c1\u03b9\u03c3\u03c4\u03ce<br \/>\n<\/strong><\/em><em><strong>K\u00f6sz\u00f6n\u00f6m<br \/>\n<\/strong><\/em><em><strong>Thanks<br \/>\n<\/strong><\/em><em><strong>Go raibh maith agat<br \/>\n<\/strong><\/em><em><strong>Paldies<br \/>\n<\/strong><\/em><em><strong>A\u010di\u016b<br \/>\n<\/strong><\/em><em><strong>\u0412\u0438 \u0431\u043b\u0430\u0433\u043e\u0434\u0430\u0440\u0430\u043c<br \/>\n<\/strong><\/em><em><strong>Takk skal du ha<br \/>\n<\/strong><\/em><em><strong>Dzi\u0119kuj\u0119 Ci<br \/>\n<\/strong><\/em><em><strong>Obrigada<br \/>\n<\/strong><\/em><em><strong>Mul\u021bumesc<br \/>\n<\/strong><\/em><em><strong>\u0421\u043f\u0430\u0441\u0438\u0431\u043e<br \/>\n<\/strong><\/em><em><strong>\u0425\u0432\u0430\u043b\u0430 \u0432\u0430\u043c<br \/>\n<\/strong><\/em><em><strong>Tack<br \/>\n<\/strong><\/em><em><strong>Te\u015fekk\u00fcrler<\/strong><\/em><\/p>\n<p style=\"text-align: center;\"><em><strong>\u00a1Gracias <\/strong><\/em><strong><em>SLUMIL K\u00b4AJXEMK\u00b4OP<\/em><\/strong><em>!<\/em><\/p>\n<p>Pronto nos comunicaremos de nuevo con ustedes, porque la lucha por la vida no ha terminado.\u00a0 Tenemos todav\u00eda mucho que aprenderles y mucho que abrazarles.<\/p>\n<p>Hasta pronto, compas.<\/p>\n<p>Desde las monta\u00f1as del Sureste Mexicano.<br \/>\nA nombre de La Extempor\u00e1nea Zapatista.<\/p>\n<p>Subcomandante Insurgente Mois\u00e9s.<br \/>\nCoordinador.<br \/>\nM\u00e9xico, Diciembre del 2021.[:en]<small>Source: <a href=\"https:\/\/enlacezapatista.ezln.org.mx\/2021\/12\/17\/thank-you\/\" target=\"_blank\" rel=\"noopener\">Enlace Zapatista<\/a><\/small><\/p>\n<p><a href=\"https:\/\/enlacezapatista.ezln.org.mx\/2021\/12\/15\/tak-skal-du-have\/\">Dansk<\/a>\u00a0(Dan\u00e9s)<br \/>\n<a href=\"https:\/\/enlacezapatista.ezln.org.mx\/2021\/12\/15\/danke-schon\/\">Deutsch \u00dcbersetzung<\/a>\u00a0(Alem\u00e1n)<br \/>\n<a href=\"https:\/\/enlacezapatista.ezln.org.mx\/2021\/12\/15\/obrigada\/\">Tradu\u00e7\u00e3o em portug\u00eas<\/a>\u00a0(Portugu\u00e9s)<br \/>\n<a href=\"https:\/\/enlacezapatista.ezln.org.mx\/2021\/12\/16\/eskerrik-asko\/\">Euskarazko Itzulpena<\/a>\u00a0(Euskera)<br \/>\n<a href=\"https:\/\/enlacezapatista.ezln.org.mx\/2021\/12\/16\/grazie\/\">Traduzione Italiano<\/a>\u00a0(Italiano)<br \/>\n<a href=\"https:\/\/radiozapatista.org\/?p=40678\">Original en espa\u00f1ol<\/a>\u00a0(Espa\u00f1ol)<br \/>\n<a href=\"https:\/\/enlacezapatista.ezln.org.mx\/2021\/12\/17\/merci\/\">Traduction en Fran\u00e7ais<\/a>\u00a0(Franc\u00e9s)<br \/>\n<a href=\"https:\/\/enlacezapatista.ezln.org.mx\/2021\/12\/22\/hvala-vam\/\">Slovenski prevod<\/a>\u00a0(Esloveno)<br \/>\n<a href=\"https:\/\/enlacezapatista.ezln.org.mx\/2021\/12\/29\/%d9%85%d8%aa%d8%b4%da%a9%d8%b1%d9%85\/\">\u0641\u0627\u0631\u0633\u06cc<\/a>\u00a0(Farsi)<br \/>\n<a href=\"https:\/\/enlacezapatista.ezln.org.mx\/2022\/01\/03\/%cf%83%ce%b1%cf%82-%ce%b5%cf%85%cf%87%ce%b1%cf%81%ce%b9%cf%83%cf%84%ce%bf%cf%8d%ce%bc%ce%b5\/\">\u0395\u03bb\u03bb\u03b7\u03bd\u03b9\u03ba\u03ae \u03bc\u03b5\u03c4\u03ac\u03c6\u03c1\u03b1\u03c3\u03b7<\/a>\u00a0 (Griego)<br \/>\n<a href=\"https:\/\/enlacezapatista.ezln.org.mx\/2022\/01\/08\/%d1%81%d0%bf%d0%b0%d1%81%d0%b8%d0%b1%d0%be\/\">\u041f\u0435\u0440\u0435\u0432\u043e\u0434 \u043d\u0430 \u0440\u0443\u0441\u0441\u043a\u0438\u0439 \u044f\u0437\u044b\u043a<\/a> (Ruso)<\/p>\n<p style=\"text-align: center;\"><strong>Zapatista Sixth Commission<\/strong><br \/>\n<strong>Coordinating Team for the Journey for Life: Europe Chapter<\/strong><\/p>\n<p>December 14, 2021<\/p>\n<p>To the organizations, movements, groups, collectives, originary peoples and individuals from the different geographies of the land today known as \u201cSlumil K&#8217;ajxemk&#8217;op\u201d.<a href=\"#_ftn1\" name=\"_ftnref1\">[1]<\/a><\/p>\n<p>From the Zapatista Extemporaneous<em> [La Extempor\u00e1nea]<\/em><a href=\"#_ftn2\" name=\"_ftnref2\">[2]<\/a> delegation:<\/p>\n<p><em>Compa\u00f1eras, compa\u00f1eroas, compa\u00f1eros:<\/em><\/p>\n<p><em>Hermanoas<\/em>, sisters, and brothers:<\/p>\n<p>We send you warm greetings from the mountains of southeastern Mexico and can report that all of the <em>compa\u00f1eras <\/em>and <em>compa\u00f1eros <\/em>from the airborne delegation who visited you all in each of your geographies during the months of September, October, November, and December of 2021 have returned to their respective towns and positions.<\/p>\n<p>As of 9:34 PM Zapatista time (8:34 PM Mexico time) on December 14, or 3:34 AM on December 15 Slumil K\u00b4ajxemk\u00b4op time, everyone had arrived at their respective villages, towns, and positions.<\/p>\n<p>Each of us returned in one piece and in good health. We are all moved and touched by the days and nights that you allowed us to share with you, and we return with a life-long wound in our hearts which we will not allow to close.<\/p>\n<p>It is now time for us to review our notes to inform our towns and communities of all that we learned and received from you: your histories, your struggles, your resistance, your indomitable existence, and above all, the embrace of humanity we felt from each of your hearts.<\/p>\n<p>Everything we brought you came from our people. Everything we received from you is for our communities.<\/p>\n<p>For all this\u2013<em>for your hospitality, your fellowship, your word, your listening, your gaze, your food and drink, your lodging, your company, your history and for the collective embrace from the heart that you are\u2013we say:<\/em><br \/>\n<!--more--><\/p>\n<p align=\"center\"><strong><em>Kiitos<\/em><\/strong><br \/>\n<strong><em>Danke sch\u00f6n<\/em><\/strong><br \/>\n<strong><em>Hvala ti<\/em><\/strong><br \/>\n<strong><em>\u0411\u043b\u0430\u0433\u043e\u0434\u0430\u0440\u044f \u0442\u0438<\/em><\/strong><br \/>\n<strong><em>Gr\u00e0cies<\/em><\/strong><br \/>\n<strong><em>D\u011bkuju<\/em><\/strong><br \/>\n<strong><em>Grazie<\/em><\/strong><br \/>\n<strong><em>Hvala vam<\/em><\/strong><br \/>\n<strong><em>Tak skal du have<\/em><\/strong><br \/>\n<strong><em>\u010eakujem<\/em><\/strong><br \/>\n<strong><em>Ait\u00e4h<\/em><\/strong><br \/>\n<strong><em>Eskerrik asko<\/em><\/strong><br \/>\n<strong><em>Merci<\/em><\/strong><br \/>\n<strong><em>Diolch<\/em><\/strong><br \/>\n<strong><em>Grazas<\/em><\/strong><br \/>\n<strong><em>\u03a3\u03b1\u03c2 \u03b5\u03c5\u03c7\u03b1\u03c1\u03b9\u03c3\u03c4\u03ce<\/em><\/strong><br \/>\n<strong><em>K\u00f6sz\u00f6n\u00f6m<\/em><\/strong><br \/>\n<strong><em>Thanks<\/em><\/strong><br \/>\n<strong><em>Go raibh maith agat<\/em><\/strong><br \/>\n<strong><em>Paldies<\/em><\/strong><br \/>\n<strong><em>A\u010di\u016b<\/em><\/strong><br \/>\n<strong><em>\u0412\u0438 \u0431\u043b\u0430\u0433\u043e\u0434\u0430\u0440\u0430\u043c<\/em><\/strong><br \/>\n<strong><em>Takk skal du ha<\/em><\/strong><br \/>\n<strong><em>Dzi\u0119kuj\u0119 Ci<\/em><\/strong><br \/>\n<strong><em>Obrigada<\/em><\/strong><br \/>\n<strong><em>Mul\u021bumesc<\/em><\/strong><br \/>\n<strong><em>\u0421\u043f\u0430\u0441\u0438\u0431\u043e<\/em><\/strong><br \/>\n<strong><em>\u0425\u0432\u0430\u043b\u0430 \u0432\u0430\u043c<\/em><\/strong><br \/>\n<strong><em>Tack<\/em><\/strong><br \/>\n<strong><em>Te\u015fekk\u00fcrler<\/em><\/strong><br \/>\n<strong><em>Thank you <\/em><\/strong><em><strong>SLUMIL K\u00b4AJXEMK\u00b4OP<\/strong>!<\/em><\/p>\n<p>We will be in communication with you again soon, because the fight for life is not over. We still have so much to learn from and share with you.<\/p>\n<p>See you soon, <em>compas.<\/em><\/p>\n<p>From the mountains of southeastern Mexico.<\/p>\n<p>In the name of the Zapatista Extemporaneous [<em>La Extempor\u00e1nea]<\/em><\/p>\n<p>Subcomandante Insurgente Mois\u00e9s<br \/>\nCoordinator<br \/>\nMexico, December 2021.<\/p>\n<p>&nbsp;<\/p>\n<hr \/>\n<p><a href=\"#_ftnref1\" name=\"_ftn1\">[1]<\/a> See the EZLN\u2019s renaming of Europe: <a href=\"https:\/\/enlacezapatista.ezln.org.mx\/2021\/04\/20\/421st-squadron\/\">https:\/\/enlacezapatista.ezln.org.mx\/2021\/04\/20\/421st-squadron\/<\/a><\/p>\n<p><a href=\"#_ftnref2\" name=\"_ftn2\">[2]<\/a> See the EZLN\u2019s August 17, 2021 communique for an explanation of the use of \u201c<em>La Extempor\u00e1nea\u201d <\/em>[the extemporaneous]<em>:<\/em> https:\/\/enlacezapatista.ezln.org.mx\/2021\/08\/17\/only-500-years-later\/[:]<\/p>\n","protected":false},"excerpt":{"rendered":"<p>[:es]Fuente: Enlace Zapatista Dansk\u00a0(Dan\u00e9s) Deutsch \u00dcbersetzung\u00a0(Alem\u00e1n) Tradu\u00e7\u00e3o em portug\u00eas\u00a0(Portugu\u00e9s) Euskarazko Itzulpena\u00a0(Euskera) Traduzione Italiano\u00a0(Italiano) English Translation\u00a0(Ingl\u00e9s) Traduction en Fran\u00e7ais\u00a0(Franc\u00e9s) Slovenski prevod\u00a0(Esloveno) \u0641\u0627\u0631\u0633\u06cc\u00a0(Farsi) \u0395\u03bb\u03bb\u03b7\u03bd\u03b9\u03ba\u03ae \u03bc\u03b5\u03c4\u03ac\u03c6\u03c1\u03b1\u03c3\u03b7\u00a0 (Griego) \u041f\u0435\u0440\u0435\u0432\u043e\u0434 \u043d\u0430 \u0440\u0443\u0441\u0441\u043a\u0438\u0439 \u044f\u0437\u044b\u043a (Ruso) Comisi\u00f3n Sexta Zapatista. Coordinaci\u00f3n Traves\u00eda por la Vida-Cap\u00edtulo Europa. 14 de Diciembre del 2021. A las organizaciones, movimientos, grupos, colectivos, pueblos originarios, e individualidades de las [&hellip;]<\/p>\n","protected":false},"author":21,"featured_media":40684,"comment_status":"open","ping_status":"closed","sticky":false,"template":"","format":"standard","meta":{"footnotes":""},"categories":[957,51,1318,6,118,955,956],"tags":[917,644,36,920,926,147,545,87,148,27,483,1317],"class_list":["post-40678","post","type-post","status-publish","format-standard","has-post-thumbnail","hentry","category-autonomia","category-autor","category-caravana-zapatista-a-europa","category-chiapas","category-ezln","category-ezln-temas","category-sexta","tag-chiapas","tag-comunicados-ezln","tag-comunidades-zapatistas","tag-europa","tag-ezln","tag-militarizacion","tag-pueblos-indigenas","tag-represion","tag-resistencia","tag-solidaridad","tag-tierra-y-territorio","tag-travesia-por-la-vida"],"_links":{"self":[{"href":"https:\/\/radiozapatista.org\/index.php?rest_route=\/wp\/v2\/posts\/40678","targetHints":{"allow":["GET"]}}],"collection":[{"href":"https:\/\/radiozapatista.org\/index.php?rest_route=\/wp\/v2\/posts"}],"about":[{"href":"https:\/\/radiozapatista.org\/index.php?rest_route=\/wp\/v2\/types\/post"}],"author":[{"embeddable":true,"href":"https:\/\/radiozapatista.org\/index.php?rest_route=\/wp\/v2\/users\/21"}],"replies":[{"embeddable":true,"href":"https:\/\/radiozapatista.org\/index.php?rest_route=%2Fwp%2Fv2%2Fcomments&post=40678"}],"version-history":[{"count":4,"href":"https:\/\/radiozapatista.org\/index.php?rest_route=\/wp\/v2\/posts\/40678\/revisions"}],"predecessor-version":[{"id":41213,"href":"https:\/\/radiozapatista.org\/index.php?rest_route=\/wp\/v2\/posts\/40678\/revisions\/41213"}],"wp:featuredmedia":[{"embeddable":true,"href":"https:\/\/radiozapatista.org\/index.php?rest_route=\/wp\/v2\/media\/40684"}],"wp:attachment":[{"href":"https:\/\/radiozapatista.org\/index.php?rest_route=%2Fwp%2Fv2%2Fmedia&parent=40678"}],"wp:term":[{"taxonomy":"category","embeddable":true,"href":"https:\/\/radiozapatista.org\/index.php?rest_route=%2Fwp%2Fv2%2Fcategories&post=40678"},{"taxonomy":"post_tag","embeddable":true,"href":"https:\/\/radiozapatista.org\/index.php?rest_route=%2Fwp%2Fv2%2Ftags&post=40678"}],"curies":[{"name":"wp","href":"https:\/\/api.w.org\/{rel}","templated":true}]}}