{"id":4049,"date":"2011-08-31T03:59:09","date_gmt":"2011-08-31T08:59:09","guid":{"rendered":"https:\/\/radiozapatista.org\/?p=4049"},"modified":"2012-08-07T10:16:52","modified_gmt":"2012-08-07T15:16:52","slug":"late-la-tierra-en-las-veredas-de-la-resistencia-informe-2010-del-frayba","status":"publish","type":"post","link":"https:\/\/radiozapatista.org\/?p=4049","title":{"rendered":"Late la tierra en las veredas de la resistencia: Informe 2010 del Frayba"},"content":{"rendered":"<p>El Centro de Derechos Humanos Fray Bartolom\u00e9 de Las Casas present\u00f3 su informe, \u201c<a href=\"http:\/\/es.scribd.com\/doc\/63619260\/Late-la-tierra-en-las-veredas-de-la-resistencia-informe2010\" target=\"_blank\">Late la tierra en las veredas de la resistencia<\/a>\u201d, una mirada a las experiencias de lucha de los pueblos de Chiapas en la defensa de sus derechos, informe 2010.<\/p>\n<p>Introducci\u00f3n: V\u00edctor Hugo L\u00f3pez Rodr\u00edguez &#8211; director del Frayba[podcast]https:\/\/radiozapatista.org\/Audios\/informe_frayba_2010\/intro_victor.mp3[\/podcast]<\/p>\n<p>Mtra. Magdalena G\u00f3mez &#8211; defensora de los derechos de los pueblos ind\u00edgenas[podcast]https:\/\/radiozapatista.org\/Audios\/informe_frayba_2010\/magda_gomez.mp3[\/podcast]<\/p>\n<p>Manuel G\u00f3mez Deara &#8211; ejidatario de San Sebasti\u00e1n Bachaj\u00f3n, adherentes a la Otra Campa\u00f1a[podcast]https:\/\/radiozapatista.org\/Audios\/informe_frayba_2010\/manuel_gomez_deara.mp3[\/podcast]<\/p>\n<p>Guadalupe Li\u00e9vano y Emperatriz Gonz\u00e1lez &#8211; Integrantes del Centro de Derechos Humanos Digna Ochoa, Tonal\u00e1[podcast]https:\/\/radiozapatista.org\/Audios\/informe_frayba_2010\/CDHDO.mp3[\/podcast]<\/p>\n<p>Sara M\u00e9ndez &#8211; Integrante del Comit\u00e9 de Defensa Integral de Derechos Humanos Gobixha, Oaxaca[podcast]https:\/\/radiozapatista.org\/Audios\/informe_frayba_2010\/sara_mendez.mp3[\/podcast]<\/p>\n<p>Rafael Landerreche &#8211; Integrante de la parroquia de San Pedro Chenalh\u00f3[podcast]https:\/\/radiozapatista.org\/Audios\/informe_frayba_2010\/rafael_landerreche.mp3[\/podcast]<\/p>\n<p>Jorge Santiago Santiago &#8211; Integrante del Consejo Directivo del Frayba[podcast]https:\/\/radiozapatista.org\/Audios\/informe_frayba_2010\/jorge_santiago.mp3[\/podcast]<\/p>\n<p>Palabras finales: V\u00edctor Hugo L\u00f3pez Rodr\u00edguez &#8211; director del Frayba[podcast]https:\/\/radiozapatista.org\/Audios\/informe_frayba_2010\/palabras_finales.mp3[\/podcast]<\/p>\n<p><em>Ve el video de las palabras finales del Frayba abajo y lee\/descarga el informe completo:<\/em><!--more--><\/p>\n<p><a title=\"View Late la tierra en las veredas de la resistencia. informe2010 on Scribd\" href=\"http:\/\/www.scribd.com\/doc\/63619260\" style=\"margin: 12px auto 6px auto; font-family: Helvetica,Arial,Sans-serif; font-style: normal; font-variant: normal; font-weight: normal; font-size: 14px; line-height: normal; font-size-adjust: none; font-stretch: normal; -x-system-font: none; display: block; text-decoration: underline;\">Late la tierra en las veredas de la resistencia. informe2010<\/a><iframe loading=\"lazy\" class=\"scribd_iframe_embed\" src=\"http:\/\/www.scribd.com\/embeds\/63619260\/content?start_page=1&#038;view_mode=list\" data-auto-height=\"true\" data-aspect-ratio=\"\" scrolling=\"no\" id=\"doc_29879\" width=\"100%\" height=\"600\" frameborder=\"0\"><\/iframe><\/p>\n<p><object width=\"480\" height=\"296\" classid=\"clsid:d27cdb6e-ae6d-11cf-96b8-444553540000\"><param name=\"flashvars\" value=\"vid=16974580&amp;autoplay=false\"\/><param name=\"allowfullscreen\" value=\"true\"\/><param name=\"allowscriptaccess\" value=\"always\"\/><param name=\"src\" value=\"http:\/\/www.ustream.tv\/flash\/viewer.swf\"\/><embed flashvars=\"vid=16974580&amp;autoplay=false\" width=\"480\" height=\"296\" allowfullscreen=\"true\" allowscriptaccess=\"always\" src=\"http:\/\/www.ustream.tv\/flash\/viewer.swf\" type=\"application\/x-shockwave-flash\"><\/embed><\/object><br \/>\n<br \/><a href=\"http:\/\/www.ustream.tv\/\" style=\"padding: 2px 0px 4px; width: 400px; background: #ffffff; display: block; color: #000000; font-weight: normal; font-size: 10px; text-decoration: underline; text-align: center;\" target=\"_blank\">Video streaming by Ustream<\/a><\/p>","protected":false},"excerpt":{"rendered":"<p>El Centro de Derechos Humanos Fray Bartolom\u00e9 de Las Casas present\u00f3 su informe, \u201cLate la tierra en las veredas de la resistencia\u201d, una mirada a las experiencias de lucha de los pueblos de Chiapas en la defensa de sus derechos, informe 2010. Introducci\u00f3n: V\u00edctor Hugo L\u00f3pez Rodr\u00edguez &#8211; director del Frayba[podcast]https:\/\/radiozapatista.org\/Audios\/informe_frayba_2010\/intro_victor.mp3[\/podcast] Mtra. Magdalena G\u00f3mez &#8211; [&hellip;]<\/p>\n","protected":false},"author":1,"featured_media":0,"comment_status":"open","ping_status":"open","sticky":false,"template":"","format":"standard","meta":{"footnotes":""},"categories":[1,6,190,222],"tags":[58,925],"class_list":["post-4049","post","type-post","status-publish","format-standard","hentry","category-audio","category-chiapas","category-radiozapatista","category-video","tag-derechos-humanos","tag-frayba"],"_links":{"self":[{"href":"https:\/\/radiozapatista.org\/index.php?rest_route=\/wp\/v2\/posts\/4049","targetHints":{"allow":["GET"]}}],"collection":[{"href":"https:\/\/radiozapatista.org\/index.php?rest_route=\/wp\/v2\/posts"}],"about":[{"href":"https:\/\/radiozapatista.org\/index.php?rest_route=\/wp\/v2\/types\/post"}],"author":[{"embeddable":true,"href":"https:\/\/radiozapatista.org\/index.php?rest_route=\/wp\/v2\/users\/1"}],"replies":[{"embeddable":true,"href":"https:\/\/radiozapatista.org\/index.php?rest_route=%2Fwp%2Fv2%2Fcomments&post=4049"}],"version-history":[{"count":0,"href":"https:\/\/radiozapatista.org\/index.php?rest_route=\/wp\/v2\/posts\/4049\/revisions"}],"wp:attachment":[{"href":"https:\/\/radiozapatista.org\/index.php?rest_route=%2Fwp%2Fv2%2Fmedia&parent=4049"}],"wp:term":[{"taxonomy":"category","embeddable":true,"href":"https:\/\/radiozapatista.org\/index.php?rest_route=%2Fwp%2Fv2%2Fcategories&post=4049"},{"taxonomy":"post_tag","embeddable":true,"href":"https:\/\/radiozapatista.org\/index.php?rest_route=%2Fwp%2Fv2%2Ftags&post=4049"}],"curies":[{"name":"wp","href":"https:\/\/api.w.org\/{rel}","templated":true}]}}